{"id":1683,"date":"2026-09-02T13:43:31","date_gmt":"2026-09-02T11:43:31","guid":{"rendered":"https:\/\/coreondu.world\/?p=1683"},"modified":"2026-09-02T13:43:31","modified_gmt":"2026-09-02T11:43:31","slug":"sergio-graciano-y-coreon-du-reflexionan-sobre-el-futuro-de-la-creacion-audiovisual","status":"publish","type":"post","link":"https:\/\/coreondu.world\/pt\/sergio-graciano-y-coreon-du-reflexionan-sobre-el-futuro-de-la-creacion-audiovisual\/","title":{"rendered":"S\u00e9rgio Graciano e Cor\u00e9on D\u00fa refletem sobre o futuro da cria\u00e7\u00e3o audiovisual"},"content":{"rendered":"<p class=\"wp-block-paragraph\">El nuevo episodio de The Revolution Will Be Televised re\u00fane al director portugu\u00e9s S\u00e9rgio Graciano y a Cor\u00e9on D\u00fa para repasar una trayectoria marcada por la colaboraci\u00f3n entre Portugal y Angola, el reconocimiento internacional y los cambios que atraviesa la industria audiovisual.<\/p>\n\n\n\n<p class=\"wp-block-paragraph\">El cineasta, que ha trabajado tanto en cine como en televisi\u00f3n, comparte con Cor\u00e9on D\u00fa algunas de las experiencias que han marcado su carrera y reflexiona sobre la necesidad de moverse entre distintos formatos, mercados y lenguajes creativos.<\/p>\n\n\n\n<h3 class=\"wp-block-heading\"><strong>Una trayectoria construida entre Portugal y Angola<\/strong><\/h3>\n\n\n\n<p class=\"wp-block-paragraph\">La conversaci\u00f3n recupera algunas de las colaboraciones entre ambos profesionales, entre ellas Njinga, A Rainha de Angola, Windeck y Jikulumessu. Para Graciano, volver a Angola para rodar Njinga supuso reencontrarse con un pa\u00eds que ya conoc\u00eda y al que regres\u00f3 con una mirada diferente: \u201cAngola es un pa\u00eds supercinematogr\u00e1fico\u201d, explica durante el episodio.<\/p>\n\n\n\n<p class=\"wp-block-paragraph\">El realizador destaca tambi\u00e9n la evoluci\u00f3n de la industria audiovisual angole\u00f1a y el talento que ha ido desarroll\u00e1ndose durante los \u00faltimos a\u00f1os. En su opini\u00f3n, la producci\u00f3n y la experiencia acumulada ser\u00e1n determinantes para que el sector contin\u00fae creciendo y pueda alcanzar una mayor proyecci\u00f3n internacional.<\/p>\n\n\n\n<p class=\"wp-block-paragraph\">Su propia trayectoria tambi\u00e9n refleja esa conexi\u00f3n entre mercados. Despu\u00e9s de sus primeros trabajos en Angola, Graciano consolid\u00f3 su carrera en Portugal, trabajando tanto en cine como en televisi\u00f3n. Un recorrido que le ha llevado a situarse, seg\u00fan explica, en una posici\u00f3n intermedia entre ambos mundos.<\/p>\n\n\n\n<h3 class=\"wp-block-heading\"><a><\/a><strong>Crear sin quedar encasillado<\/strong><\/h3>\n\n\n\n<p class=\"wp-block-paragraph\">Uno de los temas centrales de la conversaci\u00f3n es precisamente la dificultad de encajar a los profesionales creativos en categor\u00edas cerradas. Graciano defiende una trayectoria h\u00edbrida, capaz de combinar cine, televisi\u00f3n y proyectos de diferente naturaleza.<\/p>\n\n\n\n<p class=\"wp-block-paragraph\">\u201cYo quiero estar en esta zona medio h\u00edbrida\u201d, se\u00f1ala el director, que considera que todav\u00eda existe cierto prejuicio hacia quienes trabajan simult\u00e1neamente en proyectos comerciales y autorales. Para \u00e9l, la oportunidad de moverse entre ambos espacios permite ampliar las posibilidades de creaci\u00f3n.<\/p>\n\n\n\n<p class=\"wp-block-paragraph\">La conversaci\u00f3n aborda tambi\u00e9n el impacto de las nuevas tecnolog\u00edas y de la inteligencia artificial en el audiovisual. Graciano considera que estas herramientas transformar\u00e1n la forma de hacer cine y televisi\u00f3n, pero defiende que siempre deber\u00e1 existir una persona detr\u00e1s de las decisiones creativas.<\/p>\n\n\n\n<p class=\"wp-block-paragraph\">M\u00e1s all\u00e1 de los premios y reconocimientos -entre ellos el International Emmy-, el director apuesta por seguir experimentando y aprendiendo. Para cerrar el encuentro, resume su visi\u00f3n sobre el trabajo creativo en una idea sencilla: \u201ccrear, crear, crear\u201d.<\/p>\n\n\n\n<p class=\"wp-block-paragraph\">A trav\u00e9s de esta conversaci\u00f3n, The Revolution Will Be Televised vuelve a poner el foco en las personas que trabajan detr\u00e1s de las producciones audiovisuales y en las transformaciones que est\u00e1n redefiniendo la manera de contar historias.<\/p>","protected":false},"excerpt":{"rendered":"<p>El nuevo episodio de The Revolution Will Be Televised re\u00fane al director portugu\u00e9s S\u00e9rgio Graciano y a Cor\u00e9on D\u00fa para repasar una trayectoria marcada por la colaboraci\u00f3n entre Portugal y Angola, el reconocimiento internacional y los cambios que atraviesa la industria audiovisual. El cineasta, que ha trabajado tanto en cine como en televisi\u00f3n, comparte con Cor\u00e9on D\u00fa algunas de las experiencias que han marcado su carrera y reflexiona sobre la necesidad de moverse entre distintos formatos, mercados y lenguajes creativos. Una trayectoria construida entre Portugal y Angola La conversaci\u00f3n recupera algunas de las colaboraciones entre ambos profesionales, entre ellas Njinga, A Rainha de Angola, Windeck y Jikulumessu. Para Graciano, volver a Angola para rodar Njinga supuso reencontrarse con un pa\u00eds que ya conoc\u00eda y al que regres\u00f3 con una mirada diferente: \u201cAngola es un pa\u00eds supercinematogr\u00e1fico\u201d, explica durante el episodio. El realizador destaca tambi\u00e9n la evoluci\u00f3n de la industria audiovisual angole\u00f1a y el talento que ha ido desarroll\u00e1ndose durante los \u00faltimos a\u00f1os. En su opini\u00f3n, la producci\u00f3n y la experiencia acumulada ser\u00e1n determinantes para que el sector contin\u00fae creciendo y pueda alcanzar una mayor proyecci\u00f3n internacional. Su propia trayectoria tambi\u00e9n refleja esa conexi\u00f3n entre mercados. Despu\u00e9s de sus primeros trabajos en Angola, Graciano consolid\u00f3 su carrera en Portugal, trabajando tanto en cine como en televisi\u00f3n. Un recorrido que le ha llevado a situarse, seg\u00fan explica, en una posici\u00f3n intermedia entre ambos mundos. Crear sin quedar encasillado Uno de los temas centrales de la conversaci\u00f3n es precisamente la dificultad de encajar a los profesionales creativos en categor\u00edas cerradas. Graciano defiende una trayectoria h\u00edbrida, capaz de combinar cine, televisi\u00f3n y proyectos de diferente naturaleza. \u201cYo quiero estar en esta zona medio h\u00edbrida\u201d, se\u00f1ala el director, que considera que todav\u00eda existe cierto prejuicio hacia quienes trabajan simult\u00e1neamente en proyectos comerciales y autorales. Para \u00e9l, la oportunidad de moverse entre ambos espacios permite ampliar las posibilidades de creaci\u00f3n. La conversaci\u00f3n aborda tambi\u00e9n el impacto de las nuevas tecnolog\u00edas y de la inteligencia artificial en el audiovisual. Graciano considera que estas herramientas transformar\u00e1n la forma de hacer cine y televisi\u00f3n, pero defiende que siempre deber\u00e1 existir una persona detr\u00e1s de las decisiones creativas. M\u00e1s all\u00e1 de los premios y reconocimientos -entre ellos el International Emmy-, el director apuesta por seguir experimentando y aprendiendo. Para cerrar el encuentro, resume su visi\u00f3n sobre el trabajo creativo en una idea sencilla: \u201ccrear, crear, crear\u201d. A trav\u00e9s de esta conversaci\u00f3n, The Revolution Will Be Televised vuelve a poner el foco en las personas que trabajan detr\u00e1s de las producciones audiovisuales y en las transformaciones que est\u00e1n redefiniendo la manera de contar historias.<\/p>","protected":false},"author":1,"featured_media":1684,"comment_status":"open","ping_status":"open","sticky":false,"template":"","format":"standard","meta":{"footnotes":""},"categories":[9,45],"tags":[],"class_list":["post-1683","post","type-post","status-publish","format-standard","has-post-thumbnail","hentry","category-i-du","category-its-happening"],"yoast_head":"<!-- This site is optimized with the Yoast SEO plugin v27.7 - https:\/\/yoast.com\/product\/yoast-seo-wordpress\/ -->\n<title>S\u00e9rgio Graciano y Cor\u00e9on D\u00fa reflexionan sobre el futuro de la creaci\u00f3n audiovisual - Coreon Du<\/title>\n<meta name=\"robots\" content=\"index, follow, max-snippet:-1, max-image-preview:large, max-video-preview:-1\" \/>\n<link rel=\"canonical\" href=\"https:\/\/coreondu.world\/pt\/sergio-graciano-y-coreon-du-reflexionan-sobre-el-futuro-de-la-creacion-audiovisual\/\" \/>\n<meta property=\"og:locale\" content=\"pt_PT\" \/>\n<meta property=\"og:type\" content=\"article\" \/>\n<meta property=\"og:title\" content=\"S\u00e9rgio Graciano y Cor\u00e9on D\u00fa reflexionan sobre el futuro de la creaci\u00f3n audiovisual - Coreon Du\" \/>\n<meta property=\"og:description\" content=\"El nuevo episodio de The Revolution Will Be Televised re\u00fane al director portugu\u00e9s S\u00e9rgio Graciano y a Cor\u00e9on D\u00fa para repasar una trayectoria marcada por la colaboraci\u00f3n entre Portugal y Angola, el reconocimiento internacional y los cambios que atraviesa la industria audiovisual. El cineasta, que ha trabajado tanto en cine como en televisi\u00f3n, comparte con Cor\u00e9on D\u00fa algunas de las experiencias que han marcado su carrera y reflexiona sobre la necesidad de moverse entre distintos formatos, mercados y lenguajes creativos. Una trayectoria construida entre Portugal y Angola La conversaci\u00f3n recupera algunas de las colaboraciones entre ambos profesionales, entre ellas Njinga, A Rainha de Angola, Windeck y Jikulumessu. Para Graciano, volver a Angola para rodar Njinga supuso reencontrarse con un pa\u00eds que ya conoc\u00eda y al que regres\u00f3 con una mirada diferente: \u201cAngola es un pa\u00eds supercinematogr\u00e1fico\u201d, explica durante el episodio. El realizador destaca tambi\u00e9n la evoluci\u00f3n de la industria audiovisual angole\u00f1a y el talento que ha ido desarroll\u00e1ndose durante los \u00faltimos a\u00f1os. En su opini\u00f3n, la producci\u00f3n y la experiencia acumulada ser\u00e1n determinantes para que el sector contin\u00fae creciendo y pueda alcanzar una mayor proyecci\u00f3n internacional. Su propia trayectoria tambi\u00e9n refleja esa conexi\u00f3n entre mercados. Despu\u00e9s de sus primeros trabajos en Angola, Graciano consolid\u00f3 su carrera en Portugal, trabajando tanto en cine como en televisi\u00f3n. Un recorrido que le ha llevado a situarse, seg\u00fan explica, en una posici\u00f3n intermedia entre ambos mundos. Crear sin quedar encasillado Uno de los temas centrales de la conversaci\u00f3n es precisamente la dificultad de encajar a los profesionales creativos en categor\u00edas cerradas. Graciano defiende una trayectoria h\u00edbrida, capaz de combinar cine, televisi\u00f3n y proyectos de diferente naturaleza. \u201cYo quiero estar en esta zona medio h\u00edbrida\u201d, se\u00f1ala el director, que considera que todav\u00eda existe cierto prejuicio hacia quienes trabajan simult\u00e1neamente en proyectos comerciales y autorales. Para \u00e9l, la oportunidad de moverse entre ambos espacios permite ampliar las posibilidades de creaci\u00f3n. La conversaci\u00f3n aborda tambi\u00e9n el impacto de las nuevas tecnolog\u00edas y de la inteligencia artificial en el audiovisual. Graciano considera que estas herramientas transformar\u00e1n la forma de hacer cine y televisi\u00f3n, pero defiende que siempre deber\u00e1 existir una persona detr\u00e1s de las decisiones creativas. M\u00e1s all\u00e1 de los premios y reconocimientos -entre ellos el International Emmy-, el director apuesta por seguir experimentando y aprendiendo. Para cerrar el encuentro, resume su visi\u00f3n sobre el trabajo creativo en una idea sencilla: \u201ccrear, crear, crear\u201d. A trav\u00e9s de esta conversaci\u00f3n, The Revolution Will Be Televised vuelve a poner el foco en las personas que trabajan detr\u00e1s de las producciones audiovisuales y en las transformaciones que est\u00e1n redefiniendo la manera de contar historias.\" \/>\n<meta property=\"og:url\" content=\"https:\/\/coreondu.world\/pt\/sergio-graciano-y-coreon-du-reflexionan-sobre-el-futuro-de-la-creacion-audiovisual\/\" \/>\n<meta property=\"og:site_name\" content=\"Coreon Du\" \/>\n<meta property=\"article:publisher\" content=\"https:\/\/www.facebook.com\/CoreonDuOficial\/\" \/>\n<meta property=\"article:published_time\" content=\"2026-09-02T11:43:31+00:00\" \/>\n<meta property=\"og:image\" content=\"https:\/\/coreondu.world\/wp-content\/uploads\/2026\/09\/Diseno-sin-titulo-33.png\" \/>\n\t<meta property=\"og:image:width\" content=\"1732\" \/>\n\t<meta property=\"og:image:height\" content=\"1732\" \/>\n\t<meta property=\"og:image:type\" content=\"image\/png\" \/>\n<meta name=\"author\" content=\"cdadmin\" \/>\n<meta name=\"twitter:card\" content=\"summary_large_image\" \/>\n<meta name=\"twitter:label1\" content=\"Escrito por\" \/>\n\t<meta name=\"twitter:data1\" content=\"cdadmin\" \/>\n\t<meta name=\"twitter:label2\" content=\"Tempo estimado de leitura\" \/>\n\t<meta name=\"twitter:data2\" content=\"3 minutos\" \/>\n<script type=\"application\/ld+json\" class=\"yoast-schema-graph\">{\"@context\":\"https:\\\/\\\/schema.org\",\"@graph\":[{\"@type\":\"Article\",\"@id\":\"https:\\\/\\\/coreondu.world\\\/sergio-graciano-y-coreon-du-reflexionan-sobre-el-futuro-de-la-creacion-audiovisual\\\/#article\",\"isPartOf\":{\"@id\":\"https:\\\/\\\/coreondu.world\\\/sergio-graciano-y-coreon-du-reflexionan-sobre-el-futuro-de-la-creacion-audiovisual\\\/\"},\"author\":{\"name\":\"cdadmin\",\"@id\":\"https:\\\/\\\/coreondu.world\\\/#\\\/schema\\\/person\\\/691e58ff59f3edb49ddce067d4d272f5\"},\"headline\":\"S\u00e9rgio Graciano y Cor\u00e9on D\u00fa reflexionan sobre el futuro de la creaci\u00f3n audiovisual\",\"datePublished\":\"2026-09-02T11:43:31+00:00\",\"mainEntityOfPage\":{\"@id\":\"https:\\\/\\\/coreondu.world\\\/sergio-graciano-y-coreon-du-reflexionan-sobre-el-futuro-de-la-creacion-audiovisual\\\/\"},\"wordCount\":498,\"commentCount\":0,\"image\":{\"@id\":\"https:\\\/\\\/coreondu.world\\\/sergio-graciano-y-coreon-du-reflexionan-sobre-el-futuro-de-la-creacion-audiovisual\\\/#primaryimage\"},\"thumbnailUrl\":\"https:\\\/\\\/coreondu.world\\\/wp-content\\\/uploads\\\/2026\\\/09\\\/Diseno-sin-titulo-33.png\",\"articleSection\":[\"i d\u00fa\",\"Its Happening\"],\"inLanguage\":\"pt-PT\",\"potentialAction\":[{\"@type\":\"CommentAction\",\"name\":\"Comment\",\"target\":[\"https:\\\/\\\/coreondu.world\\\/sergio-graciano-y-coreon-du-reflexionan-sobre-el-futuro-de-la-creacion-audiovisual\\\/#respond\"]}]},{\"@type\":\"WebPage\",\"@id\":\"https:\\\/\\\/coreondu.world\\\/sergio-graciano-y-coreon-du-reflexionan-sobre-el-futuro-de-la-creacion-audiovisual\\\/\",\"url\":\"https:\\\/\\\/coreondu.world\\\/sergio-graciano-y-coreon-du-reflexionan-sobre-el-futuro-de-la-creacion-audiovisual\\\/\",\"name\":\"S\u00e9rgio Graciano y Cor\u00e9on D\u00fa reflexionan sobre el futuro de la creaci\u00f3n audiovisual - Coreon Du\",\"isPartOf\":{\"@id\":\"https:\\\/\\\/coreondu.world\\\/#website\"},\"primaryImageOfPage\":{\"@id\":\"https:\\\/\\\/coreondu.world\\\/sergio-graciano-y-coreon-du-reflexionan-sobre-el-futuro-de-la-creacion-audiovisual\\\/#primaryimage\"},\"image\":{\"@id\":\"https:\\\/\\\/coreondu.world\\\/sergio-graciano-y-coreon-du-reflexionan-sobre-el-futuro-de-la-creacion-audiovisual\\\/#primaryimage\"},\"thumbnailUrl\":\"https:\\\/\\\/coreondu.world\\\/wp-content\\\/uploads\\\/2026\\\/09\\\/Diseno-sin-titulo-33.png\",\"datePublished\":\"2026-09-02T11:43:31+00:00\",\"author\":{\"@id\":\"https:\\\/\\\/coreondu.world\\\/#\\\/schema\\\/person\\\/691e58ff59f3edb49ddce067d4d272f5\"},\"breadcrumb\":{\"@id\":\"https:\\\/\\\/coreondu.world\\\/sergio-graciano-y-coreon-du-reflexionan-sobre-el-futuro-de-la-creacion-audiovisual\\\/#breadcrumb\"},\"inLanguage\":\"pt-PT\",\"potentialAction\":[{\"@type\":\"ReadAction\",\"target\":[\"https:\\\/\\\/coreondu.world\\\/sergio-graciano-y-coreon-du-reflexionan-sobre-el-futuro-de-la-creacion-audiovisual\\\/\"]}]},{\"@type\":\"ImageObject\",\"inLanguage\":\"pt-PT\",\"@id\":\"https:\\\/\\\/coreondu.world\\\/sergio-graciano-y-coreon-du-reflexionan-sobre-el-futuro-de-la-creacion-audiovisual\\\/#primaryimage\",\"url\":\"https:\\\/\\\/coreondu.world\\\/wp-content\\\/uploads\\\/2026\\\/09\\\/Diseno-sin-titulo-33.png\",\"contentUrl\":\"https:\\\/\\\/coreondu.world\\\/wp-content\\\/uploads\\\/2026\\\/09\\\/Diseno-sin-titulo-33.png\",\"width\":1732,\"height\":1732},{\"@type\":\"BreadcrumbList\",\"@id\":\"https:\\\/\\\/coreondu.world\\\/sergio-graciano-y-coreon-du-reflexionan-sobre-el-futuro-de-la-creacion-audiovisual\\\/#breadcrumb\",\"itemListElement\":[{\"@type\":\"ListItem\",\"position\":1,\"name\":\"Portada\",\"item\":\"https:\\\/\\\/coreondu.world\\\/\"},{\"@type\":\"ListItem\",\"position\":2,\"name\":\"S\u00e9rgio Graciano y Cor\u00e9on D\u00fa reflexionan sobre el futuro de la creaci\u00f3n audiovisual\"}]},{\"@type\":\"WebSite\",\"@id\":\"https:\\\/\\\/coreondu.world\\\/#website\",\"url\":\"https:\\\/\\\/coreondu.world\\\/\",\"name\":\"Cor\u00e9on D\u00fa\",\"description\":\"\",\"potentialAction\":[{\"@type\":\"SearchAction\",\"target\":{\"@type\":\"EntryPoint\",\"urlTemplate\":\"https:\\\/\\\/coreondu.world\\\/?s={search_term_string}\"},\"query-input\":{\"@type\":\"PropertyValueSpecification\",\"valueRequired\":true,\"valueName\":\"search_term_string\"}}],\"inLanguage\":\"pt-PT\"},{\"@type\":\"Person\",\"@id\":\"https:\\\/\\\/coreondu.world\\\/#\\\/schema\\\/person\\\/691e58ff59f3edb49ddce067d4d272f5\",\"name\":\"cdadmin\",\"image\":{\"@type\":\"ImageObject\",\"inLanguage\":\"pt-PT\",\"@id\":\"https:\\\/\\\/secure.gravatar.com\\\/avatar\\\/d78fbbfcc030af99a10288dbd9023b6010c263d71a385d314c112637d766131c?s=96&d=mm&r=g\",\"url\":\"https:\\\/\\\/secure.gravatar.com\\\/avatar\\\/d78fbbfcc030af99a10288dbd9023b6010c263d71a385d314c112637d766131c?s=96&d=mm&r=g\",\"contentUrl\":\"https:\\\/\\\/secure.gravatar.com\\\/avatar\\\/d78fbbfcc030af99a10288dbd9023b6010c263d71a385d314c112637d766131c?s=96&d=mm&r=g\",\"caption\":\"cdadmin\"},\"sameAs\":[\"https:\\\/\\\/coreondu.world\"]}]}<\/script>\n<!-- \/ Yoast SEO plugin. -->","yoast_head_json":{"title":"S\u00e9rgio Graciano y Cor\u00e9on D\u00fa reflexionan sobre el futuro de la creaci\u00f3n audiovisual - Coreon Du","robots":{"index":"index","follow":"follow","max-snippet":"max-snippet:-1","max-image-preview":"max-image-preview:large","max-video-preview":"max-video-preview:-1"},"canonical":"https:\/\/coreondu.world\/pt\/sergio-graciano-y-coreon-du-reflexionan-sobre-el-futuro-de-la-creacion-audiovisual\/","og_locale":"pt_PT","og_type":"article","og_title":"S\u00e9rgio Graciano y Cor\u00e9on D\u00fa reflexionan sobre el futuro de la creaci\u00f3n audiovisual - Coreon Du","og_description":"El nuevo episodio de The Revolution Will Be Televised re\u00fane al director portugu\u00e9s S\u00e9rgio Graciano y a Cor\u00e9on D\u00fa para repasar una trayectoria marcada por la colaboraci\u00f3n entre Portugal y Angola, el reconocimiento internacional y los cambios que atraviesa la industria audiovisual. El cineasta, que ha trabajado tanto en cine como en televisi\u00f3n, comparte con Cor\u00e9on D\u00fa algunas de las experiencias que han marcado su carrera y reflexiona sobre la necesidad de moverse entre distintos formatos, mercados y lenguajes creativos. Una trayectoria construida entre Portugal y Angola La conversaci\u00f3n recupera algunas de las colaboraciones entre ambos profesionales, entre ellas Njinga, A Rainha de Angola, Windeck y Jikulumessu. Para Graciano, volver a Angola para rodar Njinga supuso reencontrarse con un pa\u00eds que ya conoc\u00eda y al que regres\u00f3 con una mirada diferente: \u201cAngola es un pa\u00eds supercinematogr\u00e1fico\u201d, explica durante el episodio. El realizador destaca tambi\u00e9n la evoluci\u00f3n de la industria audiovisual angole\u00f1a y el talento que ha ido desarroll\u00e1ndose durante los \u00faltimos a\u00f1os. En su opini\u00f3n, la producci\u00f3n y la experiencia acumulada ser\u00e1n determinantes para que el sector contin\u00fae creciendo y pueda alcanzar una mayor proyecci\u00f3n internacional. Su propia trayectoria tambi\u00e9n refleja esa conexi\u00f3n entre mercados. Despu\u00e9s de sus primeros trabajos en Angola, Graciano consolid\u00f3 su carrera en Portugal, trabajando tanto en cine como en televisi\u00f3n. Un recorrido que le ha llevado a situarse, seg\u00fan explica, en una posici\u00f3n intermedia entre ambos mundos. Crear sin quedar encasillado Uno de los temas centrales de la conversaci\u00f3n es precisamente la dificultad de encajar a los profesionales creativos en categor\u00edas cerradas. Graciano defiende una trayectoria h\u00edbrida, capaz de combinar cine, televisi\u00f3n y proyectos de diferente naturaleza. \u201cYo quiero estar en esta zona medio h\u00edbrida\u201d, se\u00f1ala el director, que considera que todav\u00eda existe cierto prejuicio hacia quienes trabajan simult\u00e1neamente en proyectos comerciales y autorales. Para \u00e9l, la oportunidad de moverse entre ambos espacios permite ampliar las posibilidades de creaci\u00f3n. La conversaci\u00f3n aborda tambi\u00e9n el impacto de las nuevas tecnolog\u00edas y de la inteligencia artificial en el audiovisual. Graciano considera que estas herramientas transformar\u00e1n la forma de hacer cine y televisi\u00f3n, pero defiende que siempre deber\u00e1 existir una persona detr\u00e1s de las decisiones creativas. M\u00e1s all\u00e1 de los premios y reconocimientos -entre ellos el International Emmy-, el director apuesta por seguir experimentando y aprendiendo. Para cerrar el encuentro, resume su visi\u00f3n sobre el trabajo creativo en una idea sencilla: \u201ccrear, crear, crear\u201d. A trav\u00e9s de esta conversaci\u00f3n, The Revolution Will Be Televised vuelve a poner el foco en las personas que trabajan detr\u00e1s de las producciones audiovisuales y en las transformaciones que est\u00e1n redefiniendo la manera de contar historias.","og_url":"https:\/\/coreondu.world\/pt\/sergio-graciano-y-coreon-du-reflexionan-sobre-el-futuro-de-la-creacion-audiovisual\/","og_site_name":"Coreon Du","article_publisher":"https:\/\/www.facebook.com\/CoreonDuOficial\/","article_published_time":"2026-09-02T11:43:31+00:00","og_image":[{"width":1732,"height":1732,"url":"https:\/\/coreondu.world\/wp-content\/uploads\/2026\/09\/Diseno-sin-titulo-33.png","type":"image\/png"}],"author":"cdadmin","twitter_card":"summary_large_image","twitter_misc":{"Escrito por":"cdadmin","Tempo estimado de leitura":"3 minutos"},"schema":{"@context":"https:\/\/schema.org","@graph":[{"@type":"Article","@id":"https:\/\/coreondu.world\/sergio-graciano-y-coreon-du-reflexionan-sobre-el-futuro-de-la-creacion-audiovisual\/#article","isPartOf":{"@id":"https:\/\/coreondu.world\/sergio-graciano-y-coreon-du-reflexionan-sobre-el-futuro-de-la-creacion-audiovisual\/"},"author":{"name":"cdadmin","@id":"https:\/\/coreondu.world\/#\/schema\/person\/691e58ff59f3edb49ddce067d4d272f5"},"headline":"S\u00e9rgio Graciano y Cor\u00e9on D\u00fa reflexionan sobre el futuro de la creaci\u00f3n audiovisual","datePublished":"2026-09-02T11:43:31+00:00","mainEntityOfPage":{"@id":"https:\/\/coreondu.world\/sergio-graciano-y-coreon-du-reflexionan-sobre-el-futuro-de-la-creacion-audiovisual\/"},"wordCount":498,"commentCount":0,"image":{"@id":"https:\/\/coreondu.world\/sergio-graciano-y-coreon-du-reflexionan-sobre-el-futuro-de-la-creacion-audiovisual\/#primaryimage"},"thumbnailUrl":"https:\/\/coreondu.world\/wp-content\/uploads\/2026\/09\/Diseno-sin-titulo-33.png","articleSection":["i d\u00fa","Its Happening"],"inLanguage":"pt-PT","potentialAction":[{"@type":"CommentAction","name":"Comment","target":["https:\/\/coreondu.world\/sergio-graciano-y-coreon-du-reflexionan-sobre-el-futuro-de-la-creacion-audiovisual\/#respond"]}]},{"@type":"WebPage","@id":"https:\/\/coreondu.world\/sergio-graciano-y-coreon-du-reflexionan-sobre-el-futuro-de-la-creacion-audiovisual\/","url":"https:\/\/coreondu.world\/sergio-graciano-y-coreon-du-reflexionan-sobre-el-futuro-de-la-creacion-audiovisual\/","name":"S\u00e9rgio Graciano y Cor\u00e9on D\u00fa reflexionan sobre el futuro de la creaci\u00f3n audiovisual - Coreon Du","isPartOf":{"@id":"https:\/\/coreondu.world\/#website"},"primaryImageOfPage":{"@id":"https:\/\/coreondu.world\/sergio-graciano-y-coreon-du-reflexionan-sobre-el-futuro-de-la-creacion-audiovisual\/#primaryimage"},"image":{"@id":"https:\/\/coreondu.world\/sergio-graciano-y-coreon-du-reflexionan-sobre-el-futuro-de-la-creacion-audiovisual\/#primaryimage"},"thumbnailUrl":"https:\/\/coreondu.world\/wp-content\/uploads\/2026\/09\/Diseno-sin-titulo-33.png","datePublished":"2026-09-02T11:43:31+00:00","author":{"@id":"https:\/\/coreondu.world\/#\/schema\/person\/691e58ff59f3edb49ddce067d4d272f5"},"breadcrumb":{"@id":"https:\/\/coreondu.world\/sergio-graciano-y-coreon-du-reflexionan-sobre-el-futuro-de-la-creacion-audiovisual\/#breadcrumb"},"inLanguage":"pt-PT","potentialAction":[{"@type":"ReadAction","target":["https:\/\/coreondu.world\/sergio-graciano-y-coreon-du-reflexionan-sobre-el-futuro-de-la-creacion-audiovisual\/"]}]},{"@type":"ImageObject","inLanguage":"pt-PT","@id":"https:\/\/coreondu.world\/sergio-graciano-y-coreon-du-reflexionan-sobre-el-futuro-de-la-creacion-audiovisual\/#primaryimage","url":"https:\/\/coreondu.world\/wp-content\/uploads\/2026\/09\/Diseno-sin-titulo-33.png","contentUrl":"https:\/\/coreondu.world\/wp-content\/uploads\/2026\/09\/Diseno-sin-titulo-33.png","width":1732,"height":1732},{"@type":"BreadcrumbList","@id":"https:\/\/coreondu.world\/sergio-graciano-y-coreon-du-reflexionan-sobre-el-futuro-de-la-creacion-audiovisual\/#breadcrumb","itemListElement":[{"@type":"ListItem","position":1,"name":"Portada","item":"https:\/\/coreondu.world\/"},{"@type":"ListItem","position":2,"name":"S\u00e9rgio Graciano y Cor\u00e9on D\u00fa reflexionan sobre el futuro de la creaci\u00f3n audiovisual"}]},{"@type":"WebSite","@id":"https:\/\/coreondu.world\/#website","url":"https:\/\/coreondu.world\/","name":"Cor\u00e9on D\u00fa","description":"","potentialAction":[{"@type":"SearchAction","target":{"@type":"EntryPoint","urlTemplate":"https:\/\/coreondu.world\/?s={search_term_string}"},"query-input":{"@type":"PropertyValueSpecification","valueRequired":true,"valueName":"search_term_string"}}],"inLanguage":"pt-PT"},{"@type":"Person","@id":"https:\/\/coreondu.world\/#\/schema\/person\/691e58ff59f3edb49ddce067d4d272f5","name":"cdadmin","image":{"@type":"ImageObject","inLanguage":"pt-PT","@id":"https:\/\/secure.gravatar.com\/avatar\/d78fbbfcc030af99a10288dbd9023b6010c263d71a385d314c112637d766131c?s=96&d=mm&r=g","url":"https:\/\/secure.gravatar.com\/avatar\/d78fbbfcc030af99a10288dbd9023b6010c263d71a385d314c112637d766131c?s=96&d=mm&r=g","contentUrl":"https:\/\/secure.gravatar.com\/avatar\/d78fbbfcc030af99a10288dbd9023b6010c263d71a385d314c112637d766131c?s=96&d=mm&r=g","caption":"cdadmin"},"sameAs":["https:\/\/coreondu.world"]}]}},"_links":{"self":[{"href":"https:\/\/coreondu.world\/pt\/wp-json\/wp\/v2\/posts\/1683","targetHints":{"allow":["GET"]}}],"collection":[{"href":"https:\/\/coreondu.world\/pt\/wp-json\/wp\/v2\/posts"}],"about":[{"href":"https:\/\/coreondu.world\/pt\/wp-json\/wp\/v2\/types\/post"}],"author":[{"embeddable":true,"href":"https:\/\/coreondu.world\/pt\/wp-json\/wp\/v2\/users\/1"}],"replies":[{"embeddable":true,"href":"https:\/\/coreondu.world\/pt\/wp-json\/wp\/v2\/comments?post=1683"}],"version-history":[{"count":1,"href":"https:\/\/coreondu.world\/pt\/wp-json\/wp\/v2\/posts\/1683\/revisions"}],"predecessor-version":[{"id":1685,"href":"https:\/\/coreondu.world\/pt\/wp-json\/wp\/v2\/posts\/1683\/revisions\/1685"}],"wp:featuredmedia":[{"embeddable":true,"href":"https:\/\/coreondu.world\/pt\/wp-json\/wp\/v2\/media\/1684"}],"wp:attachment":[{"href":"https:\/\/coreondu.world\/pt\/wp-json\/wp\/v2\/media?parent=1683"}],"wp:term":[{"taxonomy":"category","embeddable":true,"href":"https:\/\/coreondu.world\/pt\/wp-json\/wp\/v2\/categories?post=1683"},{"taxonomy":"post_tag","embeddable":true,"href":"https:\/\/coreondu.world\/pt\/wp-json\/wp\/v2\/tags?post=1683"}],"curies":[{"name":"wp","href":"https:\/\/api.w.org\/{rel}","templated":true}]}}