{"id":1666,"date":"2026-07-21T11:41:36","date_gmt":"2026-07-21T09:41:36","guid":{"rendered":"https:\/\/coreondu.world\/?p=1666"},"modified":"2026-07-21T11:42:10","modified_gmt":"2026-07-21T09:42:10","slug":"por-que-las-historias-africanas-conectan-cada-vez-con-mas-publico","status":"publish","type":"post","link":"https:\/\/coreondu.world\/pt\/por-que-las-historias-africanas-conectan-cada-vez-con-mas-publico\/","title":{"rendered":"Por que \u00e9 que as hist\u00f3rias africanas cativam cada vez mais p\u00fablico?"},"content":{"rendered":"<p class=\"wp-block-paragraph\">As hist\u00f3rias africanas est\u00e3o a viver um momento de crescente proje\u00e7\u00e3o internacional. O cinema, as s\u00e9ries, a m\u00fasica e os conte\u00fados digitais produzidos em v\u00e1rios pa\u00edses do continente est\u00e3o a chegar a novos p\u00fablicos, gra\u00e7as a um contexto em que se verifica um interesse cada vez maior por vozes, culturas e perspetivas diferentes.<\/p>\n\n\n\n<p class=\"wp-block-paragraph\"><strong>Novas formas de chegar ao p\u00fablico<\/strong><\/p>\n\n\n\n<p class=\"wp-block-paragraph\">As plataformas de streaming e as redes sociais t\u00eam desempenhado um papel decisivo nesta mudan\u00e7a. Hoje em dia, \u00e9 poss\u00edvel descobrir produ\u00e7\u00f5es africanas com muito mais facilidade do que h\u00e1 apenas alguns anos, permitindo que criadores e artistas estabele\u00e7am contacto direto com p\u00fablicos de todo o mundo.<\/p>\n\n\n\n<p class=\"wp-block-paragraph\">Al\u00e9m disso, estes canais reduziram as barreiras de distribui\u00e7\u00e3o e contribu\u00edram para que projetos nascidos em contextos locais alcan\u00e7assem uma dimens\u00e3o internacional. Um filme, uma can\u00e7\u00e3o ou uma s\u00e9rie pode difundir-se rapidamente e suscitar debate para al\u00e9m das suas fronteiras.<\/p>\n\n\n\n<p class=\"wp-block-paragraph\"><strong>Hist\u00f3rias mais aut\u00eanticas e diversificadas<\/strong><\/p>\n\n\n\n<p class=\"wp-block-paragraph\">Esta transforma\u00e7\u00e3o responde tamb\u00e9m a uma mudan\u00e7a nas prefer\u00eancias dos espectadores. Existe uma maior procura por hist\u00f3rias aut\u00eanticas, capazes de refletir realidades diversas e distantes dos estere\u00f3tipos que, durante d\u00e9cadas, marcaram a representa\u00e7\u00e3o do continente no panorama audiovisual internacional.<\/p>\n\n\n\n<p class=\"wp-block-paragraph\">A isto junta-se o crescente reconhecimento de m\u00fasicos, cineastas, designers e criadores africanos que est\u00e3o a levar o seu trabalho a palcos globais sem renunciarem \u00e0 sua identidade cultural. As suas propostas combinam tradi\u00e7\u00e3o e modernidade e estabelecem uma liga\u00e7\u00e3o com um p\u00fablico cada vez mais aberto a descobrir novas refer\u00eancias criativas.<\/p>\n\n\n\n<p class=\"wp-block-paragraph\">Neste contexto, as ind\u00fastrias culturais africanas n\u00e3o s\u00f3 ampliam a sua presen\u00e7a internacional, como tamb\u00e9m enriquecem o panorama criativo global. O seu crescimento demonstra que as hist\u00f3rias mais locais podem tornar-se universais quando contadas com autenticidade.<\/p>\n\n\n\n<p class=\"wp-block-paragraph\"><\/p>","protected":false},"excerpt":{"rendered":"<p>As hist\u00f3rias africanas est\u00e3o a viver um momento de crescente proje\u00e7\u00e3o internacional. O cinema, as s\u00e9ries, a m\u00fasica e os conte\u00fados digitais produzidos em v\u00e1rios pa\u00edses do continente est\u00e3o a chegar a novos p\u00fablicos, gra\u00e7as a um contexto em que se verifica um interesse cada vez maior por vozes, culturas e perspetivas diferentes. Novas formas de chegar ao p\u00fablico As plataformas de streaming e as redes sociais t\u00eam desempenhado um papel decisivo nesta mudan\u00e7a. Hoje em dia, \u00e9 poss\u00edvel descobrir produ\u00e7\u00f5es africanas com muito mais facilidade do que h\u00e1 apenas alguns anos, permitindo que criadores e artistas se liguem diretamente a p\u00fablicos de todo o mundo. Al\u00e9m disso, estes canais reduziram as barreiras de distribui\u00e7\u00e3o e favoreceram que propostas nascidas em contextos locais alcancem uma dimens\u00e3o internacional. Um filme, uma can\u00e7\u00e3o ou uma s\u00e9rie pode difundir-se rapidamente e gerar conversas para al\u00e9m das suas fronteiras. Hist\u00f3rias mais aut\u00eanticas e diversificadas Esta transforma\u00e7\u00e3o responde tamb\u00e9m a uma mudan\u00e7a nas prefer\u00eancias dos espectadores. Existe uma maior procura por narrativas aut\u00eanticas, capazes de refletir realidades diversas e distantes dos estere\u00f3tipos que, durante d\u00e9cadas, marcaram a representa\u00e7\u00e3o do continente no panorama audiovisual internacional. A isto junta-se o crescente reconhecimento de m\u00fasicos, cineastas, designers e criadores africanos que est\u00e3o a levar o seu trabalho para palcos globais sem renunciar \u00e0 sua identidade cultural. As suas propostas combinam tradi\u00e7\u00e3o e modernidade e estabelecem uma liga\u00e7\u00e3o com um p\u00fablico cada vez mais aberto a descobrir novas refer\u00eancias criativas. Neste contexto, as ind\u00fastrias culturais africanas n\u00e3o s\u00f3 ampliam a sua presen\u00e7a internacional, como tamb\u00e9m enriquecem o panorama criativo global. O seu crescimento demonstra que as hist\u00f3rias mais locais podem tornar-se universais quando contadas com autenticidade.<\/p>","protected":false},"author":1,"featured_media":1667,"comment_status":"open","ping_status":"open","sticky":false,"template":"","format":"standard","meta":{"footnotes":""},"categories":[45,11],"tags":[],"class_list":["post-1666","post","type-post","status-publish","format-standard","has-post-thumbnail","hentry","category-its-happening","category-we-du"],"yoast_head":"<!-- This site is optimized with the Yoast SEO plugin v27.7 - https:\/\/yoast.com\/product\/yoast-seo-wordpress\/ -->\n<title>\u00bfPor qu\u00e9 las historias africanas conectan cada vez con m\u00e1s p\u00fablico? - Coreon Du<\/title>\n<meta name=\"robots\" content=\"index, follow, max-snippet:-1, max-image-preview:large, max-video-preview:-1\" \/>\n<link rel=\"canonical\" href=\"https:\/\/coreondu.world\/pt\/por-que-las-historias-africanas-conectan-cada-vez-con-mas-publico\/\" \/>\n<meta property=\"og:locale\" content=\"pt_PT\" \/>\n<meta property=\"og:type\" content=\"article\" \/>\n<meta property=\"og:title\" content=\"\u00bfPor qu\u00e9 las historias africanas conectan cada vez con m\u00e1s p\u00fablico? - Coreon Du\" \/>\n<meta property=\"og:description\" content=\"Las historias africanas viven un momento de creciente proyecci\u00f3n internacional. El cine, las series, la m\u00fasica y los contenidos digitales producidos desde distintos pa\u00edses del continente est\u00e1n llegando a nuevas audiencias gracias a un contexto en el que existe cada vez m\u00e1s inter\u00e9s por voces, culturas y perspectivas diferentes. Nuevas formas de llegar al p\u00fablico Las plataformas de streaming y las redes sociales han desempe\u00f1ado un papel decisivo en este cambio. Hoy es posible descubrir producciones africanas con mucha m\u00e1s facilidad que hace apenas unos a\u00f1os, permitiendo que creadores y artistas conecten directamente con p\u00fablicos de todo el mundo. Adem\u00e1s, estos canales han reducido las barreras de distribuci\u00f3n y han favorecido que propuestas nacidas en contextos locales alcancen una dimensi\u00f3n internacional. Una pel\u00edcula, una canci\u00f3n o una serie puede difundirse r\u00e1pidamente y generar conversaci\u00f3n m\u00e1s all\u00e1 de sus fronteras. Relatos m\u00e1s aut\u00e9nticos y diversos Esta transformaci\u00f3n tambi\u00e9n responde a un cambio en las preferencias de los espectadores. Existe una mayor demanda de relatos aut\u00e9nticos, capaces de reflejar realidades diversas y alejadas de los estereotipos que durante d\u00e9cadas marcaron la representaci\u00f3n del continente en el audiovisual internacional. A ello se suma el creciente reconocimiento de m\u00fasicos, cineastas, dise\u00f1adores y creadores africanos que est\u00e1n llevando su trabajo a escenarios globales sin renunciar a su identidad cultural. Sus propuestas combinan tradici\u00f3n y modernidad, y conectan con una audiencia cada vez m\u00e1s abierta a descubrir nuevas referencias creativas. En este contexto, las industrias culturales africanas no solo ampl\u00edan su presencia internacional, sino que tambi\u00e9n enriquecen el panorama creativo global. Su crecimiento demuestra que las historias m\u00e1s locales pueden convertirse en universales cuando se cuentan con autenticidad.\" \/>\n<meta property=\"og:url\" content=\"https:\/\/coreondu.world\/pt\/por-que-las-historias-africanas-conectan-cada-vez-con-mas-publico\/\" \/>\n<meta property=\"og:site_name\" content=\"Coreon Du\" \/>\n<meta property=\"article:publisher\" content=\"https:\/\/www.facebook.com\/CoreonDuOficial\/\" \/>\n<meta property=\"article:published_time\" content=\"2026-07-21T09:41:36+00:00\" \/>\n<meta property=\"article:modified_time\" content=\"2026-07-21T09:42:10+00:00\" \/>\n<meta property=\"og:image\" content=\"https:\/\/coreondu.world\/wp-content\/uploads\/2026\/07\/Diseno-sin-titulo-29.png\" \/>\n\t<meta property=\"og:image:width\" content=\"1732\" \/>\n\t<meta property=\"og:image:height\" content=\"1732\" \/>\n\t<meta property=\"og:image:type\" content=\"image\/png\" \/>\n<meta name=\"author\" content=\"cdadmin\" \/>\n<meta name=\"twitter:card\" content=\"summary_large_image\" \/>\n<meta name=\"twitter:label1\" content=\"Escrito por\" \/>\n\t<meta name=\"twitter:data1\" content=\"cdadmin\" \/>\n\t<meta name=\"twitter:label2\" content=\"Tempo estimado de leitura\" \/>\n\t<meta name=\"twitter:data2\" content=\"2 minutos\" \/>\n<script type=\"application\/ld+json\" class=\"yoast-schema-graph\">{\"@context\":\"https:\\\/\\\/schema.org\",\"@graph\":[{\"@type\":\"Article\",\"@id\":\"https:\\\/\\\/coreondu.world\\\/por-que-las-historias-africanas-conectan-cada-vez-con-mas-publico\\\/#article\",\"isPartOf\":{\"@id\":\"https:\\\/\\\/coreondu.world\\\/por-que-las-historias-africanas-conectan-cada-vez-con-mas-publico\\\/\"},\"author\":{\"name\":\"cdadmin\",\"@id\":\"https:\\\/\\\/coreondu.world\\\/#\\\/schema\\\/person\\\/691e58ff59f3edb49ddce067d4d272f5\"},\"headline\":\"\u00bfPor qu\u00e9 las historias africanas conectan cada vez con m\u00e1s p\u00fablico?\",\"datePublished\":\"2026-07-21T09:41:36+00:00\",\"dateModified\":\"2026-07-21T09:42:10+00:00\",\"mainEntityOfPage\":{\"@id\":\"https:\\\/\\\/coreondu.world\\\/por-que-las-historias-africanas-conectan-cada-vez-con-mas-publico\\\/\"},\"wordCount\":319,\"commentCount\":0,\"image\":{\"@id\":\"https:\\\/\\\/coreondu.world\\\/por-que-las-historias-africanas-conectan-cada-vez-con-mas-publico\\\/#primaryimage\"},\"thumbnailUrl\":\"https:\\\/\\\/coreondu.world\\\/wp-content\\\/uploads\\\/2026\\\/07\\\/Diseno-sin-titulo-29.png\",\"articleSection\":[\"Its Happening\",\"we d\u00fa\"],\"inLanguage\":\"pt-PT\",\"potentialAction\":[{\"@type\":\"CommentAction\",\"name\":\"Comment\",\"target\":[\"https:\\\/\\\/coreondu.world\\\/por-que-las-historias-africanas-conectan-cada-vez-con-mas-publico\\\/#respond\"]}]},{\"@type\":\"WebPage\",\"@id\":\"https:\\\/\\\/coreondu.world\\\/por-que-las-historias-africanas-conectan-cada-vez-con-mas-publico\\\/\",\"url\":\"https:\\\/\\\/coreondu.world\\\/por-que-las-historias-africanas-conectan-cada-vez-con-mas-publico\\\/\",\"name\":\"\u00bfPor qu\u00e9 las historias africanas conectan cada vez con m\u00e1s p\u00fablico? - Coreon Du\",\"isPartOf\":{\"@id\":\"https:\\\/\\\/coreondu.world\\\/#website\"},\"primaryImageOfPage\":{\"@id\":\"https:\\\/\\\/coreondu.world\\\/por-que-las-historias-africanas-conectan-cada-vez-con-mas-publico\\\/#primaryimage\"},\"image\":{\"@id\":\"https:\\\/\\\/coreondu.world\\\/por-que-las-historias-africanas-conectan-cada-vez-con-mas-publico\\\/#primaryimage\"},\"thumbnailUrl\":\"https:\\\/\\\/coreondu.world\\\/wp-content\\\/uploads\\\/2026\\\/07\\\/Diseno-sin-titulo-29.png\",\"datePublished\":\"2026-07-21T09:41:36+00:00\",\"dateModified\":\"2026-07-21T09:42:10+00:00\",\"author\":{\"@id\":\"https:\\\/\\\/coreondu.world\\\/#\\\/schema\\\/person\\\/691e58ff59f3edb49ddce067d4d272f5\"},\"breadcrumb\":{\"@id\":\"https:\\\/\\\/coreondu.world\\\/por-que-las-historias-africanas-conectan-cada-vez-con-mas-publico\\\/#breadcrumb\"},\"inLanguage\":\"pt-PT\",\"potentialAction\":[{\"@type\":\"ReadAction\",\"target\":[\"https:\\\/\\\/coreondu.world\\\/por-que-las-historias-africanas-conectan-cada-vez-con-mas-publico\\\/\"]}]},{\"@type\":\"ImageObject\",\"inLanguage\":\"pt-PT\",\"@id\":\"https:\\\/\\\/coreondu.world\\\/por-que-las-historias-africanas-conectan-cada-vez-con-mas-publico\\\/#primaryimage\",\"url\":\"https:\\\/\\\/coreondu.world\\\/wp-content\\\/uploads\\\/2026\\\/07\\\/Diseno-sin-titulo-29.png\",\"contentUrl\":\"https:\\\/\\\/coreondu.world\\\/wp-content\\\/uploads\\\/2026\\\/07\\\/Diseno-sin-titulo-29.png\",\"width\":1732,\"height\":1732},{\"@type\":\"BreadcrumbList\",\"@id\":\"https:\\\/\\\/coreondu.world\\\/por-que-las-historias-africanas-conectan-cada-vez-con-mas-publico\\\/#breadcrumb\",\"itemListElement\":[{\"@type\":\"ListItem\",\"position\":1,\"name\":\"Portada\",\"item\":\"https:\\\/\\\/coreondu.world\\\/\"},{\"@type\":\"ListItem\",\"position\":2,\"name\":\"\u00bfPor qu\u00e9 las historias africanas conectan cada vez con m\u00e1s p\u00fablico?\"}]},{\"@type\":\"WebSite\",\"@id\":\"https:\\\/\\\/coreondu.world\\\/#website\",\"url\":\"https:\\\/\\\/coreondu.world\\\/\",\"name\":\"Cor\u00e9on D\u00fa\",\"description\":\"\",\"potentialAction\":[{\"@type\":\"SearchAction\",\"target\":{\"@type\":\"EntryPoint\",\"urlTemplate\":\"https:\\\/\\\/coreondu.world\\\/?s={search_term_string}\"},\"query-input\":{\"@type\":\"PropertyValueSpecification\",\"valueRequired\":true,\"valueName\":\"search_term_string\"}}],\"inLanguage\":\"pt-PT\"},{\"@type\":\"Person\",\"@id\":\"https:\\\/\\\/coreondu.world\\\/#\\\/schema\\\/person\\\/691e58ff59f3edb49ddce067d4d272f5\",\"name\":\"cdadmin\",\"image\":{\"@type\":\"ImageObject\",\"inLanguage\":\"pt-PT\",\"@id\":\"https:\\\/\\\/secure.gravatar.com\\\/avatar\\\/d78fbbfcc030af99a10288dbd9023b6010c263d71a385d314c112637d766131c?s=96&d=mm&r=g\",\"url\":\"https:\\\/\\\/secure.gravatar.com\\\/avatar\\\/d78fbbfcc030af99a10288dbd9023b6010c263d71a385d314c112637d766131c?s=96&d=mm&r=g\",\"contentUrl\":\"https:\\\/\\\/secure.gravatar.com\\\/avatar\\\/d78fbbfcc030af99a10288dbd9023b6010c263d71a385d314c112637d766131c?s=96&d=mm&r=g\",\"caption\":\"cdadmin\"},\"sameAs\":[\"https:\\\/\\\/coreondu.world\"]}]}<\/script>\n<!-- \/ Yoast SEO plugin. -->","yoast_head_json":{"title":"\u00bfPor qu\u00e9 las historias africanas conectan cada vez con m\u00e1s p\u00fablico? - Coreon Du","robots":{"index":"index","follow":"follow","max-snippet":"max-snippet:-1","max-image-preview":"max-image-preview:large","max-video-preview":"max-video-preview:-1"},"canonical":"https:\/\/coreondu.world\/pt\/por-que-las-historias-africanas-conectan-cada-vez-con-mas-publico\/","og_locale":"pt_PT","og_type":"article","og_title":"\u00bfPor qu\u00e9 las historias africanas conectan cada vez con m\u00e1s p\u00fablico? - Coreon Du","og_description":"Las historias africanas viven un momento de creciente proyecci\u00f3n internacional. El cine, las series, la m\u00fasica y los contenidos digitales producidos desde distintos pa\u00edses del continente est\u00e1n llegando a nuevas audiencias gracias a un contexto en el que existe cada vez m\u00e1s inter\u00e9s por voces, culturas y perspectivas diferentes. Nuevas formas de llegar al p\u00fablico Las plataformas de streaming y las redes sociales han desempe\u00f1ado un papel decisivo en este cambio. Hoy es posible descubrir producciones africanas con mucha m\u00e1s facilidad que hace apenas unos a\u00f1os, permitiendo que creadores y artistas conecten directamente con p\u00fablicos de todo el mundo. Adem\u00e1s, estos canales han reducido las barreras de distribuci\u00f3n y han favorecido que propuestas nacidas en contextos locales alcancen una dimensi\u00f3n internacional. Una pel\u00edcula, una canci\u00f3n o una serie puede difundirse r\u00e1pidamente y generar conversaci\u00f3n m\u00e1s all\u00e1 de sus fronteras. Relatos m\u00e1s aut\u00e9nticos y diversos Esta transformaci\u00f3n tambi\u00e9n responde a un cambio en las preferencias de los espectadores. Existe una mayor demanda de relatos aut\u00e9nticos, capaces de reflejar realidades diversas y alejadas de los estereotipos que durante d\u00e9cadas marcaron la representaci\u00f3n del continente en el audiovisual internacional. A ello se suma el creciente reconocimiento de m\u00fasicos, cineastas, dise\u00f1adores y creadores africanos que est\u00e1n llevando su trabajo a escenarios globales sin renunciar a su identidad cultural. Sus propuestas combinan tradici\u00f3n y modernidad, y conectan con una audiencia cada vez m\u00e1s abierta a descubrir nuevas referencias creativas. En este contexto, las industrias culturales africanas no solo ampl\u00edan su presencia internacional, sino que tambi\u00e9n enriquecen el panorama creativo global. Su crecimiento demuestra que las historias m\u00e1s locales pueden convertirse en universales cuando se cuentan con autenticidad.","og_url":"https:\/\/coreondu.world\/pt\/por-que-las-historias-africanas-conectan-cada-vez-con-mas-publico\/","og_site_name":"Coreon Du","article_publisher":"https:\/\/www.facebook.com\/CoreonDuOficial\/","article_published_time":"2026-07-21T09:41:36+00:00","article_modified_time":"2026-07-21T09:42:10+00:00","og_image":[{"width":1732,"height":1732,"url":"https:\/\/coreondu.world\/wp-content\/uploads\/2026\/07\/Diseno-sin-titulo-29.png","type":"image\/png"}],"author":"cdadmin","twitter_card":"summary_large_image","twitter_misc":{"Escrito por":"cdadmin","Tempo estimado de leitura":"2 minutos"},"schema":{"@context":"https:\/\/schema.org","@graph":[{"@type":"Article","@id":"https:\/\/coreondu.world\/por-que-las-historias-africanas-conectan-cada-vez-con-mas-publico\/#article","isPartOf":{"@id":"https:\/\/coreondu.world\/por-que-las-historias-africanas-conectan-cada-vez-con-mas-publico\/"},"author":{"name":"cdadmin","@id":"https:\/\/coreondu.world\/#\/schema\/person\/691e58ff59f3edb49ddce067d4d272f5"},"headline":"\u00bfPor qu\u00e9 las historias africanas conectan cada vez con m\u00e1s p\u00fablico?","datePublished":"2026-07-21T09:41:36+00:00","dateModified":"2026-07-21T09:42:10+00:00","mainEntityOfPage":{"@id":"https:\/\/coreondu.world\/por-que-las-historias-africanas-conectan-cada-vez-con-mas-publico\/"},"wordCount":319,"commentCount":0,"image":{"@id":"https:\/\/coreondu.world\/por-que-las-historias-africanas-conectan-cada-vez-con-mas-publico\/#primaryimage"},"thumbnailUrl":"https:\/\/coreondu.world\/wp-content\/uploads\/2026\/07\/Diseno-sin-titulo-29.png","articleSection":["Its Happening","we d\u00fa"],"inLanguage":"pt-PT","potentialAction":[{"@type":"CommentAction","name":"Comment","target":["https:\/\/coreondu.world\/por-que-las-historias-africanas-conectan-cada-vez-con-mas-publico\/#respond"]}]},{"@type":"WebPage","@id":"https:\/\/coreondu.world\/por-que-las-historias-africanas-conectan-cada-vez-con-mas-publico\/","url":"https:\/\/coreondu.world\/por-que-las-historias-africanas-conectan-cada-vez-con-mas-publico\/","name":"\u00bfPor qu\u00e9 las historias africanas conectan cada vez con m\u00e1s p\u00fablico? - Coreon Du","isPartOf":{"@id":"https:\/\/coreondu.world\/#website"},"primaryImageOfPage":{"@id":"https:\/\/coreondu.world\/por-que-las-historias-africanas-conectan-cada-vez-con-mas-publico\/#primaryimage"},"image":{"@id":"https:\/\/coreondu.world\/por-que-las-historias-africanas-conectan-cada-vez-con-mas-publico\/#primaryimage"},"thumbnailUrl":"https:\/\/coreondu.world\/wp-content\/uploads\/2026\/07\/Diseno-sin-titulo-29.png","datePublished":"2026-07-21T09:41:36+00:00","dateModified":"2026-07-21T09:42:10+00:00","author":{"@id":"https:\/\/coreondu.world\/#\/schema\/person\/691e58ff59f3edb49ddce067d4d272f5"},"breadcrumb":{"@id":"https:\/\/coreondu.world\/por-que-las-historias-africanas-conectan-cada-vez-con-mas-publico\/#breadcrumb"},"inLanguage":"pt-PT","potentialAction":[{"@type":"ReadAction","target":["https:\/\/coreondu.world\/por-que-las-historias-africanas-conectan-cada-vez-con-mas-publico\/"]}]},{"@type":"ImageObject","inLanguage":"pt-PT","@id":"https:\/\/coreondu.world\/por-que-las-historias-africanas-conectan-cada-vez-con-mas-publico\/#primaryimage","url":"https:\/\/coreondu.world\/wp-content\/uploads\/2026\/07\/Diseno-sin-titulo-29.png","contentUrl":"https:\/\/coreondu.world\/wp-content\/uploads\/2026\/07\/Diseno-sin-titulo-29.png","width":1732,"height":1732},{"@type":"BreadcrumbList","@id":"https:\/\/coreondu.world\/por-que-las-historias-africanas-conectan-cada-vez-con-mas-publico\/#breadcrumb","itemListElement":[{"@type":"ListItem","position":1,"name":"Portada","item":"https:\/\/coreondu.world\/"},{"@type":"ListItem","position":2,"name":"\u00bfPor qu\u00e9 las historias africanas conectan cada vez con m\u00e1s p\u00fablico?"}]},{"@type":"WebSite","@id":"https:\/\/coreondu.world\/#website","url":"https:\/\/coreondu.world\/","name":"Cor\u00e9on D\u00fa","description":"","potentialAction":[{"@type":"SearchAction","target":{"@type":"EntryPoint","urlTemplate":"https:\/\/coreondu.world\/?s={search_term_string}"},"query-input":{"@type":"PropertyValueSpecification","valueRequired":true,"valueName":"search_term_string"}}],"inLanguage":"pt-PT"},{"@type":"Person","@id":"https:\/\/coreondu.world\/#\/schema\/person\/691e58ff59f3edb49ddce067d4d272f5","name":"cdadmin","image":{"@type":"ImageObject","inLanguage":"pt-PT","@id":"https:\/\/secure.gravatar.com\/avatar\/d78fbbfcc030af99a10288dbd9023b6010c263d71a385d314c112637d766131c?s=96&d=mm&r=g","url":"https:\/\/secure.gravatar.com\/avatar\/d78fbbfcc030af99a10288dbd9023b6010c263d71a385d314c112637d766131c?s=96&d=mm&r=g","contentUrl":"https:\/\/secure.gravatar.com\/avatar\/d78fbbfcc030af99a10288dbd9023b6010c263d71a385d314c112637d766131c?s=96&d=mm&r=g","caption":"cdadmin"},"sameAs":["https:\/\/coreondu.world"]}]}},"_links":{"self":[{"href":"https:\/\/coreondu.world\/pt\/wp-json\/wp\/v2\/posts\/1666","targetHints":{"allow":["GET"]}}],"collection":[{"href":"https:\/\/coreondu.world\/pt\/wp-json\/wp\/v2\/posts"}],"about":[{"href":"https:\/\/coreondu.world\/pt\/wp-json\/wp\/v2\/types\/post"}],"author":[{"embeddable":true,"href":"https:\/\/coreondu.world\/pt\/wp-json\/wp\/v2\/users\/1"}],"replies":[{"embeddable":true,"href":"https:\/\/coreondu.world\/pt\/wp-json\/wp\/v2\/comments?post=1666"}],"version-history":[{"count":1,"href":"https:\/\/coreondu.world\/pt\/wp-json\/wp\/v2\/posts\/1666\/revisions"}],"predecessor-version":[{"id":1668,"href":"https:\/\/coreondu.world\/pt\/wp-json\/wp\/v2\/posts\/1666\/revisions\/1668"}],"wp:featuredmedia":[{"embeddable":true,"href":"https:\/\/coreondu.world\/pt\/wp-json\/wp\/v2\/media\/1667"}],"wp:attachment":[{"href":"https:\/\/coreondu.world\/pt\/wp-json\/wp\/v2\/media?parent=1666"}],"wp:term":[{"taxonomy":"category","embeddable":true,"href":"https:\/\/coreondu.world\/pt\/wp-json\/wp\/v2\/categories?post=1666"},{"taxonomy":"post_tag","embeddable":true,"href":"https:\/\/coreondu.world\/pt\/wp-json\/wp\/v2\/tags?post=1666"}],"curies":[{"name":"wp","href":"https:\/\/api.w.org\/{rel}","templated":true}]}}