{"id":1481,"date":"2025-07-22T09:45:42","date_gmt":"2025-07-22T07:45:42","guid":{"rendered":"https:\/\/coreondu.world\/?p=1481"},"modified":"2025-07-22T09:45:42","modified_gmt":"2025-07-22T07:45:42","slug":"emanuel-matias-angola-promesa-moda-masculina-internacional","status":"publish","type":"post","link":"https:\/\/coreondu.world\/pt\/emanuel-matias-angola-promesa-moda-masculina-internacional\/","title":{"rendered":"Emanuel Matias: De Angola a Paris, uma nova promessa na moda masculina internacional"},"content":{"rendered":"<p>No mundo da modela\u00e7\u00e3o, uma estreia \u00e9 muito mais do que uma primeira apari\u00e7\u00e3o. \u00c9 um momento decisivo que pode definir o rumo de uma carreira, abrir portas e colocar um novo rosto no radar dos maiores nomes da ind\u00fastria. Nem todos os modelos se tornam grandes desde o in\u00edcio, mas aqueles que o fazem, deixam uma impress\u00e3o duradoura.<\/p>\n\n\n\n<p>A ind\u00fastria da moda vive de momentos-chave, e para a ind\u00fastria da moda, o <a href=\"https:\/\/www.instagram.com\/bandi.ofc\/?g=5\">Emanuel <\/a><a href=\"https:\/\/www.instagram.com\/bandi.ofc\/?g=5\" target=\"_blank\" rel=\"noreferrer noopener\">Matias<\/a>um dos talentos emergentes de <a href=\"https:\/\/www.dabanda.com\/\" target=\"_blank\" rel=\"noreferrer noopener\">Da Banda Model Management<\/a>esse momento j\u00e1 marcava o seu percurso. A sua estreia internacional no <strong>Semana da Moda de Paris FW25<\/strong> representa um antes e um depois na sua trajet\u00f3ria e, ao mesmo tempo, refor\u00e7a a presen\u00e7a da moda angolana nos mais prestigiados palcos do mundo.<\/p>\n\n\n\n<p>Com uma eleg\u00e2ncia natural na passerelle e uma paix\u00e3o org\u00e2nica pela moda, <strong>Emanuel Matias desfilou <\/strong><strong>para a empresa japonesa <\/strong><a href=\"https:\/\/miharayasuhiro.jp\/\">MIHARA YASUHIRO<\/a>conhecida pela sua abordagem radical e pelo seu compromisso com o design experimental. Participar no desfile de uma das marcas mais vanguardistas do panorama atual \u00e9 uma valida\u00e7\u00e3o clara do potencial e da proje\u00e7\u00e3o desta jovem modelo.<\/p>\n\n\n\n<p>A decis\u00e3o de incluir Emanuel no casting de MIHARA YASUHIRO n\u00e3o foi acidental. A sua versatilidade, a sua capacidade de adapta\u00e7\u00e3o a diferentes c\u00f3digos est\u00e9ticos e a sua presen\u00e7a assertiva em palco enquadram-se perfeitamente na proposta visual da marca. Isto permitiu-lhe consolidar a sua posi\u00e7\u00e3o como modelo capaz de encarnar discursos de moda inovadores.<\/p>\n\n\n\n<p>Esta evolu\u00e7\u00e3o sublinha igualmente a vis\u00e3o e o empenhamento da <strong>Da Banda Model Management<\/strong>uma ag\u00eancia que revolucionou o panorama dos modelos angolanos, descobrindo e alimentando novos talentos. No caso do Emanuel, a ag\u00eancia n\u00e3o s\u00f3 o ajuda a construir uma imagem s\u00f3lida, como tamb\u00e9m lhe tra\u00e7a um percurso profissional com a ajuda da ag\u00eancia. <a href=\"https:\/\/coreondu.world\/pt\/coreon-du-moda-celebridades\/\">proje\u00e7\u00e3o internacional<\/a>.<\/p>\n\n\n\n<p>Com este primeiro passo nas grandes ligas da moda masculina, <strong>Emanuel Matias j\u00e1 est\u00e1 a emergir como uma figura promissora.<\/strong> dentro da nova gera\u00e7\u00e3o de profissionais de moda africanos. O seu crescimento a n\u00edvel internacional, tanto como modelo como criador de conte\u00fados de moda, n\u00e3o s\u00f3 deixa os profissionais angolanos muito orgulhosos, como tamb\u00e9m os deixa muito orgulhosos dele. <strong>inspira outros jovens da sua gera\u00e7\u00e3o<\/strong> aspirar a novos horizontes num sector caracterizado pelo seu alcance global e pela sua constante capacidade de se reinventar e inovar.<\/p>\n\n\n\n<p><\/p>","protected":false},"excerpt":{"rendered":"<p>En el mundo del modelaje, el debut representa mucho m\u00e1s que una primera aparici\u00f3n. Es un momento decisivo que puede definir el rumbo de una carrera, abrir puertas y situar a un nuevo rostro en el radar de los grandes nombres de la industria. No todos los modelos logran destacar desde el inicio, pero quienes lo hacen, dejan una huella duradera. La industria de la moda vive de momentos clave, y para Emanuel Matias, uno de los talentos emergentes de Da Banda Model Management, ese momento ya marc\u00f3 su camino. Su debut internacional en la Paris Fashion Week FW25 representa un antes y un despu\u00e9s en su trayectoria y, al mismo tiempo, refuerza la presencia de la moda angolana en los escenarios m\u00e1s prestigiosos del planeta. Con una elegancia natural sobre la pasarela y pasi\u00f3n org\u00e1nica pela moda , Emanuel Matias desfil\u00f3 para la firma japonesa MIHARA YASUHIRO, conocida por su enfoque radical y su apuesta por el dise\u00f1o experimental. Participar en el desfile de una de las marcas m\u00e1s vanguardistas del panorama actual se convierte en una validaci\u00f3n\u00f3n clara del potencial y la proyecci\u00f3n\u00f3n de este joven modelo. La decisi\u00f3n de incluir a Emanuel en el casting de MIHARA YASUHIRO no fue casual. Su versatilidad, su capacidad para adaptarse a distintos c\u00f3digos est\u00e9ticos y su presencia firme en escena encajaron a la perfecci\u00f3n con la propuesta visual de la marca. Esto le ha permitido consolidar su posici\u00f3n como un modelo capaz de encarnar discursos de moda innovadores. Este avance tambi\u00e9n pone de manifiesto la visi\u00f3n y el compromiso de Da Banda Model Management, una agencia que ha revolucionado el panorama del modelaje angole\u00f1o al descubrir y potenciar nuevos talentos. En el caso de Emanuel, la agencia no solo le ayuda a construir una imagen s\u00f3lida, sino que tambi\u00e9n traza junto a \u00e9l una trayectoria profesional con proyecci\u00f3n internacional. Con este primer paso en las grandes ligas de la moda masculina, Emanuel Matias ya se perfila como una figura prometedora dentro de la nueva generaci\u00f3n de profesionales de la moda africanos. Su crecimiento a nivel internacional, tanto como modelo como creador de contenido de moda, no solo llena de orgullo a los profesionales de Angola, sino que tambi\u00e9n inspira a otros j\u00f3venes de su generaci\u00f3n a aspirar a nuevos horizontes en una industria que se caracteriza por su alcance global y su constante capacidad de reinventarse e innovar.<\/p>","protected":false},"author":2,"featured_media":1482,"comment_status":"open","ping_status":"open","sticky":false,"template":"","format":"standard","meta":{"footnotes":""},"categories":[11],"tags":[33,18,20],"class_list":["post-1481","post","type-post","status-publish","format-standard","has-post-thumbnail","hentry","category-we-du","tag-da-banda-model","tag-moda","tag-modelaje"],"yoast_head":"<!-- This site is optimized with the Yoast SEO plugin v27.1.1 - https:\/\/yoast.com\/product\/yoast-seo-wordpress\/ -->\n<title>Emanuel Matias debuta en la Paris Fashion Week FW25 con MIHARA YASUHIRO - Coreon Du<\/title>\n<meta name=\"description\" content=\"El modelo angole\u00f1o Emanuel Matias brilla en su debut internacional en Par\u00eds junto a la firma japonesa MIHARA YASUHIRO.\" \/>\n<meta name=\"robots\" content=\"index, follow, max-snippet:-1, max-image-preview:large, max-video-preview:-1\" \/>\n<link rel=\"canonical\" href=\"https:\/\/coreondu.world\/pt\/emanuel-matias-angola-promesa-moda-masculina-internacional\/\" \/>\n<meta property=\"og:locale\" content=\"pt_PT\" \/>\n<meta property=\"og:type\" content=\"article\" \/>\n<meta property=\"og:title\" content=\"Emanuel Matias debuta en la Paris Fashion Week FW25 con MIHARA YASUHIRO - Coreon Du\" \/>\n<meta property=\"og:description\" content=\"El modelo angole\u00f1o Emanuel Matias brilla en su debut internacional en Par\u00eds junto a la firma japonesa MIHARA YASUHIRO.\" \/>\n<meta property=\"og:url\" content=\"https:\/\/coreondu.world\/pt\/emanuel-matias-angola-promesa-moda-masculina-internacional\/\" \/>\n<meta property=\"og:site_name\" content=\"Coreon Du\" \/>\n<meta property=\"article:publisher\" content=\"https:\/\/www.facebook.com\/CoreonDuOficial\/\" \/>\n<meta property=\"article:published_time\" content=\"2025-07-22T07:45:42+00:00\" \/>\n<meta property=\"og:image\" content=\"https:\/\/coreondu.world\/wp-content\/uploads\/2025\/07\/Diseno-sin-titulo-28.png\" \/>\n\t<meta property=\"og:image:width\" content=\"500\" \/>\n\t<meta property=\"og:image:height\" content=\"500\" \/>\n\t<meta property=\"og:image:type\" content=\"image\/png\" \/>\n<meta name=\"author\" content=\"migracion\" \/>\n<meta name=\"twitter:card\" content=\"summary_large_image\" \/>\n<meta name=\"twitter:label1\" content=\"Escrito por\" \/>\n\t<meta name=\"twitter:data1\" content=\"migracion\" \/>\n\t<meta name=\"twitter:label2\" content=\"Tempo estimado de leitura\" \/>\n\t<meta name=\"twitter:data2\" content=\"3 minutos\" \/>\n<script type=\"application\/ld+json\" class=\"yoast-schema-graph\">{\"@context\":\"https:\/\/schema.org\",\"@graph\":[{\"@type\":\"Article\",\"@id\":\"https:\/\/coreondu.world\/emanuel-matias-angola-promesa-moda-masculina-internacional\/#article\",\"isPartOf\":{\"@id\":\"https:\/\/coreondu.world\/emanuel-matias-angola-promesa-moda-masculina-internacional\/\"},\"author\":{\"name\":\"migracion\",\"@id\":\"https:\/\/coreondu.world\/#\/schema\/person\/d8a560761df497646fe0e605ac2ad4fa\"},\"headline\":\"Emanuel Matias: De Angola a Par\u00eds, una nueva promesa\u00a0 en la moda masculina internacional\",\"datePublished\":\"2025-07-22T07:45:42+00:00\",\"mainEntityOfPage\":{\"@id\":\"https:\/\/coreondu.world\/emanuel-matias-angola-promesa-moda-masculina-internacional\/\"},\"wordCount\":439,\"commentCount\":0,\"image\":{\"@id\":\"https:\/\/coreondu.world\/emanuel-matias-angola-promesa-moda-masculina-internacional\/#primaryimage\"},\"thumbnailUrl\":\"https:\/\/coreondu.world\/wp-content\/uploads\/2025\/07\/Diseno-sin-titulo-28.png\",\"keywords\":[\"da banda model\",\"moda\",\"modelaje\"],\"articleSection\":[\"we d\u00fa\"],\"inLanguage\":\"pt-PT\",\"potentialAction\":[{\"@type\":\"CommentAction\",\"name\":\"Comment\",\"target\":[\"https:\/\/coreondu.world\/emanuel-matias-angola-promesa-moda-masculina-internacional\/#respond\"]}]},{\"@type\":\"WebPage\",\"@id\":\"https:\/\/coreondu.world\/emanuel-matias-angola-promesa-moda-masculina-internacional\/\",\"url\":\"https:\/\/coreondu.world\/emanuel-matias-angola-promesa-moda-masculina-internacional\/\",\"name\":\"Emanuel Matias debuta en la Paris Fashion Week FW25 con MIHARA YASUHIRO - Coreon Du\",\"isPartOf\":{\"@id\":\"https:\/\/coreondu.world\/#website\"},\"primaryImageOfPage\":{\"@id\":\"https:\/\/coreondu.world\/emanuel-matias-angola-promesa-moda-masculina-internacional\/#primaryimage\"},\"image\":{\"@id\":\"https:\/\/coreondu.world\/emanuel-matias-angola-promesa-moda-masculina-internacional\/#primaryimage\"},\"thumbnailUrl\":\"https:\/\/coreondu.world\/wp-content\/uploads\/2025\/07\/Diseno-sin-titulo-28.png\",\"datePublished\":\"2025-07-22T07:45:42+00:00\",\"author\":{\"@id\":\"https:\/\/coreondu.world\/#\/schema\/person\/d8a560761df497646fe0e605ac2ad4fa\"},\"description\":\"El modelo angole\u00f1o Emanuel Matias brilla en su debut internacional en Par\u00eds junto a la firma japonesa MIHARA YASUHIRO.\",\"breadcrumb\":{\"@id\":\"https:\/\/coreondu.world\/emanuel-matias-angola-promesa-moda-masculina-internacional\/#breadcrumb\"},\"inLanguage\":\"pt-PT\",\"potentialAction\":[{\"@type\":\"ReadAction\",\"target\":[\"https:\/\/coreondu.world\/emanuel-matias-angola-promesa-moda-masculina-internacional\/\"]}]},{\"@type\":\"ImageObject\",\"inLanguage\":\"pt-PT\",\"@id\":\"https:\/\/coreondu.world\/emanuel-matias-angola-promesa-moda-masculina-internacional\/#primaryimage\",\"url\":\"https:\/\/coreondu.world\/wp-content\/uploads\/2025\/07\/Diseno-sin-titulo-28.png\",\"contentUrl\":\"https:\/\/coreondu.world\/wp-content\/uploads\/2025\/07\/Diseno-sin-titulo-28.png\",\"width\":500,\"height\":500,\"caption\":\"emanuel maties, modelo, modelaje, moda, da banda model, coreon du\"},{\"@type\":\"BreadcrumbList\",\"@id\":\"https:\/\/coreondu.world\/emanuel-matias-angola-promesa-moda-masculina-internacional\/#breadcrumb\",\"itemListElement\":[{\"@type\":\"ListItem\",\"position\":1,\"name\":\"Portada\",\"item\":\"https:\/\/coreondu.world\/\"},{\"@type\":\"ListItem\",\"position\":2,\"name\":\"Emanuel Matias: De Angola a Par\u00eds, una nueva promesa\u00a0 en la moda masculina internacional\"}]},{\"@type\":\"WebSite\",\"@id\":\"https:\/\/coreondu.world\/#website\",\"url\":\"https:\/\/coreondu.world\/\",\"name\":\"Cor\u00e9on D\u00fa\",\"description\":\"\",\"potentialAction\":[{\"@type\":\"SearchAction\",\"target\":{\"@type\":\"EntryPoint\",\"urlTemplate\":\"https:\/\/coreondu.world\/?s={search_term_string}\"},\"query-input\":{\"@type\":\"PropertyValueSpecification\",\"valueRequired\":true,\"valueName\":\"search_term_string\"}}],\"inLanguage\":\"pt-PT\"},{\"@type\":\"Person\",\"@id\":\"https:\/\/coreondu.world\/#\/schema\/person\/d8a560761df497646fe0e605ac2ad4fa\",\"name\":\"migracion\",\"image\":{\"@type\":\"ImageObject\",\"inLanguage\":\"pt-PT\",\"@id\":\"https:\/\/coreondu.world\/#\/schema\/person\/image\/\",\"url\":\"https:\/\/secure.gravatar.com\/avatar\/7748b659d7bf7331a213b118c72a1305f9e6c61e76b2999647f0f6b5d422402e?s=96&d=mm&r=g\",\"contentUrl\":\"https:\/\/secure.gravatar.com\/avatar\/7748b659d7bf7331a213b118c72a1305f9e6c61e76b2999647f0f6b5d422402e?s=96&d=mm&r=g\",\"caption\":\"migracion\"}}]}<\/script>\n<!-- \/ Yoast SEO plugin. -->","yoast_head_json":{"title":"Emanuel Matias debuta en la Paris Fashion Week FW25 con MIHARA YASUHIRO - Coreon Du","description":"El modelo angole\u00f1o Emanuel Matias brilla en su debut internacional en Par\u00eds junto a la firma japonesa MIHARA YASUHIRO.","robots":{"index":"index","follow":"follow","max-snippet":"max-snippet:-1","max-image-preview":"max-image-preview:large","max-video-preview":"max-video-preview:-1"},"canonical":"https:\/\/coreondu.world\/pt\/emanuel-matias-angola-promesa-moda-masculina-internacional\/","og_locale":"pt_PT","og_type":"article","og_title":"Emanuel Matias debuta en la Paris Fashion Week FW25 con MIHARA YASUHIRO - Coreon Du","og_description":"El modelo angole\u00f1o Emanuel Matias brilla en su debut internacional en Par\u00eds junto a la firma japonesa MIHARA YASUHIRO.","og_url":"https:\/\/coreondu.world\/pt\/emanuel-matias-angola-promesa-moda-masculina-internacional\/","og_site_name":"Coreon Du","article_publisher":"https:\/\/www.facebook.com\/CoreonDuOficial\/","article_published_time":"2025-07-22T07:45:42+00:00","og_image":[{"width":500,"height":500,"url":"https:\/\/coreondu.world\/wp-content\/uploads\/2025\/07\/Diseno-sin-titulo-28.png","type":"image\/png"}],"author":"migracion","twitter_card":"summary_large_image","twitter_misc":{"Escrito por":"migracion","Tempo estimado de leitura":"3 minutos"},"schema":{"@context":"https:\/\/schema.org","@graph":[{"@type":"Article","@id":"https:\/\/coreondu.world\/emanuel-matias-angola-promesa-moda-masculina-internacional\/#article","isPartOf":{"@id":"https:\/\/coreondu.world\/emanuel-matias-angola-promesa-moda-masculina-internacional\/"},"author":{"name":"migracion","@id":"https:\/\/coreondu.world\/#\/schema\/person\/d8a560761df497646fe0e605ac2ad4fa"},"headline":"Emanuel Matias: De Angola a Par\u00eds, una nueva promesa\u00a0 en la moda masculina internacional","datePublished":"2025-07-22T07:45:42+00:00","mainEntityOfPage":{"@id":"https:\/\/coreondu.world\/emanuel-matias-angola-promesa-moda-masculina-internacional\/"},"wordCount":439,"commentCount":0,"image":{"@id":"https:\/\/coreondu.world\/emanuel-matias-angola-promesa-moda-masculina-internacional\/#primaryimage"},"thumbnailUrl":"https:\/\/coreondu.world\/wp-content\/uploads\/2025\/07\/Diseno-sin-titulo-28.png","keywords":["da banda model","moda","modelaje"],"articleSection":["we d\u00fa"],"inLanguage":"pt-PT","potentialAction":[{"@type":"CommentAction","name":"Comment","target":["https:\/\/coreondu.world\/emanuel-matias-angola-promesa-moda-masculina-internacional\/#respond"]}]},{"@type":"WebPage","@id":"https:\/\/coreondu.world\/emanuel-matias-angola-promesa-moda-masculina-internacional\/","url":"https:\/\/coreondu.world\/emanuel-matias-angola-promesa-moda-masculina-internacional\/","name":"Emanuel Matias debuta en la Paris Fashion Week FW25 con MIHARA YASUHIRO - Coreon Du","isPartOf":{"@id":"https:\/\/coreondu.world\/#website"},"primaryImageOfPage":{"@id":"https:\/\/coreondu.world\/emanuel-matias-angola-promesa-moda-masculina-internacional\/#primaryimage"},"image":{"@id":"https:\/\/coreondu.world\/emanuel-matias-angola-promesa-moda-masculina-internacional\/#primaryimage"},"thumbnailUrl":"https:\/\/coreondu.world\/wp-content\/uploads\/2025\/07\/Diseno-sin-titulo-28.png","datePublished":"2025-07-22T07:45:42+00:00","author":{"@id":"https:\/\/coreondu.world\/#\/schema\/person\/d8a560761df497646fe0e605ac2ad4fa"},"description":"El modelo angole\u00f1o Emanuel Matias brilla en su debut internacional en Par\u00eds junto a la firma japonesa MIHARA YASUHIRO.","breadcrumb":{"@id":"https:\/\/coreondu.world\/emanuel-matias-angola-promesa-moda-masculina-internacional\/#breadcrumb"},"inLanguage":"pt-PT","potentialAction":[{"@type":"ReadAction","target":["https:\/\/coreondu.world\/emanuel-matias-angola-promesa-moda-masculina-internacional\/"]}]},{"@type":"ImageObject","inLanguage":"pt-PT","@id":"https:\/\/coreondu.world\/emanuel-matias-angola-promesa-moda-masculina-internacional\/#primaryimage","url":"https:\/\/coreondu.world\/wp-content\/uploads\/2025\/07\/Diseno-sin-titulo-28.png","contentUrl":"https:\/\/coreondu.world\/wp-content\/uploads\/2025\/07\/Diseno-sin-titulo-28.png","width":500,"height":500,"caption":"emanuel maties, modelo, modelaje, moda, da banda model, coreon du"},{"@type":"BreadcrumbList","@id":"https:\/\/coreondu.world\/emanuel-matias-angola-promesa-moda-masculina-internacional\/#breadcrumb","itemListElement":[{"@type":"ListItem","position":1,"name":"Portada","item":"https:\/\/coreondu.world\/"},{"@type":"ListItem","position":2,"name":"Emanuel Matias: De Angola a Par\u00eds, una nueva promesa\u00a0 en la moda masculina internacional"}]},{"@type":"WebSite","@id":"https:\/\/coreondu.world\/#website","url":"https:\/\/coreondu.world\/","name":"Cor\u00e9on D\u00fa","description":"","potentialAction":[{"@type":"SearchAction","target":{"@type":"EntryPoint","urlTemplate":"https:\/\/coreondu.world\/?s={search_term_string}"},"query-input":{"@type":"PropertyValueSpecification","valueRequired":true,"valueName":"search_term_string"}}],"inLanguage":"pt-PT"},{"@type":"Person","@id":"https:\/\/coreondu.world\/#\/schema\/person\/d8a560761df497646fe0e605ac2ad4fa","name":"migracion","image":{"@type":"ImageObject","inLanguage":"pt-PT","@id":"https:\/\/coreondu.world\/#\/schema\/person\/image\/","url":"https:\/\/secure.gravatar.com\/avatar\/7748b659d7bf7331a213b118c72a1305f9e6c61e76b2999647f0f6b5d422402e?s=96&d=mm&r=g","contentUrl":"https:\/\/secure.gravatar.com\/avatar\/7748b659d7bf7331a213b118c72a1305f9e6c61e76b2999647f0f6b5d422402e?s=96&d=mm&r=g","caption":"migracion"}}]}},"_links":{"self":[{"href":"https:\/\/coreondu.world\/pt\/wp-json\/wp\/v2\/posts\/1481","targetHints":{"allow":["GET"]}}],"collection":[{"href":"https:\/\/coreondu.world\/pt\/wp-json\/wp\/v2\/posts"}],"about":[{"href":"https:\/\/coreondu.world\/pt\/wp-json\/wp\/v2\/types\/post"}],"author":[{"embeddable":true,"href":"https:\/\/coreondu.world\/pt\/wp-json\/wp\/v2\/users\/2"}],"replies":[{"embeddable":true,"href":"https:\/\/coreondu.world\/pt\/wp-json\/wp\/v2\/comments?post=1481"}],"version-history":[{"count":2,"href":"https:\/\/coreondu.world\/pt\/wp-json\/wp\/v2\/posts\/1481\/revisions"}],"predecessor-version":[{"id":1484,"href":"https:\/\/coreondu.world\/pt\/wp-json\/wp\/v2\/posts\/1481\/revisions\/1484"}],"wp:featuredmedia":[{"embeddable":true,"href":"https:\/\/coreondu.world\/pt\/wp-json\/wp\/v2\/media\/1482"}],"wp:attachment":[{"href":"https:\/\/coreondu.world\/pt\/wp-json\/wp\/v2\/media?parent=1481"}],"wp:term":[{"taxonomy":"category","embeddable":true,"href":"https:\/\/coreondu.world\/pt\/wp-json\/wp\/v2\/categories?post=1481"},{"taxonomy":"post_tag","embeddable":true,"href":"https:\/\/coreondu.world\/pt\/wp-json\/wp\/v2\/tags?post=1481"}],"curies":[{"name":"wp","href":"https:\/\/api.w.org\/{rel}","templated":true}]}}