{"id":1396,"date":"2025-07-04T10:19:34","date_gmt":"2025-07-04T08:19:34","guid":{"rendered":"https:\/\/coreondu.world\/?p=1396"},"modified":"2025-07-04T11:19:10","modified_gmt":"2025-07-04T09:19:10","slug":"contra-todos-festin-2025-cine-angoleno-lusofono","status":"publish","type":"post","link":"https:\/\/coreondu.world\/pt\/contra-todos-festin-2025-cine-angoleno-lusofono\/","title":{"rendered":"\"Contra Todos\" triunfa no FESTIN 2025 e consolida a sua presen\u00e7a no mundo lus\u00f3fono"},"content":{"rendered":"<p>O filme <em>Contra todos<\/em>uma colabora\u00e7\u00e3o entre o projeto <a href=\"https:\/\/linktr.ee\/ilovekuduro\" target=\"_blank\" rel=\"noreferrer noopener\"><em>Eu amo o Kuduro<\/em><\/a> e o cineasta independente angolano <strong>Satanha Cin\u00e9filo<\/strong>foi galardoado com o pr\u00e9mio <strong>Pr\u00e9mio do P\u00fablico para Melhor Longa-Metragem<\/strong> na 16\u00aa edi\u00e7\u00e3o do <strong>FESTIN <\/strong><a href=\"https:\/\/festin-festival.com\/\" target=\"_blank\" rel=\"noreferrer noopener\"><strong>(Festival de Cinema Itinerante da L\u00edngua Portuguesa)<\/strong>,<\/a> recentemente realizado em Lisboa, Portugal. Para al\u00e9m disso, o filme recebeu um <strong>Men\u00e7\u00e3o Honrosa do J\u00fari<\/strong> na Competi\u00e7\u00e3o Oficial de Longas-Metragens, confirmando o seu impacto junto da cr\u00edtica e do p\u00fablico.<\/p>\n\n\n\n<h2 class=\"wp-block-heading\"><strong>O FESTIN como plataforma para o cinema lus\u00f3fono<\/strong><\/h2>\n\n\n\n<p>O <strong>FESTIN<\/strong> \u00e9 um dos principais palcos do cinema de l\u00edngua portuguesa. Sediado em Lisboa desde 2010, o festival celebra a diversidade cultural dos pa\u00edses de l\u00edngua portuguesa atrav\u00e9s de uma abordagem itinerante e plural. Na sua 16\u00aa edi\u00e7\u00e3o, o FESTIN reafirmou o seu compromisso com as vozes emergentes do cinema independente, especialmente aquelas que tornam vis\u00edveis as diversas realidades sociais, culturais e lingu\u00edsticas do universo lus\u00f3fono.<\/p>\n\n\n\n<p><a href=\"https:\/\/festin-festival.com\/contra-todos\/\" target=\"_blank\" rel=\"noreferrer noopener\"><em>Contra todos<\/em><\/a> marca o <strong>primeira incurs\u00e3o da plataforma I Love Kuduro<\/strong> no cinema de fic\u00e7\u00e3o. A obra teve sua <strong>estreia mundial em Portugal no \u00e2mbito da competi\u00e7\u00e3o oficial do FESTIN 2025<\/strong>e foi posteriormente selecionado para o <strong>Festival Internacional de Cinema de Abuja<\/strong>na Nig\u00e9ria, no \u00e2mbito da sua estreia em \u00c1frica. Em junho de 2025, chegou finalmente \u00e0s salas de cinema angolanas, sendo exibido no <strong>Cinemas Cinemax em Luanda e Benguela<\/strong>onde foi recebida com entusiasmo pelo p\u00fablico local.<\/p>\n\n\n\n<p>Estrelas <a href=\"https:\/\/www.instagram.com\/fernandomailogee\/?hl=es\" target=\"_blank\" rel=\"noreferrer noopener\"><strong>Fernando Mailoge<\/strong><\/a><strong>, Ednara da Concei\u00e7\u00e3o e Nelson Faustino<\/strong>O filme conta a hist\u00f3ria de jovens que lutam para singrar na ind\u00fastria musical, enfrentando obst\u00e1culos pessoais e estruturais. Com uma abordagem aut\u00eantica e profundamente enraizada na realidade social de Angola, <em>Contra todos<\/em> \u00e9 tamb\u00e9m uma celebra\u00e7\u00e3o da riqueza idiom\u00e1tica do portugu\u00eas tal como \u00e9 falado e transformado em <strong>Luanda e outras regi\u00f5es de Angola<\/strong>.<\/p>\n\n\n\n<h2 class=\"wp-block-heading\"><strong>Impacto no cinema angolano<\/strong><\/h2>\n\n\n\n<p>De <a href=\"https:\/\/coreondu.world\/pt\/musica-africana-contemporanea-como-fuerza-cultural-global\/\">Eu amo o Kuduro<\/a>O reconhecimento foi recebido como um impulso importante. \"A conquista deste pr\u00e9mio \u00e9 um marco para toda a equipa do projeto\", afirmou. <strong>Coreon Du<\/strong>Gostar\u00edamos de agradecer ao Satanha Cin\u00e9filo, bem como ao fundador e diretor criativo da plataforma. \"Gostar\u00edamos de agradecer ao Satanha Cin\u00e9filo, juntamente com o maravilhoso elenco e equipa, por trazerem o seu talento e dedica\u00e7\u00e3o a esta colabora\u00e7\u00e3o. Este pr\u00e9mio encoraja-nos a continuar a criar e a celebrar o cinema que coloca em primeiro plano as culturas ligadas pelas diversas formas da l\u00edngua portuguesa em todo o mundo.\"<\/p>\n\n\n\n<p>A vit\u00f3ria de <em>Contra todos<\/em> no FESTIN n\u00e3o s\u00f3 refor\u00e7a o talento do cinema angolano contempor\u00e2neo, como tamb\u00e9m torna vis\u00edveis novas narrativas e vozes que est\u00e3o a emergir com for\u00e7a no cinema lus\u00f3fono global.<\/p>","protected":false},"excerpt":{"rendered":"<p>La pel\u00edcula Contra Todos, una colaboraci\u00f3n entre el proyecto I Love Kuduro y el cineasta independiente angole\u00f1o Satanha Cin\u00e9filo, ha sido galardonada con el Premio del P\u00fablico al Mejor Largometraje en la 16\u00aa edici\u00f3n del FESTIN (Festival de Cinema Itinerante da L\u00edngua Portuguesa), celebrada recientemente en Lisboa, Portugal. Adem\u00e1s, la cinta recibi\u00f3 una Menci\u00f3n Honor\u00edfica del Jurado en la Competici\u00f3n Oficial de Largometrajes, confirmando su impacto tanto en la cr\u00edtica como en el p\u00fablico. El FESTIN como plataforma del cine lus\u00f3fono El FESTIN es uno de los espacios m\u00e1s destacados del cine en lengua portuguesa. Con sede en Lisboa desde 2010, el festival celebra la diversidad cultural de los pa\u00edses lus\u00f3fonos a trav\u00e9s de un enfoque itinerante y plural. En su edici\u00f3n n\u00famero 16, el FESTIN reafirm\u00f3 su compromiso con las voces emergentes del cine independiente, especialmente aquellas que visibilizan realidades sociales, culturales y ling\u00fc\u00edsticas diversas dentro del universo de la lusofon\u00eda. Contra Todos marca la primera incursi\u00f3n de la plataforma I Love Kuduro en el cine de ficci\u00f3n. La obra tuvo su estreno mundial en Portugal dentro de la competencia oficial del FESTIN 2025, y posteriormente fue seleccionada para el Festival Internacional de Cine de Abuja, en Nigeria, como parte de su estreno africano. En junio de 2025, lleg\u00f3 por fin a las salas angole\u00f1as, proyect\u00e1ndose en los cines Cinemax de Luanda y Benguela, donde fue recibida con entusiasmo por el p\u00fablico local. Protagonizada por Fernando Mailoge, Ednara da Concei\u00e7\u00e3o y Nelson Faustino, la pel\u00edcula narra la historia de j\u00f3venes que luchan por abrirse camino en la industria musical, enfrentando obst\u00e1culos personales y estructurales. Con un enfoque aut\u00e9ntico y profundamente enraizado en la realidad social de Angola, Contra Todos es tambi\u00e9n una celebraci\u00f3n de la riqueza idiom\u00e1tica del portugu\u00e9s tal como se habla y se transforma en Luanda y otras regiones angole\u00f1as. Impacto en el cine angole\u00f1o Desde I Love Kuduro, el reconocimiento ha sido recibido como un impulso importante. \u201cGanar este premio es un hito para todo el equipo del proyecto\u201d, declar\u00f3 Coreon D\u00fa, fundador y director creativo de la plataforma. \u201cQueremos dar las gracias a Satanha Cin\u00e9filo, junto con el maravilloso elenco y equipo t\u00e9cnico, por aportar su talento y dedicaci\u00f3n a esta colaboraci\u00f3n. Este premio nos incentiva a seguir creando y celebrando el cine que pone en primer plano las culturas conectadas por las diversas formas de la lengua portuguesa en el mundo.\u201d La victoria de Contra Todos en el FESTIN no solo refuerza el talento del cine angole\u00f1o contempor\u00e1neo, sino que tambi\u00e9n visibiliza nuevas narrativas y voces que emergen con fuerza en el cine lus\u00f3fono global.<\/p>","protected":false},"author":2,"featured_media":1398,"comment_status":"open","ping_status":"open","sticky":false,"template":"","format":"standard","meta":{"footnotes":""},"categories":[9,1],"tags":[],"class_list":["post-1396","post","type-post","status-publish","format-standard","has-post-thumbnail","hentry","category-i-du","category-sin-categoria"],"yoast_head":"<!-- This site is optimized with the Yoast SEO plugin v27.1.1 - https:\/\/yoast.com\/product\/yoast-seo-wordpress\/ -->\n<title>Contra Todos gana el Premio del P\u00fablico en FESTIN 2025 - Coreon Du<\/title>\n<meta name=\"description\" content=\"&#039;Contra Todos&#039; gana en el FESTIN 2025 y lleva el cine angole\u00f1o al foco del panorama lus\u00f3fono e internacional.\" \/>\n<meta name=\"robots\" content=\"index, follow, max-snippet:-1, max-image-preview:large, max-video-preview:-1\" \/>\n<link rel=\"canonical\" href=\"https:\/\/coreondu.world\/pt\/contra-todos-festin-2025-cine-angoleno-lusofono\/\" \/>\n<meta property=\"og:locale\" content=\"pt_PT\" \/>\n<meta property=\"og:type\" content=\"article\" \/>\n<meta property=\"og:title\" content=\"Contra Todos gana el Premio del P\u00fablico en FESTIN 2025 - Coreon Du\" \/>\n<meta property=\"og:description\" content=\"&#039;Contra Todos&#039; gana en el FESTIN 2025 y lleva el cine angole\u00f1o al foco del panorama lus\u00f3fono e internacional.\" \/>\n<meta property=\"og:url\" content=\"https:\/\/coreondu.world\/pt\/contra-todos-festin-2025-cine-angoleno-lusofono\/\" \/>\n<meta property=\"og:site_name\" content=\"Coreon Du\" \/>\n<meta property=\"article:publisher\" content=\"https:\/\/www.facebook.com\/CoreonDuOficial\/\" \/>\n<meta property=\"article:published_time\" content=\"2025-07-04T08:19:34+00:00\" \/>\n<meta property=\"article:modified_time\" content=\"2025-07-04T09:19:10+00:00\" \/>\n<meta property=\"og:image\" content=\"https:\/\/coreondu.world\/wp-content\/uploads\/2025\/07\/Diseno-sin-titulo-26.png\" \/>\n\t<meta property=\"og:image:width\" content=\"500\" \/>\n\t<meta property=\"og:image:height\" content=\"500\" \/>\n\t<meta property=\"og:image:type\" content=\"image\/png\" \/>\n<meta name=\"author\" content=\"migracion\" \/>\n<meta name=\"twitter:card\" content=\"summary_large_image\" \/>\n<meta name=\"twitter:label1\" content=\"Escrito por\" \/>\n\t<meta name=\"twitter:data1\" content=\"migracion\" \/>\n\t<meta name=\"twitter:label2\" content=\"Tempo estimado de leitura\" \/>\n\t<meta name=\"twitter:data2\" content=\"3 minutos\" \/>\n<script type=\"application\/ld+json\" class=\"yoast-schema-graph\">{\"@context\":\"https:\/\/schema.org\",\"@graph\":[{\"@type\":\"Article\",\"@id\":\"https:\/\/coreondu.world\/contra-todos-festin-2025-cine-angoleno-lusofono\/#article\",\"isPartOf\":{\"@id\":\"https:\/\/coreondu.world\/contra-todos-festin-2025-cine-angoleno-lusofono\/\"},\"author\":{\"name\":\"migracion\",\"@id\":\"https:\/\/coreondu.world\/#\/schema\/person\/d8a560761df497646fe0e605ac2ad4fa\"},\"headline\":\"\u201cContra Todos\u201d triunfa en el FESTIN 2025 y consolida su presencia en el panorama lus\u00f3fono\",\"datePublished\":\"2025-07-04T08:19:34+00:00\",\"dateModified\":\"2025-07-04T09:19:10+00:00\",\"mainEntityOfPage\":{\"@id\":\"https:\/\/coreondu.world\/contra-todos-festin-2025-cine-angoleno-lusofono\/\"},\"wordCount\":487,\"commentCount\":0,\"image\":{\"@id\":\"https:\/\/coreondu.world\/contra-todos-festin-2025-cine-angoleno-lusofono\/#primaryimage\"},\"thumbnailUrl\":\"https:\/\/coreondu.world\/wp-content\/uploads\/2025\/07\/Diseno-sin-titulo-26.png\",\"articleSection\":[\"i d\u00fa\",\"Sin categor\u00eda\"],\"inLanguage\":\"pt-PT\",\"potentialAction\":[{\"@type\":\"CommentAction\",\"name\":\"Comment\",\"target\":[\"https:\/\/coreondu.world\/contra-todos-festin-2025-cine-angoleno-lusofono\/#respond\"]}]},{\"@type\":\"WebPage\",\"@id\":\"https:\/\/coreondu.world\/contra-todos-festin-2025-cine-angoleno-lusofono\/\",\"url\":\"https:\/\/coreondu.world\/contra-todos-festin-2025-cine-angoleno-lusofono\/\",\"name\":\"Contra Todos gana el Premio del P\u00fablico en FESTIN 2025 - Coreon Du\",\"isPartOf\":{\"@id\":\"https:\/\/coreondu.world\/#website\"},\"primaryImageOfPage\":{\"@id\":\"https:\/\/coreondu.world\/contra-todos-festin-2025-cine-angoleno-lusofono\/#primaryimage\"},\"image\":{\"@id\":\"https:\/\/coreondu.world\/contra-todos-festin-2025-cine-angoleno-lusofono\/#primaryimage\"},\"thumbnailUrl\":\"https:\/\/coreondu.world\/wp-content\/uploads\/2025\/07\/Diseno-sin-titulo-26.png\",\"datePublished\":\"2025-07-04T08:19:34+00:00\",\"dateModified\":\"2025-07-04T09:19:10+00:00\",\"author\":{\"@id\":\"https:\/\/coreondu.world\/#\/schema\/person\/d8a560761df497646fe0e605ac2ad4fa\"},\"description\":\"'Contra Todos' gana en el FESTIN 2025 y lleva el cine angole\u00f1o al foco del panorama lus\u00f3fono e internacional.\",\"breadcrumb\":{\"@id\":\"https:\/\/coreondu.world\/contra-todos-festin-2025-cine-angoleno-lusofono\/#breadcrumb\"},\"inLanguage\":\"pt-PT\",\"potentialAction\":[{\"@type\":\"ReadAction\",\"target\":[\"https:\/\/coreondu.world\/contra-todos-festin-2025-cine-angoleno-lusofono\/\"]}]},{\"@type\":\"ImageObject\",\"inLanguage\":\"pt-PT\",\"@id\":\"https:\/\/coreondu.world\/contra-todos-festin-2025-cine-angoleno-lusofono\/#primaryimage\",\"url\":\"https:\/\/coreondu.world\/wp-content\/uploads\/2025\/07\/Diseno-sin-titulo-26.png\",\"contentUrl\":\"https:\/\/coreondu.world\/wp-content\/uploads\/2025\/07\/Diseno-sin-titulo-26.png\",\"width\":500,\"height\":500,\"caption\":\"pelicula angole\u00f1a, contra todos, cor\u00e9on d\u00fa\"},{\"@type\":\"BreadcrumbList\",\"@id\":\"https:\/\/coreondu.world\/contra-todos-festin-2025-cine-angoleno-lusofono\/#breadcrumb\",\"itemListElement\":[{\"@type\":\"ListItem\",\"position\":1,\"name\":\"Portada\",\"item\":\"https:\/\/coreondu.world\/\"},{\"@type\":\"ListItem\",\"position\":2,\"name\":\"\u201cContra Todos\u201d triunfa en el FESTIN 2025 y consolida su presencia en el panorama lus\u00f3fono\"}]},{\"@type\":\"WebSite\",\"@id\":\"https:\/\/coreondu.world\/#website\",\"url\":\"https:\/\/coreondu.world\/\",\"name\":\"Cor\u00e9on D\u00fa\",\"description\":\"\",\"potentialAction\":[{\"@type\":\"SearchAction\",\"target\":{\"@type\":\"EntryPoint\",\"urlTemplate\":\"https:\/\/coreondu.world\/?s={search_term_string}\"},\"query-input\":{\"@type\":\"PropertyValueSpecification\",\"valueRequired\":true,\"valueName\":\"search_term_string\"}}],\"inLanguage\":\"pt-PT\"},{\"@type\":\"Person\",\"@id\":\"https:\/\/coreondu.world\/#\/schema\/person\/d8a560761df497646fe0e605ac2ad4fa\",\"name\":\"migracion\",\"image\":{\"@type\":\"ImageObject\",\"inLanguage\":\"pt-PT\",\"@id\":\"https:\/\/coreondu.world\/#\/schema\/person\/image\/\",\"url\":\"https:\/\/secure.gravatar.com\/avatar\/7748b659d7bf7331a213b118c72a1305f9e6c61e76b2999647f0f6b5d422402e?s=96&d=mm&r=g\",\"contentUrl\":\"https:\/\/secure.gravatar.com\/avatar\/7748b659d7bf7331a213b118c72a1305f9e6c61e76b2999647f0f6b5d422402e?s=96&d=mm&r=g\",\"caption\":\"migracion\"}}]}<\/script>\n<!-- \/ Yoast SEO plugin. -->","yoast_head_json":{"title":"Contra Todos gana el Premio del P\u00fablico en FESTIN 2025 - Coreon Du","description":"'Contra Todos' gana en el FESTIN 2025 y lleva el cine angole\u00f1o al foco del panorama lus\u00f3fono e internacional.","robots":{"index":"index","follow":"follow","max-snippet":"max-snippet:-1","max-image-preview":"max-image-preview:large","max-video-preview":"max-video-preview:-1"},"canonical":"https:\/\/coreondu.world\/pt\/contra-todos-festin-2025-cine-angoleno-lusofono\/","og_locale":"pt_PT","og_type":"article","og_title":"Contra Todos gana el Premio del P\u00fablico en FESTIN 2025 - Coreon Du","og_description":"'Contra Todos' gana en el FESTIN 2025 y lleva el cine angole\u00f1o al foco del panorama lus\u00f3fono e internacional.","og_url":"https:\/\/coreondu.world\/pt\/contra-todos-festin-2025-cine-angoleno-lusofono\/","og_site_name":"Coreon Du","article_publisher":"https:\/\/www.facebook.com\/CoreonDuOficial\/","article_published_time":"2025-07-04T08:19:34+00:00","article_modified_time":"2025-07-04T09:19:10+00:00","og_image":[{"width":500,"height":500,"url":"https:\/\/coreondu.world\/wp-content\/uploads\/2025\/07\/Diseno-sin-titulo-26.png","type":"image\/png"}],"author":"migracion","twitter_card":"summary_large_image","twitter_misc":{"Escrito por":"migracion","Tempo estimado de leitura":"3 minutos"},"schema":{"@context":"https:\/\/schema.org","@graph":[{"@type":"Article","@id":"https:\/\/coreondu.world\/contra-todos-festin-2025-cine-angoleno-lusofono\/#article","isPartOf":{"@id":"https:\/\/coreondu.world\/contra-todos-festin-2025-cine-angoleno-lusofono\/"},"author":{"name":"migracion","@id":"https:\/\/coreondu.world\/#\/schema\/person\/d8a560761df497646fe0e605ac2ad4fa"},"headline":"\u201cContra Todos\u201d triunfa en el FESTIN 2025 y consolida su presencia en el panorama lus\u00f3fono","datePublished":"2025-07-04T08:19:34+00:00","dateModified":"2025-07-04T09:19:10+00:00","mainEntityOfPage":{"@id":"https:\/\/coreondu.world\/contra-todos-festin-2025-cine-angoleno-lusofono\/"},"wordCount":487,"commentCount":0,"image":{"@id":"https:\/\/coreondu.world\/contra-todos-festin-2025-cine-angoleno-lusofono\/#primaryimage"},"thumbnailUrl":"https:\/\/coreondu.world\/wp-content\/uploads\/2025\/07\/Diseno-sin-titulo-26.png","articleSection":["i d\u00fa","Sin categor\u00eda"],"inLanguage":"pt-PT","potentialAction":[{"@type":"CommentAction","name":"Comment","target":["https:\/\/coreondu.world\/contra-todos-festin-2025-cine-angoleno-lusofono\/#respond"]}]},{"@type":"WebPage","@id":"https:\/\/coreondu.world\/contra-todos-festin-2025-cine-angoleno-lusofono\/","url":"https:\/\/coreondu.world\/contra-todos-festin-2025-cine-angoleno-lusofono\/","name":"Contra Todos gana el Premio del P\u00fablico en FESTIN 2025 - Coreon Du","isPartOf":{"@id":"https:\/\/coreondu.world\/#website"},"primaryImageOfPage":{"@id":"https:\/\/coreondu.world\/contra-todos-festin-2025-cine-angoleno-lusofono\/#primaryimage"},"image":{"@id":"https:\/\/coreondu.world\/contra-todos-festin-2025-cine-angoleno-lusofono\/#primaryimage"},"thumbnailUrl":"https:\/\/coreondu.world\/wp-content\/uploads\/2025\/07\/Diseno-sin-titulo-26.png","datePublished":"2025-07-04T08:19:34+00:00","dateModified":"2025-07-04T09:19:10+00:00","author":{"@id":"https:\/\/coreondu.world\/#\/schema\/person\/d8a560761df497646fe0e605ac2ad4fa"},"description":"'Contra Todos' gana en el FESTIN 2025 y lleva el cine angole\u00f1o al foco del panorama lus\u00f3fono e internacional.","breadcrumb":{"@id":"https:\/\/coreondu.world\/contra-todos-festin-2025-cine-angoleno-lusofono\/#breadcrumb"},"inLanguage":"pt-PT","potentialAction":[{"@type":"ReadAction","target":["https:\/\/coreondu.world\/contra-todos-festin-2025-cine-angoleno-lusofono\/"]}]},{"@type":"ImageObject","inLanguage":"pt-PT","@id":"https:\/\/coreondu.world\/contra-todos-festin-2025-cine-angoleno-lusofono\/#primaryimage","url":"https:\/\/coreondu.world\/wp-content\/uploads\/2025\/07\/Diseno-sin-titulo-26.png","contentUrl":"https:\/\/coreondu.world\/wp-content\/uploads\/2025\/07\/Diseno-sin-titulo-26.png","width":500,"height":500,"caption":"pelicula angole\u00f1a, contra todos, cor\u00e9on d\u00fa"},{"@type":"BreadcrumbList","@id":"https:\/\/coreondu.world\/contra-todos-festin-2025-cine-angoleno-lusofono\/#breadcrumb","itemListElement":[{"@type":"ListItem","position":1,"name":"Portada","item":"https:\/\/coreondu.world\/"},{"@type":"ListItem","position":2,"name":"\u201cContra Todos\u201d triunfa en el FESTIN 2025 y consolida su presencia en el panorama lus\u00f3fono"}]},{"@type":"WebSite","@id":"https:\/\/coreondu.world\/#website","url":"https:\/\/coreondu.world\/","name":"Cor\u00e9on D\u00fa","description":"","potentialAction":[{"@type":"SearchAction","target":{"@type":"EntryPoint","urlTemplate":"https:\/\/coreondu.world\/?s={search_term_string}"},"query-input":{"@type":"PropertyValueSpecification","valueRequired":true,"valueName":"search_term_string"}}],"inLanguage":"pt-PT"},{"@type":"Person","@id":"https:\/\/coreondu.world\/#\/schema\/person\/d8a560761df497646fe0e605ac2ad4fa","name":"migracion","image":{"@type":"ImageObject","inLanguage":"pt-PT","@id":"https:\/\/coreondu.world\/#\/schema\/person\/image\/","url":"https:\/\/secure.gravatar.com\/avatar\/7748b659d7bf7331a213b118c72a1305f9e6c61e76b2999647f0f6b5d422402e?s=96&d=mm&r=g","contentUrl":"https:\/\/secure.gravatar.com\/avatar\/7748b659d7bf7331a213b118c72a1305f9e6c61e76b2999647f0f6b5d422402e?s=96&d=mm&r=g","caption":"migracion"}}]}},"_links":{"self":[{"href":"https:\/\/coreondu.world\/pt\/wp-json\/wp\/v2\/posts\/1396","targetHints":{"allow":["GET"]}}],"collection":[{"href":"https:\/\/coreondu.world\/pt\/wp-json\/wp\/v2\/posts"}],"about":[{"href":"https:\/\/coreondu.world\/pt\/wp-json\/wp\/v2\/types\/post"}],"author":[{"embeddable":true,"href":"https:\/\/coreondu.world\/pt\/wp-json\/wp\/v2\/users\/2"}],"replies":[{"embeddable":true,"href":"https:\/\/coreondu.world\/pt\/wp-json\/wp\/v2\/comments?post=1396"}],"version-history":[{"count":2,"href":"https:\/\/coreondu.world\/pt\/wp-json\/wp\/v2\/posts\/1396\/revisions"}],"predecessor-version":[{"id":1400,"href":"https:\/\/coreondu.world\/pt\/wp-json\/wp\/v2\/posts\/1396\/revisions\/1400"}],"wp:featuredmedia":[{"embeddable":true,"href":"https:\/\/coreondu.world\/pt\/wp-json\/wp\/v2\/media\/1398"}],"wp:attachment":[{"href":"https:\/\/coreondu.world\/pt\/wp-json\/wp\/v2\/media?parent=1396"}],"wp:term":[{"taxonomy":"category","embeddable":true,"href":"https:\/\/coreondu.world\/pt\/wp-json\/wp\/v2\/categories?post=1396"},{"taxonomy":"post_tag","embeddable":true,"href":"https:\/\/coreondu.world\/pt\/wp-json\/wp\/v2\/tags?post=1396"}],"curies":[{"name":"wp","href":"https:\/\/api.w.org\/{rel}","templated":true}]}}