{"id":1367,"date":"2025-06-06T13:20:52","date_gmt":"2025-06-06T11:20:52","guid":{"rendered":"https:\/\/coreondu.world\/?p=1367"},"modified":"2025-06-06T13:20:54","modified_gmt":"2025-06-06T11:20:54","slug":"convocatoria-abierta-kultura-con-2025","status":"publish","type":"post","link":"https:\/\/coreondu.world\/pt\/convocatoria-abierta-kultura-con-2025\/","title":{"rendered":"Convite aberto para a Kultura Con 2025: um convite \u00e0 cria\u00e7\u00e3o a partir da diversidade"},"content":{"rendered":"<p>O festival <a href=\"https:\/\/www.kulturacon.com\/\"><strong>KULTURA COM<\/strong><\/a> regressa na sua edi\u00e7\u00e3o de 2025 com um <a href=\"https:\/\/www.imcine.gob.mx\/Pagina\/Convocatoria?uid=3144bec6-4dda-49c5-9bb6-17c85270e117\">novo convite \u00e0 apresenta\u00e7\u00e3o de candidaturas<\/a> aberto a artistas, criadores e colectivos de todo o mundo. O evento ter\u00e1 lugar no <strong>Cidade do M\u00e9xico<\/strong>entre os <strong>31 de agosto e 28 de setembro<\/strong>e reunir\u00e1 propostas culturais que dialogam com o presente a partir de m\u00faltiplas linguagens e perspectivas.<\/p>\n\n\n\n<h2 class=\"wp-block-heading\"><strong>Um festival para pensar e transformar coletivamente<\/strong><\/h2>\n\n\n\n<p>KULTURA CON \u00e9 definida como uma <a href=\"https:\/\/filmfreeway.com\/KulturaCon\"><strong>festival multidisciplinar<\/strong><\/a> que celebra a diversidade cultural do sul global, com uma abordagem intersectorial, inclusiva e contempor\u00e2nea. A sua programa\u00e7\u00e3o procura criar um espa\u00e7o de encontro onde a arte, o pensamento, a experi\u00eancia comunit\u00e1ria e a a\u00e7\u00e3o criativa se entrela\u00e7am num ecossistema vivo.<\/p>\n\n\n\n<p>Atrav\u00e9s de palestras, filmes, dan\u00e7a, artes visuais, design, performance e workshops, o KULTURA CON prop\u00f5e uma plataforma para imaginar novos futuros, tornar vis\u00edveis narrativas sub-representadas e construir pontes entre identidades, territ\u00f3rios e modos de vida.<\/p>\n\n\n\n<p>Neste <a href=\"https:\/\/periodistasunidos.com.mx\/nacional\/cultura-y-espectaculos\/kultura-con-2025-lanza-convocatoria-para-su-tercera-edicion-en-la-ciudad-de-mexico\/\">terceira edi\u00e7\u00e3o<\/a>O festival reafirma o seu compromisso com a cria\u00e7\u00e3o colaborativa e a reflex\u00e3o cr\u00edtica sobre os desafios culturais, sociais e pol\u00edticos do nosso tempo.<\/p>\n\n\n\n<h2 class=\"wp-block-heading\"><strong>Eixos tem\u00e1ticos<\/strong><\/h2>\n\n\n\n<p>As propostas apresentadas devem estar ligadas a um dos cinco eixos tem\u00e1ticos que orientam a programa\u00e7\u00e3o desta edi\u00e7\u00e3o:<\/p>\n\n\n\n<ul class=\"wp-block-list\">\n<li><strong>Hibrida\u00e7\u00e3o cultural e novas identidades<\/strong>Projectos que exploram a forma como as identidades se transformam, colidem ou dialogam num mundo interligado.<\/li>\n\n\n\n<li><strong>A era dos \"cuidados<\/strong>Obras que abordam o cuidado como uma pr\u00e1tica essencial - do planeta, das comunidades, do corpo, do quotidiano - n\u00e3o como uma tend\u00eancia, mas como um ato pol\u00edtico e emocional.<\/li>\n\n\n\n<li><strong>Economia emocional<\/strong>Reflex\u00f5es art\u00edsticas sobre a influ\u00eancia do consumo digital, dos algoritmos e da tecnologia nas nossas emo\u00e7\u00f5es, rela\u00e7\u00f5es e narrativas pessoais.<\/li>\n\n\n\n<li><strong>Resili\u00eancia contempor\u00e2nea<\/strong>Manifesta\u00e7\u00f5es culturais que documentam, sustentam ou celebram processos de resist\u00eancia, transforma\u00e7\u00e3o e mem\u00f3ria, tanto locais como globais.<\/li>\n\n\n\n<li><strong>Futuros comuns<\/strong>Imagin\u00e1rios que prop\u00f5em formas alternativas de conviv\u00eancia, linguagens experimentais e estruturas emergentes para habitar um mundo l\u00edquido.<\/li>\n<\/ul>\n\n\n\n<h2 class=\"wp-block-heading\"><strong>Quem pode participar?<\/strong><\/h2>\n\n\n\n<p>O convite est\u00e1 aberto a pessoas com mais de 18 anos de idade - de qualquer nacionalidade ou identidade de g\u00e9nero - que desejem apresentar propostas numa ou mais categorias. Podem candidatar-se criadores individuais, colectivos ou equipas interdisciplinares.<\/p>\n\n\n\n<p>A participa\u00e7\u00e3o \u00e9 <strong>livre<\/strong>Os projectos podem ser presenciais ou digitais, dependendo dos requisitos da proposta.<\/p>\n\n\n\n<h2 class=\"wp-block-heading\"><strong>Datas importantes<\/strong><\/h2>\n\n\n\n<ul class=\"wp-block-list\">\n<li><strong>Abertura do convite \u00e0 apresenta\u00e7\u00e3o de candidaturas<\/strong>19 de maio de 2025<\/li>\n\n\n\n<li><strong>Encerramento do convite \u00e0 apresenta\u00e7\u00e3o de candidaturas<\/strong>21 de junho de 2025<\/li>\n\n\n\n<li><strong>An\u00fancio dos candidatos selecionados<\/strong>A partir de 15 de julho de 2025<\/li>\n\n\n\n<li><strong>Festival<\/strong>: De 31 de agosto a 28 de setembro de 2025<\/li>\n<\/ul>\n\n\n\n<h2 class=\"wp-block-heading\"><strong>Processo de sele\u00e7\u00e3o<\/strong><\/h2>\n\n\n\n<p>A equipa acad\u00e9mica analisar\u00e1 todas as candidaturas em duas fases. Em primeiro lugar, ser\u00e1 efectuada uma avalia\u00e7\u00e3o individual por cada membro do comit\u00e9. Posteriormente, ter\u00e1 lugar uma discuss\u00e3o colectiva para definir as <strong>sele\u00e7\u00e3o oficial 2025<\/strong>.<\/p>\n\n\n\n<p>Os participantes selecionados ser\u00e3o notificados por correio eletr\u00f3nico. Ser\u00e3o tamb\u00e9m convocadas reuni\u00f5es de grupo virtuais para resolver d\u00favidas e coordenar os aspectos log\u00edsticos.<\/p>\n\n\n\n<h2 class=\"wp-block-heading\"><strong>Condi\u00e7\u00f5es de participa\u00e7\u00e3o<\/strong><\/h2>\n\n\n\n<p>A KULTURA CON n\u00e3o cobre as despesas de transporte, alojamento e alimenta\u00e7\u00e3o. Os participantes selecionados ser\u00e3o respons\u00e1veis por estas despesas, caso seja necess\u00e1ria a sua presen\u00e7a f\u00edsica na Cidade do M\u00e9xico.<\/p>\n\n\n\n<p>No entanto, o festival est\u00e1 empenhado em oferecer um espa\u00e7o de visibilidade, de interc\u00e2mbio e de divulga\u00e7\u00e3o a novos p\u00fablicos, meios de comunica\u00e7\u00e3o e redes culturais. A plataforma permite que as propostas participantes dialoguem com um p\u00fablico amplo e diversificado, tanto local como internacional.<\/p>\n\n\n\n<h2 class=\"wp-block-heading\"><strong>Utiliza\u00e7\u00e3o de materiais<\/strong><\/h2>\n\n\n\n<p>Ao submeter uma proposta, est\u00e1 a autorizar a utiliza\u00e7\u00e3o do material enviado (imagens, v\u00eddeos, textos, etc.) exclusivamente para efeitos de divulga\u00e7\u00e3o e promo\u00e7\u00e3o do festival. Os cr\u00e9ditos de autoria ser\u00e3o sempre respeitados.<\/p>\n\n\n\n<h2 class=\"wp-block-heading\"><strong>Um apelo \u00e0 imagina\u00e7\u00e3o colectiva<\/strong><\/h2>\n\n\n\n<p><a href=\"https:\/\/www.instagram.com\/kulturacon\/\">KULTURA COM 2025<\/a> procura fazer parte de um movimento cultural que n\u00e3o se limita a mostrar, mas que prop\u00f5e, liga, mobiliza e transforma. A convocat\u00f3ria \u00e9 um convite aberto a todos aqueles que acreditam no poder da arte e do pensamento como motores de mudan\u00e7a.<\/p>","protected":false},"excerpt":{"rendered":"<p>El festival KULTURA CON regresa en su edici\u00f3n 2025 con una nueva convocatoria abierta a artistas, creadorxs y colectivos de todo el mundo. La cita se llevar\u00e1 a cabo en la Ciudad de M\u00e9xico, entre el 31 de agosto y el 28 de septiembre, y reunir\u00e1 propuestas culturales que dialoguen con el presente desde m\u00faltiples lenguajes y perspectivas. Un festival para pensar y transformar colectivamente KULTURA CON se define como un festival multidisciplinario que celebra la diversidad cultural desde el sur global, con un enfoque interseccional, inclusivo y contempor\u00e1neo. Su programaci\u00f3n busca generar un espacio de encuentro donde el arte, el pensamiento, la experiencia comunitaria y la acci\u00f3n creativa se entrelacen en un ecosistema vivo. A trav\u00e9s de charlas, cine, danza, arte visual, dise\u00f1o, performance y talleres, KULTURA CON propone una plataforma para imaginar nuevos futuros, visibilizar narrativas poco representadas y construir puentes entre identidades, territorios y formas de vida. En esta tercera edici\u00f3n, el festival reafirma su compromiso con la creaci\u00f3n colaborativa y la reflexi\u00f3n cr\u00edtica sobre los desaf\u00edos culturales, sociales y pol\u00edticos de nuestra \u00e9poca. Ejes tem\u00e1ticos Las propuestas enviadas deben vincularse con alguno de los cinco ejes tem\u00e1ticos que gu\u00edan la programaci\u00f3n de esta edici\u00f3n: \u00bfQui\u00e9nes pueden participar? La convocatoria est\u00e1 dirigida a personas mayores de 18 a\u00f1os \u2014de cualquier nacionalidad o identidad de g\u00e9nero\u2014 que deseen presentar propuestas en una o m\u00e1s categor\u00edas. Pueden postular creadores individuales, colectivos o equipos interdisciplinarios. La participaci\u00f3n es gratuita, y la modalidad de los proyectos puede ser presencial o digital, seg\u00fan lo requiera la propuesta. Fechas importantes Proceso de selecci\u00f3n El equipo acad\u00e9mico revisar\u00e1 todas las postulaciones en dos fases. Primero, se llevar\u00e1 a cabo una evaluaci\u00f3n individual por parte de cada integrante del comit\u00e9. Luego, se desarrollar\u00e1 una discusi\u00f3n colectiva para definir la selecci\u00f3n oficial 2025. Los participantes seleccionados recibir\u00e1n una notificaci\u00f3n por correo electr\u00f3nico. Tambi\u00e9n se convocar\u00e1n reuniones virtuales grupales para resolver dudas y coordinar aspectos log\u00edsticos. Condiciones de participaci\u00f3n KULTURA CON no cubre los gastos de transporte, alojamiento ni alimentaci\u00f3n. Los participantes seleccionados deber\u00e1n asumir esos gastos en caso de que su presencia f\u00edsica en la Ciudad de M\u00e9xico sea necesaria. Sin embargo, el festival se compromete a ofrecer un espacio de visibilidad, intercambio y difusi\u00f3n ante nuevas audiencias, medios y redes culturales. La plataforma permite que las propuestas participantes dialoguen con un p\u00fablico amplio y diverso, tanto local como internacional. Uso de materiales Al enviar una propuesta, se autoriza el uso del material enviado (im\u00e1genes, videos, textos, etc.) exclusivamente con fines de difusi\u00f3n y promoci\u00f3n del festival. Siempre se respetar\u00e1n los cr\u00e9ditos de autor\u00eda. Un llamado a imaginar en colectivo KULTURA CON 2025 busca formar parte de un movimiento cultural que no se limita a mostrar, sino que propone, conecta, moviliza y transforma. La convocatoria es una invitaci\u00f3n abierta a quienes creen en el poder del arte y el pensamiento como motores de cambio.<\/p>","protected":false},"author":2,"featured_media":1368,"comment_status":"open","ping_status":"open","sticky":false,"template":"","format":"standard","meta":{"footnotes":""},"categories":[11],"tags":[31,32,22],"class_list":["post-1367","post","type-post","status-publish","format-standard","has-post-thumbnail","hentry","category-we-du","tag-cine","tag-kultura-con","tag-produccion"],"yoast_head":"<!-- This site is optimized with the Yoast SEO plugin v27.1.1 - https:\/\/yoast.com\/product\/yoast-seo-wordpress\/ -->\n<title>Convocatoria abierta para la Kultura Con 2025: una invitaci\u00f3n a crear desde la diversidad - Coreon Du<\/title>\n<meta name=\"robots\" content=\"index, follow, max-snippet:-1, max-image-preview:large, max-video-preview:-1\" \/>\n<link rel=\"canonical\" href=\"https:\/\/coreondu.world\/pt\/convocatoria-abierta-kultura-con-2025\/\" \/>\n<meta property=\"og:locale\" content=\"pt_PT\" \/>\n<meta property=\"og:type\" content=\"article\" \/>\n<meta property=\"og:title\" content=\"Convocatoria abierta para la Kultura Con 2025: una invitaci\u00f3n a crear desde la diversidad - Coreon Du\" \/>\n<meta property=\"og:description\" content=\"El festival KULTURA CON regresa en su edici\u00f3n 2025 con una nueva convocatoria abierta a artistas, creadorxs y colectivos de todo el mundo. La cita se llevar\u00e1 a cabo en la Ciudad de M\u00e9xico, entre el 31 de agosto y el 28 de septiembre, y reunir\u00e1 propuestas culturales que dialoguen con el presente desde m\u00faltiples lenguajes y perspectivas. Un festival para pensar y transformar colectivamente KULTURA CON se define como un festival multidisciplinario que celebra la diversidad cultural desde el sur global, con un enfoque interseccional, inclusivo y contempor\u00e1neo. Su programaci\u00f3n busca generar un espacio de encuentro donde el arte, el pensamiento, la experiencia comunitaria y la acci\u00f3n creativa se entrelacen en un ecosistema vivo. A trav\u00e9s de charlas, cine, danza, arte visual, dise\u00f1o, performance y talleres, KULTURA CON propone una plataforma para imaginar nuevos futuros, visibilizar narrativas poco representadas y construir puentes entre identidades, territorios y formas de vida. En esta tercera edici\u00f3n, el festival reafirma su compromiso con la creaci\u00f3n colaborativa y la reflexi\u00f3n cr\u00edtica sobre los desaf\u00edos culturales, sociales y pol\u00edticos de nuestra \u00e9poca. Ejes tem\u00e1ticos Las propuestas enviadas deben vincularse con alguno de los cinco ejes tem\u00e1ticos que gu\u00edan la programaci\u00f3n de esta edici\u00f3n: \u00bfQui\u00e9nes pueden participar? La convocatoria est\u00e1 dirigida a personas mayores de 18 a\u00f1os \u2014de cualquier nacionalidad o identidad de g\u00e9nero\u2014 que deseen presentar propuestas en una o m\u00e1s categor\u00edas. Pueden postular creadores individuales, colectivos o equipos interdisciplinarios. La participaci\u00f3n es gratuita, y la modalidad de los proyectos puede ser presencial o digital, seg\u00fan lo requiera la propuesta. Fechas importantes Proceso de selecci\u00f3n El equipo acad\u00e9mico revisar\u00e1 todas las postulaciones en dos fases. Primero, se llevar\u00e1 a cabo una evaluaci\u00f3n individual por parte de cada integrante del comit\u00e9. Luego, se desarrollar\u00e1 una discusi\u00f3n colectiva para definir la selecci\u00f3n oficial 2025. Los participantes seleccionados recibir\u00e1n una notificaci\u00f3n por correo electr\u00f3nico. Tambi\u00e9n se convocar\u00e1n reuniones virtuales grupales para resolver dudas y coordinar aspectos log\u00edsticos. Condiciones de participaci\u00f3n KULTURA CON no cubre los gastos de transporte, alojamiento ni alimentaci\u00f3n. Los participantes seleccionados deber\u00e1n asumir esos gastos en caso de que su presencia f\u00edsica en la Ciudad de M\u00e9xico sea necesaria. Sin embargo, el festival se compromete a ofrecer un espacio de visibilidad, intercambio y difusi\u00f3n ante nuevas audiencias, medios y redes culturales. La plataforma permite que las propuestas participantes dialoguen con un p\u00fablico amplio y diverso, tanto local como internacional. Uso de materiales Al enviar una propuesta, se autoriza el uso del material enviado (im\u00e1genes, videos, textos, etc.) exclusivamente con fines de difusi\u00f3n y promoci\u00f3n del festival. Siempre se respetar\u00e1n los cr\u00e9ditos de autor\u00eda. Un llamado a imaginar en colectivo KULTURA CON 2025 busca formar parte de un movimiento cultural que no se limita a mostrar, sino que propone, conecta, moviliza y transforma. La convocatoria es una invitaci\u00f3n abierta a quienes creen en el poder del arte y el pensamiento como motores de cambio.\" \/>\n<meta property=\"og:url\" content=\"https:\/\/coreondu.world\/pt\/convocatoria-abierta-kultura-con-2025\/\" \/>\n<meta property=\"og:site_name\" content=\"Coreon Du\" \/>\n<meta property=\"article:publisher\" content=\"https:\/\/www.facebook.com\/CoreonDuOficial\/\" \/>\n<meta property=\"article:published_time\" content=\"2025-06-06T11:20:52+00:00\" \/>\n<meta property=\"article:modified_time\" content=\"2025-06-06T11:20:54+00:00\" \/>\n<meta property=\"og:image\" content=\"https:\/\/coreondu.world\/wp-content\/uploads\/2025\/06\/Diseno-sin-titulo-20.png\" \/>\n\t<meta property=\"og:image:width\" content=\"500\" \/>\n\t<meta property=\"og:image:height\" content=\"500\" \/>\n\t<meta property=\"og:image:type\" content=\"image\/png\" \/>\n<meta name=\"author\" content=\"migracion\" \/>\n<meta name=\"twitter:card\" content=\"summary_large_image\" \/>\n<meta name=\"twitter:label1\" content=\"Escrito por\" \/>\n\t<meta name=\"twitter:data1\" content=\"migracion\" \/>\n\t<meta name=\"twitter:label2\" content=\"Tempo estimado de leitura\" \/>\n\t<meta name=\"twitter:data2\" content=\"4 minutos\" \/>\n<script type=\"application\/ld+json\" class=\"yoast-schema-graph\">{\"@context\":\"https:\/\/schema.org\",\"@graph\":[{\"@type\":\"Article\",\"@id\":\"https:\/\/coreondu.world\/convocatoria-abierta-kultura-con-2025\/#article\",\"isPartOf\":{\"@id\":\"https:\/\/coreondu.world\/convocatoria-abierta-kultura-con-2025\/\"},\"author\":{\"name\":\"migracion\",\"@id\":\"https:\/\/coreondu.world\/#\/schema\/person\/d8a560761df497646fe0e605ac2ad4fa\"},\"headline\":\"Convocatoria abierta para la Kultura Con 2025: una invitaci\u00f3n a crear desde la diversidad\",\"datePublished\":\"2025-06-06T11:20:52+00:00\",\"dateModified\":\"2025-06-06T11:20:54+00:00\",\"mainEntityOfPage\":{\"@id\":\"https:\/\/coreondu.world\/convocatoria-abierta-kultura-con-2025\/\"},\"wordCount\":687,\"commentCount\":0,\"image\":{\"@id\":\"https:\/\/coreondu.world\/convocatoria-abierta-kultura-con-2025\/#primaryimage\"},\"thumbnailUrl\":\"https:\/\/coreondu.world\/wp-content\/uploads\/2025\/06\/Diseno-sin-titulo-20.png\",\"keywords\":[\"cine\",\"kultura con\",\"produccion\"],\"articleSection\":[\"we d\u00fa\"],\"inLanguage\":\"pt-PT\",\"potentialAction\":[{\"@type\":\"CommentAction\",\"name\":\"Comment\",\"target\":[\"https:\/\/coreondu.world\/convocatoria-abierta-kultura-con-2025\/#respond\"]}]},{\"@type\":\"WebPage\",\"@id\":\"https:\/\/coreondu.world\/convocatoria-abierta-kultura-con-2025\/\",\"url\":\"https:\/\/coreondu.world\/convocatoria-abierta-kultura-con-2025\/\",\"name\":\"Convocatoria abierta para la Kultura Con 2025: una invitaci\u00f3n a crear desde la diversidad - Coreon Du\",\"isPartOf\":{\"@id\":\"https:\/\/coreondu.world\/#website\"},\"primaryImageOfPage\":{\"@id\":\"https:\/\/coreondu.world\/convocatoria-abierta-kultura-con-2025\/#primaryimage\"},\"image\":{\"@id\":\"https:\/\/coreondu.world\/convocatoria-abierta-kultura-con-2025\/#primaryimage\"},\"thumbnailUrl\":\"https:\/\/coreondu.world\/wp-content\/uploads\/2025\/06\/Diseno-sin-titulo-20.png\",\"datePublished\":\"2025-06-06T11:20:52+00:00\",\"dateModified\":\"2025-06-06T11:20:54+00:00\",\"author\":{\"@id\":\"https:\/\/coreondu.world\/#\/schema\/person\/d8a560761df497646fe0e605ac2ad4fa\"},\"breadcrumb\":{\"@id\":\"https:\/\/coreondu.world\/convocatoria-abierta-kultura-con-2025\/#breadcrumb\"},\"inLanguage\":\"pt-PT\",\"potentialAction\":[{\"@type\":\"ReadAction\",\"target\":[\"https:\/\/coreondu.world\/convocatoria-abierta-kultura-con-2025\/\"]}]},{\"@type\":\"ImageObject\",\"inLanguage\":\"pt-PT\",\"@id\":\"https:\/\/coreondu.world\/convocatoria-abierta-kultura-con-2025\/#primaryimage\",\"url\":\"https:\/\/coreondu.world\/wp-content\/uploads\/2025\/06\/Diseno-sin-titulo-20.png\",\"contentUrl\":\"https:\/\/coreondu.world\/wp-content\/uploads\/2025\/06\/Diseno-sin-titulo-20.png\",\"width\":500,\"height\":500,\"caption\":\"kultura con, mexico cultura, cine\"},{\"@type\":\"BreadcrumbList\",\"@id\":\"https:\/\/coreondu.world\/convocatoria-abierta-kultura-con-2025\/#breadcrumb\",\"itemListElement\":[{\"@type\":\"ListItem\",\"position\":1,\"name\":\"Portada\",\"item\":\"https:\/\/coreondu.world\/\"},{\"@type\":\"ListItem\",\"position\":2,\"name\":\"Convocatoria abierta para la Kultura Con 2025: una invitaci\u00f3n a crear desde la diversidad\"}]},{\"@type\":\"WebSite\",\"@id\":\"https:\/\/coreondu.world\/#website\",\"url\":\"https:\/\/coreondu.world\/\",\"name\":\"Cor\u00e9on D\u00fa\",\"description\":\"\",\"potentialAction\":[{\"@type\":\"SearchAction\",\"target\":{\"@type\":\"EntryPoint\",\"urlTemplate\":\"https:\/\/coreondu.world\/?s={search_term_string}\"},\"query-input\":{\"@type\":\"PropertyValueSpecification\",\"valueRequired\":true,\"valueName\":\"search_term_string\"}}],\"inLanguage\":\"pt-PT\"},{\"@type\":\"Person\",\"@id\":\"https:\/\/coreondu.world\/#\/schema\/person\/d8a560761df497646fe0e605ac2ad4fa\",\"name\":\"migracion\",\"image\":{\"@type\":\"ImageObject\",\"inLanguage\":\"pt-PT\",\"@id\":\"https:\/\/coreondu.world\/#\/schema\/person\/image\/\",\"url\":\"https:\/\/secure.gravatar.com\/avatar\/7748b659d7bf7331a213b118c72a1305f9e6c61e76b2999647f0f6b5d422402e?s=96&d=mm&r=g\",\"contentUrl\":\"https:\/\/secure.gravatar.com\/avatar\/7748b659d7bf7331a213b118c72a1305f9e6c61e76b2999647f0f6b5d422402e?s=96&d=mm&r=g\",\"caption\":\"migracion\"}}]}<\/script>\n<!-- \/ Yoast SEO plugin. -->","yoast_head_json":{"title":"Convocatoria abierta para la Kultura Con 2025: una invitaci\u00f3n a crear desde la diversidad - Coreon Du","robots":{"index":"index","follow":"follow","max-snippet":"max-snippet:-1","max-image-preview":"max-image-preview:large","max-video-preview":"max-video-preview:-1"},"canonical":"https:\/\/coreondu.world\/pt\/convocatoria-abierta-kultura-con-2025\/","og_locale":"pt_PT","og_type":"article","og_title":"Convocatoria abierta para la Kultura Con 2025: una invitaci\u00f3n a crear desde la diversidad - Coreon Du","og_description":"El festival KULTURA CON regresa en su edici\u00f3n 2025 con una nueva convocatoria abierta a artistas, creadorxs y colectivos de todo el mundo. La cita se llevar\u00e1 a cabo en la Ciudad de M\u00e9xico, entre el 31 de agosto y el 28 de septiembre, y reunir\u00e1 propuestas culturales que dialoguen con el presente desde m\u00faltiples lenguajes y perspectivas. Un festival para pensar y transformar colectivamente KULTURA CON se define como un festival multidisciplinario que celebra la diversidad cultural desde el sur global, con un enfoque interseccional, inclusivo y contempor\u00e1neo. Su programaci\u00f3n busca generar un espacio de encuentro donde el arte, el pensamiento, la experiencia comunitaria y la acci\u00f3n creativa se entrelacen en un ecosistema vivo. A trav\u00e9s de charlas, cine, danza, arte visual, dise\u00f1o, performance y talleres, KULTURA CON propone una plataforma para imaginar nuevos futuros, visibilizar narrativas poco representadas y construir puentes entre identidades, territorios y formas de vida. En esta tercera edici\u00f3n, el festival reafirma su compromiso con la creaci\u00f3n colaborativa y la reflexi\u00f3n cr\u00edtica sobre los desaf\u00edos culturales, sociales y pol\u00edticos de nuestra \u00e9poca. Ejes tem\u00e1ticos Las propuestas enviadas deben vincularse con alguno de los cinco ejes tem\u00e1ticos que gu\u00edan la programaci\u00f3n de esta edici\u00f3n: \u00bfQui\u00e9nes pueden participar? La convocatoria est\u00e1 dirigida a personas mayores de 18 a\u00f1os \u2014de cualquier nacionalidad o identidad de g\u00e9nero\u2014 que deseen presentar propuestas en una o m\u00e1s categor\u00edas. Pueden postular creadores individuales, colectivos o equipos interdisciplinarios. La participaci\u00f3n es gratuita, y la modalidad de los proyectos puede ser presencial o digital, seg\u00fan lo requiera la propuesta. Fechas importantes Proceso de selecci\u00f3n El equipo acad\u00e9mico revisar\u00e1 todas las postulaciones en dos fases. Primero, se llevar\u00e1 a cabo una evaluaci\u00f3n individual por parte de cada integrante del comit\u00e9. Luego, se desarrollar\u00e1 una discusi\u00f3n colectiva para definir la selecci\u00f3n oficial 2025. Los participantes seleccionados recibir\u00e1n una notificaci\u00f3n por correo electr\u00f3nico. Tambi\u00e9n se convocar\u00e1n reuniones virtuales grupales para resolver dudas y coordinar aspectos log\u00edsticos. Condiciones de participaci\u00f3n KULTURA CON no cubre los gastos de transporte, alojamiento ni alimentaci\u00f3n. Los participantes seleccionados deber\u00e1n asumir esos gastos en caso de que su presencia f\u00edsica en la Ciudad de M\u00e9xico sea necesaria. Sin embargo, el festival se compromete a ofrecer un espacio de visibilidad, intercambio y difusi\u00f3n ante nuevas audiencias, medios y redes culturales. La plataforma permite que las propuestas participantes dialoguen con un p\u00fablico amplio y diverso, tanto local como internacional. Uso de materiales Al enviar una propuesta, se autoriza el uso del material enviado (im\u00e1genes, videos, textos, etc.) exclusivamente con fines de difusi\u00f3n y promoci\u00f3n del festival. Siempre se respetar\u00e1n los cr\u00e9ditos de autor\u00eda. Un llamado a imaginar en colectivo KULTURA CON 2025 busca formar parte de un movimiento cultural que no se limita a mostrar, sino que propone, conecta, moviliza y transforma. La convocatoria es una invitaci\u00f3n abierta a quienes creen en el poder del arte y el pensamiento como motores de cambio.","og_url":"https:\/\/coreondu.world\/pt\/convocatoria-abierta-kultura-con-2025\/","og_site_name":"Coreon Du","article_publisher":"https:\/\/www.facebook.com\/CoreonDuOficial\/","article_published_time":"2025-06-06T11:20:52+00:00","article_modified_time":"2025-06-06T11:20:54+00:00","og_image":[{"width":500,"height":500,"url":"https:\/\/coreondu.world\/wp-content\/uploads\/2025\/06\/Diseno-sin-titulo-20.png","type":"image\/png"}],"author":"migracion","twitter_card":"summary_large_image","twitter_misc":{"Escrito por":"migracion","Tempo estimado de leitura":"4 minutos"},"schema":{"@context":"https:\/\/schema.org","@graph":[{"@type":"Article","@id":"https:\/\/coreondu.world\/convocatoria-abierta-kultura-con-2025\/#article","isPartOf":{"@id":"https:\/\/coreondu.world\/convocatoria-abierta-kultura-con-2025\/"},"author":{"name":"migracion","@id":"https:\/\/coreondu.world\/#\/schema\/person\/d8a560761df497646fe0e605ac2ad4fa"},"headline":"Convocatoria abierta para la Kultura Con 2025: una invitaci\u00f3n a crear desde la diversidad","datePublished":"2025-06-06T11:20:52+00:00","dateModified":"2025-06-06T11:20:54+00:00","mainEntityOfPage":{"@id":"https:\/\/coreondu.world\/convocatoria-abierta-kultura-con-2025\/"},"wordCount":687,"commentCount":0,"image":{"@id":"https:\/\/coreondu.world\/convocatoria-abierta-kultura-con-2025\/#primaryimage"},"thumbnailUrl":"https:\/\/coreondu.world\/wp-content\/uploads\/2025\/06\/Diseno-sin-titulo-20.png","keywords":["cine","kultura con","produccion"],"articleSection":["we d\u00fa"],"inLanguage":"pt-PT","potentialAction":[{"@type":"CommentAction","name":"Comment","target":["https:\/\/coreondu.world\/convocatoria-abierta-kultura-con-2025\/#respond"]}]},{"@type":"WebPage","@id":"https:\/\/coreondu.world\/convocatoria-abierta-kultura-con-2025\/","url":"https:\/\/coreondu.world\/convocatoria-abierta-kultura-con-2025\/","name":"Convocatoria abierta para la Kultura Con 2025: una invitaci\u00f3n a crear desde la diversidad - Coreon Du","isPartOf":{"@id":"https:\/\/coreondu.world\/#website"},"primaryImageOfPage":{"@id":"https:\/\/coreondu.world\/convocatoria-abierta-kultura-con-2025\/#primaryimage"},"image":{"@id":"https:\/\/coreondu.world\/convocatoria-abierta-kultura-con-2025\/#primaryimage"},"thumbnailUrl":"https:\/\/coreondu.world\/wp-content\/uploads\/2025\/06\/Diseno-sin-titulo-20.png","datePublished":"2025-06-06T11:20:52+00:00","dateModified":"2025-06-06T11:20:54+00:00","author":{"@id":"https:\/\/coreondu.world\/#\/schema\/person\/d8a560761df497646fe0e605ac2ad4fa"},"breadcrumb":{"@id":"https:\/\/coreondu.world\/convocatoria-abierta-kultura-con-2025\/#breadcrumb"},"inLanguage":"pt-PT","potentialAction":[{"@type":"ReadAction","target":["https:\/\/coreondu.world\/convocatoria-abierta-kultura-con-2025\/"]}]},{"@type":"ImageObject","inLanguage":"pt-PT","@id":"https:\/\/coreondu.world\/convocatoria-abierta-kultura-con-2025\/#primaryimage","url":"https:\/\/coreondu.world\/wp-content\/uploads\/2025\/06\/Diseno-sin-titulo-20.png","contentUrl":"https:\/\/coreondu.world\/wp-content\/uploads\/2025\/06\/Diseno-sin-titulo-20.png","width":500,"height":500,"caption":"kultura con, mexico cultura, cine"},{"@type":"BreadcrumbList","@id":"https:\/\/coreondu.world\/convocatoria-abierta-kultura-con-2025\/#breadcrumb","itemListElement":[{"@type":"ListItem","position":1,"name":"Portada","item":"https:\/\/coreondu.world\/"},{"@type":"ListItem","position":2,"name":"Convocatoria abierta para la Kultura Con 2025: una invitaci\u00f3n a crear desde la diversidad"}]},{"@type":"WebSite","@id":"https:\/\/coreondu.world\/#website","url":"https:\/\/coreondu.world\/","name":"Cor\u00e9on D\u00fa","description":"","potentialAction":[{"@type":"SearchAction","target":{"@type":"EntryPoint","urlTemplate":"https:\/\/coreondu.world\/?s={search_term_string}"},"query-input":{"@type":"PropertyValueSpecification","valueRequired":true,"valueName":"search_term_string"}}],"inLanguage":"pt-PT"},{"@type":"Person","@id":"https:\/\/coreondu.world\/#\/schema\/person\/d8a560761df497646fe0e605ac2ad4fa","name":"migracion","image":{"@type":"ImageObject","inLanguage":"pt-PT","@id":"https:\/\/coreondu.world\/#\/schema\/person\/image\/","url":"https:\/\/secure.gravatar.com\/avatar\/7748b659d7bf7331a213b118c72a1305f9e6c61e76b2999647f0f6b5d422402e?s=96&d=mm&r=g","contentUrl":"https:\/\/secure.gravatar.com\/avatar\/7748b659d7bf7331a213b118c72a1305f9e6c61e76b2999647f0f6b5d422402e?s=96&d=mm&r=g","caption":"migracion"}}]}},"_links":{"self":[{"href":"https:\/\/coreondu.world\/pt\/wp-json\/wp\/v2\/posts\/1367","targetHints":{"allow":["GET"]}}],"collection":[{"href":"https:\/\/coreondu.world\/pt\/wp-json\/wp\/v2\/posts"}],"about":[{"href":"https:\/\/coreondu.world\/pt\/wp-json\/wp\/v2\/types\/post"}],"author":[{"embeddable":true,"href":"https:\/\/coreondu.world\/pt\/wp-json\/wp\/v2\/users\/2"}],"replies":[{"embeddable":true,"href":"https:\/\/coreondu.world\/pt\/wp-json\/wp\/v2\/comments?post=1367"}],"version-history":[{"count":1,"href":"https:\/\/coreondu.world\/pt\/wp-json\/wp\/v2\/posts\/1367\/revisions"}],"predecessor-version":[{"id":1369,"href":"https:\/\/coreondu.world\/pt\/wp-json\/wp\/v2\/posts\/1367\/revisions\/1369"}],"wp:featuredmedia":[{"embeddable":true,"href":"https:\/\/coreondu.world\/pt\/wp-json\/wp\/v2\/media\/1368"}],"wp:attachment":[{"href":"https:\/\/coreondu.world\/pt\/wp-json\/wp\/v2\/media?parent=1367"}],"wp:term":[{"taxonomy":"category","embeddable":true,"href":"https:\/\/coreondu.world\/pt\/wp-json\/wp\/v2\/categories?post=1367"},{"taxonomy":"post_tag","embeddable":true,"href":"https:\/\/coreondu.world\/pt\/wp-json\/wp\/v2\/tags?post=1367"}],"curies":[{"name":"wp","href":"https:\/\/api.w.org\/{rel}","templated":true}]}}