{"id":1321,"date":"2025-04-29T16:23:58","date_gmt":"2025-04-29T14:23:58","guid":{"rendered":"https:\/\/coreondu.world\/?p=1321"},"modified":"2025-04-29T16:24:00","modified_gmt":"2025-04-29T14:24:00","slug":"desde-mozambique-debut-sonado-micklate-macobola","status":"publish","type":"post","link":"https:\/\/coreondu.world\/pt\/desde-mozambique-debut-sonado-micklate-macobola\/","title":{"rendered":"De Mo\u00e7ambique para o cora\u00e7\u00e3o da moda: a estreia de sonho de Micklate Macobola"},"content":{"rendered":"<p>O mundo da moda est\u00e1 constantemente a assistir a novos come\u00e7os, mas alguns deles fazem hist\u00f3ria. Foi o que aconteceu com <strong>Micklate Macobola<\/strong>que fez o seu <strong>estreia internacional na Semana da Moda de Paris<\/strong>onde desfilou para casas de renome como <strong>Ala\u00efa<\/strong> y <strong>Saint Laurent<\/strong>. Um marco que n\u00e3o s\u00f3 celebra o talento individual, mas tamb\u00e9m o avan\u00e7o de toda uma comunidade criativa que trabalhou durante anos para conquistar espa\u00e7os globais.<\/p>\n\n\n\n<p>Micklate \u00e9 oficialmente <strong>o primeiro modelo mo\u00e7ambicano<\/strong> a aparecer nas passarelas de Paris, e o seu impacto n\u00e3o passou despercebido. Foi reconhecida por <a href=\"https:\/\/models.com\/mdx\/top-newcomers-f-w-2025\/\">Models.com como um dos <em>Principais rec\u00e9m-chegados<\/em> da esta\u00e7\u00e3o outono-inverno 2025<\/a>Esta distin\u00e7\u00e3o confirma a sua proje\u00e7\u00e3o internacional e o seu talento natural.<\/p>\n\n\n\n<h2 class=\"wp-block-heading\"><strong>Um feito que representa muitos<\/strong><\/h2>\n\n\n\n<p>Para <a href=\"https:\/\/www.dabanda.com\/\"><strong>Da Banda Model Management<\/strong><\/a>A ag\u00eancia, que conta com 15 anos de atividade e representa modelos mo\u00e7ambicanos h\u00e1 14 anos, representa neste momento um antes e um depois. O caminho tem sido longo, com um trabalho constante para abrir portas a grandes mercados internacionais. O sucesso da Micklate n\u00e3o \u00e9 apenas um motivo de orgulho, \u00e9 tamb\u00e9m um <strong>comemora\u00e7\u00e3o colectiva<\/strong> para o talento africano - especialmente dos Pa\u00edses de L\u00edngua Oficial Portuguesa (PALOP) - que tantas vezes tem sido invisibilizado.<\/p>\n\n\n\n<p>Este tipo de realiza\u00e7\u00f5es n\u00e3o surge do nada. S\u00e3o o resultado de uma vis\u00e3o sustentada ao longo do tempo. Desde a sua funda\u00e7\u00e3o, a Da Banda tem-se empenhado em tornar vis\u00edveis modelos de <strong>Angola<\/strong>, <strong>Cabo Verde<\/strong> y <strong>Mo\u00e7ambique<\/strong>muitos dos quais foram destacados como promissores nas grandes capitais da moda - Paris, Mil\u00e3o, Nova Iorque, Londres.<\/p>\n\n\n\n<p>Nomes como <a href=\"https:\/\/models.com\/mdx\/top-newcomers-fw-2015\/\">Amilna Estev\u00e3o<\/a>, <a href=\"https:\/\/models.com\/oftheminute\/?p=54012\">Roberta Narciso<\/a>, <a href=\"https:\/\/www.vogue.com\/article\/new-york-fashion-week-fall-2017-ready-to-wear-blesnya-minher-calvin-klein\">Maria Borges<\/a> o <a href=\"https:\/\/www.fashionghana.com\/3-african-based-models-dominate-fashion-weeks-in-the-west-from-nigeria-cape-verde-uganda\/\">Al\u00e9cia Morais<\/a> fizeram parte deste legado. Todos eles s\u00e3o exemplos de como o talento africano - quando lhe \u00e9 dada a oportunidade - brilha.<\/p>\n\n\n\n<h2 class=\"wp-block-heading\"><strong>Uma gera\u00e7\u00e3o que est\u00e1 a mudar a ind\u00fastria<\/strong><\/h2>\n\n\n\n<p>A chegada de Micklate a Paris junta-se a uma vaga de modelos africanas que est\u00e3o a redefinir os c\u00e2nones da ind\u00fastria. Desde a cobertura de <a href=\"https:\/\/www.bet.com\/photo-gallery\/new-york-fashion\">BET sobre os talentos afrodescendentes a ter em conta em Nova Iorque<\/a>A partir da crescente representa\u00e7\u00e3o de modelos com ra\u00edzes diversas em publica\u00e7\u00f5es e campanhas globais, h\u00e1 uma transforma\u00e7\u00e3o em curso.<\/p>\n\n\n\n<p>Mas para al\u00e9m do reconhecimento internacional, este momento convida-nos a refletir sobre a import\u00e2ncia das plataformas que promovem estes talentos. Ag\u00eancias como a Da Banda n\u00e3o s\u00f3 descobrem modelos, como tamb\u00e9m <strong>construir pontes<\/strong> entre contextos culturais, lingu\u00edsticos e econ\u00f3micos.<\/p>\n\n\n\n<h2 class=\"wp-block-heading\"><strong>Um passo firme em dire\u00e7\u00e3o ao futuro<\/strong><\/h2>\n\n\n\n<p>Para quem acompanhou este percurso, ver a Micklate triunfar em Paris \u00e9 muito mais do que uma vit\u00f3ria profissional. \u00c9 a valida\u00e7\u00e3o de anos de esfor\u00e7o, de muitas hist\u00f3rias de perseveran\u00e7a e de uma identidade que finalmente encontra o seu lugar nas passerelles mais influentes do mundo.<\/p>\n\n\n\n<p>O percurso de Micklate Macobola est\u00e1 apenas a come\u00e7ar, mas ele \u00e9 j\u00e1 um s\u00edmbolo do que pode ser alcan\u00e7ado quando o talento \u00e9 combinado com vis\u00e3o, dedica\u00e7\u00e3o e uma rede de apoio que acredita nos seus colaboradores.<\/p>","protected":false},"excerpt":{"rendered":"<p>El mundo de la moda es testigo constante de nuevos comienzos, pero algunos marcan historia. Este ha sido el caso de Micklate Macobola, quien hizo su estreno internacional en la Paris Fashion Week, donde ha desfilado para casas de renombre como Ala\u00efa y Saint Laurent. Un hito que no solo celebra el talento individual, sino tambi\u00e9n el avance de toda una comunidad creativa que ha trabajado durante a\u00f1os para conquistar espacios globales. Micklate es oficialmente la primera modelo mozambicana en presentarse en las pasarelas de Par\u00eds, y su impacto no ha pasado desapercibido. Fue reconocida por Models.com como una de las Top Newcomers de la temporada Oto\u00f1o-Invierno 2025, una distinci\u00f3n que confirma su proyecci\u00f3n internacional y talento natural. Un logro que representa a muchos Para Da Banda Model Management, agencia que lleva 15 a\u00f1os activa y 14 representando modelos de Mozambique, este momento representa un antes y un despu\u00e9s. Ha sido un camino largo, con trabajo constante para abrir puertas hacia los grandes mercados internacionales. El \u00e9xito de Micklate no solo es motivo de orgullo, sino tambi\u00e9n una conmemoraci\u00f3n colectiva por el talento africano \u2014especialmente el de los pa\u00edses de lengua portuguesa (PALOP)\u2014 que tantas veces ha sido invisibilizado. Este tipo de conquistas no surgen de la nada. Son el resultado de una visi\u00f3n sostenida en el tiempo. Desde su fundaci\u00f3n, Da Banda ha apostado por visibilizar modelos de Angola, Cabo Verde y Mozambique, muchos de los cuales han sido destacados como nuevas promesas en las grandes capitales de la moda \u2014Par\u00eds, Mil\u00e1n, Nueva York, Londres\u2014. Nombres como Amilna Estev\u00e3o, Roberta Narciso, Maria Borges o Al\u00e9cia Morais han formado parte de este legado. Todas ellas son ejemplos de c\u00f3mo el talento africano \u2014cuando tiene la oportunidad\u2014 brilla con fuerza propia. Una generaci\u00f3n que est\u00e1 cambiando la industria La llegada de Micklate a Par\u00eds se suma a una ola de modelos africanas que est\u00e1n redefiniendo los c\u00e1nones de la industria. Desde la cobertura de BET sobre los talentos afrodescendientes a seguir en Nueva York, hasta la representaci\u00f3n creciente de modelos de ra\u00edces diversas en editoriales y campa\u00f1as globales, hay una transformaci\u00f3n en marcha. Pero m\u00e1s all\u00e1 del reconocimiento internacional, este momento invita a reflexionar sobre la importancia de las plataformas que impulsan estos talentos. Agencias como Da Banda no solo descubren modelos, tambi\u00e9n construyen puentes entre contextos culturales, idiom\u00e1ticos y econ\u00f3micos. Un paso firme hacia el futuro Para quienes hemos acompa\u00f1ado este recorrido, ver a Micklate triunfar en Par\u00eds es mucho m\u00e1s que una victoria profesional. Es la validaci\u00f3n de a\u00f1os de esfuerzo, de muchas historias de perseverancia y de una identidad que finalmente encuentra su lugar en las pasarelas m\u00e1s influyentes del mundo. El camino de Micklate Macobola apenas comienza, pero ya es un s\u00edmbolo de lo que puede lograrse cuando el talento se combina con visi\u00f3n, dedicaci\u00f3n y una red de apoyo que cree en su gente.<\/p>","protected":false},"author":2,"featured_media":1322,"comment_status":"open","ping_status":"open","sticky":false,"template":"","format":"standard","meta":{"footnotes":""},"categories":[11],"tags":[18,20],"class_list":["post-1321","post","type-post","status-publish","format-standard","has-post-thumbnail","hentry","category-we-du","tag-moda","tag-modelaje"],"yoast_head":"<!-- This site is optimized with the Yoast SEO plugin v27.1.1 - https:\/\/yoast.com\/product\/yoast-seo-wordpress\/ -->\n<title>Micklate Macobola triunfa en la Paris Fashion Week - Coreon Du<\/title>\n<meta name=\"description\" content=\"Micklate Macobola, la modelo mozambicana que deslumbra en la Paris Fashion Week con su estilo \u00fanico.\" \/>\n<meta name=\"robots\" content=\"index, follow, max-snippet:-1, max-image-preview:large, max-video-preview:-1\" \/>\n<link rel=\"canonical\" href=\"https:\/\/coreondu.world\/pt\/desde-mozambique-debut-sonado-micklate-macobola\/\" \/>\n<meta property=\"og:locale\" content=\"pt_PT\" \/>\n<meta property=\"og:type\" content=\"article\" \/>\n<meta property=\"og:title\" content=\"Micklate Macobola triunfa en la Paris Fashion Week - Coreon Du\" \/>\n<meta property=\"og:description\" content=\"Micklate Macobola, la modelo mozambicana que deslumbra en la Paris Fashion Week con su estilo \u00fanico.\" \/>\n<meta property=\"og:url\" content=\"https:\/\/coreondu.world\/pt\/desde-mozambique-debut-sonado-micklate-macobola\/\" \/>\n<meta property=\"og:site_name\" content=\"Coreon Du\" \/>\n<meta property=\"article:publisher\" content=\"https:\/\/www.facebook.com\/CoreonDuOficial\/\" \/>\n<meta property=\"article:published_time\" content=\"2025-04-29T14:23:58+00:00\" \/>\n<meta property=\"article:modified_time\" content=\"2025-04-29T14:24:00+00:00\" \/>\n<meta property=\"og:image\" content=\"https:\/\/coreondu.world\/wp-content\/uploads\/2025\/04\/Diseno-sin-titulo-10.png\" \/>\n\t<meta property=\"og:image:width\" content=\"500\" \/>\n\t<meta property=\"og:image:height\" content=\"500\" \/>\n\t<meta property=\"og:image:type\" content=\"image\/png\" \/>\n<meta name=\"author\" content=\"migracion\" \/>\n<meta name=\"twitter:card\" content=\"summary_large_image\" \/>\n<meta name=\"twitter:label1\" content=\"Escrito por\" \/>\n\t<meta name=\"twitter:data1\" content=\"migracion\" \/>\n\t<meta name=\"twitter:label2\" content=\"Tempo estimado de leitura\" \/>\n\t<meta name=\"twitter:data2\" content=\"3 minutos\" \/>\n<script type=\"application\/ld+json\" class=\"yoast-schema-graph\">{\"@context\":\"https:\/\/schema.org\",\"@graph\":[{\"@type\":\"Article\",\"@id\":\"https:\/\/coreondu.world\/desde-mozambique-debut-sonado-micklate-macobola\/#article\",\"isPartOf\":{\"@id\":\"https:\/\/coreondu.world\/desde-mozambique-debut-sonado-micklate-macobola\/\"},\"author\":{\"name\":\"migracion\",\"@id\":\"https:\/\/coreondu.world\/#\/schema\/person\/d8a560761df497646fe0e605ac2ad4fa\"},\"headline\":\"Desde Mozambique al coraz\u00f3n de la moda: el debut so\u00f1ado de Micklate Macobola\",\"datePublished\":\"2025-04-29T14:23:58+00:00\",\"dateModified\":\"2025-04-29T14:24:00+00:00\",\"mainEntityOfPage\":{\"@id\":\"https:\/\/coreondu.world\/desde-mozambique-debut-sonado-micklate-macobola\/\"},\"wordCount\":531,\"commentCount\":0,\"image\":{\"@id\":\"https:\/\/coreondu.world\/desde-mozambique-debut-sonado-micklate-macobola\/#primaryimage\"},\"thumbnailUrl\":\"https:\/\/coreondu.world\/wp-content\/uploads\/2025\/04\/Diseno-sin-titulo-10.png\",\"keywords\":[\"moda\",\"modelaje\"],\"articleSection\":[\"we d\u00fa\"],\"inLanguage\":\"pt-PT\",\"potentialAction\":[{\"@type\":\"CommentAction\",\"name\":\"Comment\",\"target\":[\"https:\/\/coreondu.world\/desde-mozambique-debut-sonado-micklate-macobola\/#respond\"]}]},{\"@type\":\"WebPage\",\"@id\":\"https:\/\/coreondu.world\/desde-mozambique-debut-sonado-micklate-macobola\/\",\"url\":\"https:\/\/coreondu.world\/desde-mozambique-debut-sonado-micklate-macobola\/\",\"name\":\"Micklate Macobola triunfa en la Paris Fashion Week - Coreon Du\",\"isPartOf\":{\"@id\":\"https:\/\/coreondu.world\/#website\"},\"primaryImageOfPage\":{\"@id\":\"https:\/\/coreondu.world\/desde-mozambique-debut-sonado-micklate-macobola\/#primaryimage\"},\"image\":{\"@id\":\"https:\/\/coreondu.world\/desde-mozambique-debut-sonado-micklate-macobola\/#primaryimage\"},\"thumbnailUrl\":\"https:\/\/coreondu.world\/wp-content\/uploads\/2025\/04\/Diseno-sin-titulo-10.png\",\"datePublished\":\"2025-04-29T14:23:58+00:00\",\"dateModified\":\"2025-04-29T14:24:00+00:00\",\"author\":{\"@id\":\"https:\/\/coreondu.world\/#\/schema\/person\/d8a560761df497646fe0e605ac2ad4fa\"},\"description\":\"Micklate Macobola, la modelo mozambicana que deslumbra en la Paris Fashion Week con su estilo \u00fanico.\",\"breadcrumb\":{\"@id\":\"https:\/\/coreondu.world\/desde-mozambique-debut-sonado-micklate-macobola\/#breadcrumb\"},\"inLanguage\":\"pt-PT\",\"potentialAction\":[{\"@type\":\"ReadAction\",\"target\":[\"https:\/\/coreondu.world\/desde-mozambique-debut-sonado-micklate-macobola\/\"]}]},{\"@type\":\"ImageObject\",\"inLanguage\":\"pt-PT\",\"@id\":\"https:\/\/coreondu.world\/desde-mozambique-debut-sonado-micklate-macobola\/#primaryimage\",\"url\":\"https:\/\/coreondu.world\/wp-content\/uploads\/2025\/04\/Diseno-sin-titulo-10.png\",\"contentUrl\":\"https:\/\/coreondu.world\/wp-content\/uploads\/2025\/04\/Diseno-sin-titulo-10.png\",\"width\":500,\"height\":500,\"caption\":\"micklate macoboloa, cor\u00e9on d\u00fa, da banda model, yves saint laurent\"},{\"@type\":\"BreadcrumbList\",\"@id\":\"https:\/\/coreondu.world\/desde-mozambique-debut-sonado-micklate-macobola\/#breadcrumb\",\"itemListElement\":[{\"@type\":\"ListItem\",\"position\":1,\"name\":\"Portada\",\"item\":\"https:\/\/coreondu.world\/\"},{\"@type\":\"ListItem\",\"position\":2,\"name\":\"Desde Mozambique al coraz\u00f3n de la moda: el debut so\u00f1ado de Micklate Macobola\"}]},{\"@type\":\"WebSite\",\"@id\":\"https:\/\/coreondu.world\/#website\",\"url\":\"https:\/\/coreondu.world\/\",\"name\":\"Cor\u00e9on D\u00fa\",\"description\":\"\",\"potentialAction\":[{\"@type\":\"SearchAction\",\"target\":{\"@type\":\"EntryPoint\",\"urlTemplate\":\"https:\/\/coreondu.world\/?s={search_term_string}\"},\"query-input\":{\"@type\":\"PropertyValueSpecification\",\"valueRequired\":true,\"valueName\":\"search_term_string\"}}],\"inLanguage\":\"pt-PT\"},{\"@type\":\"Person\",\"@id\":\"https:\/\/coreondu.world\/#\/schema\/person\/d8a560761df497646fe0e605ac2ad4fa\",\"name\":\"migracion\",\"image\":{\"@type\":\"ImageObject\",\"inLanguage\":\"pt-PT\",\"@id\":\"https:\/\/coreondu.world\/#\/schema\/person\/image\/\",\"url\":\"https:\/\/secure.gravatar.com\/avatar\/7748b659d7bf7331a213b118c72a1305f9e6c61e76b2999647f0f6b5d422402e?s=96&d=mm&r=g\",\"contentUrl\":\"https:\/\/secure.gravatar.com\/avatar\/7748b659d7bf7331a213b118c72a1305f9e6c61e76b2999647f0f6b5d422402e?s=96&d=mm&r=g\",\"caption\":\"migracion\"}}]}<\/script>\n<!-- \/ Yoast SEO plugin. -->","yoast_head_json":{"title":"Micklate Macobola triunfa en la Paris Fashion Week - Coreon Du","description":"Micklate Macobola, la modelo mozambicana que deslumbra en la Paris Fashion Week con su estilo \u00fanico.","robots":{"index":"index","follow":"follow","max-snippet":"max-snippet:-1","max-image-preview":"max-image-preview:large","max-video-preview":"max-video-preview:-1"},"canonical":"https:\/\/coreondu.world\/pt\/desde-mozambique-debut-sonado-micklate-macobola\/","og_locale":"pt_PT","og_type":"article","og_title":"Micklate Macobola triunfa en la Paris Fashion Week - Coreon Du","og_description":"Micklate Macobola, la modelo mozambicana que deslumbra en la Paris Fashion Week con su estilo \u00fanico.","og_url":"https:\/\/coreondu.world\/pt\/desde-mozambique-debut-sonado-micklate-macobola\/","og_site_name":"Coreon Du","article_publisher":"https:\/\/www.facebook.com\/CoreonDuOficial\/","article_published_time":"2025-04-29T14:23:58+00:00","article_modified_time":"2025-04-29T14:24:00+00:00","og_image":[{"width":500,"height":500,"url":"https:\/\/coreondu.world\/wp-content\/uploads\/2025\/04\/Diseno-sin-titulo-10.png","type":"image\/png"}],"author":"migracion","twitter_card":"summary_large_image","twitter_misc":{"Escrito por":"migracion","Tempo estimado de leitura":"3 minutos"},"schema":{"@context":"https:\/\/schema.org","@graph":[{"@type":"Article","@id":"https:\/\/coreondu.world\/desde-mozambique-debut-sonado-micklate-macobola\/#article","isPartOf":{"@id":"https:\/\/coreondu.world\/desde-mozambique-debut-sonado-micklate-macobola\/"},"author":{"name":"migracion","@id":"https:\/\/coreondu.world\/#\/schema\/person\/d8a560761df497646fe0e605ac2ad4fa"},"headline":"Desde Mozambique al coraz\u00f3n de la moda: el debut so\u00f1ado de Micklate Macobola","datePublished":"2025-04-29T14:23:58+00:00","dateModified":"2025-04-29T14:24:00+00:00","mainEntityOfPage":{"@id":"https:\/\/coreondu.world\/desde-mozambique-debut-sonado-micklate-macobola\/"},"wordCount":531,"commentCount":0,"image":{"@id":"https:\/\/coreondu.world\/desde-mozambique-debut-sonado-micklate-macobola\/#primaryimage"},"thumbnailUrl":"https:\/\/coreondu.world\/wp-content\/uploads\/2025\/04\/Diseno-sin-titulo-10.png","keywords":["moda","modelaje"],"articleSection":["we d\u00fa"],"inLanguage":"pt-PT","potentialAction":[{"@type":"CommentAction","name":"Comment","target":["https:\/\/coreondu.world\/desde-mozambique-debut-sonado-micklate-macobola\/#respond"]}]},{"@type":"WebPage","@id":"https:\/\/coreondu.world\/desde-mozambique-debut-sonado-micklate-macobola\/","url":"https:\/\/coreondu.world\/desde-mozambique-debut-sonado-micklate-macobola\/","name":"Micklate Macobola triunfa en la Paris Fashion Week - Coreon Du","isPartOf":{"@id":"https:\/\/coreondu.world\/#website"},"primaryImageOfPage":{"@id":"https:\/\/coreondu.world\/desde-mozambique-debut-sonado-micklate-macobola\/#primaryimage"},"image":{"@id":"https:\/\/coreondu.world\/desde-mozambique-debut-sonado-micklate-macobola\/#primaryimage"},"thumbnailUrl":"https:\/\/coreondu.world\/wp-content\/uploads\/2025\/04\/Diseno-sin-titulo-10.png","datePublished":"2025-04-29T14:23:58+00:00","dateModified":"2025-04-29T14:24:00+00:00","author":{"@id":"https:\/\/coreondu.world\/#\/schema\/person\/d8a560761df497646fe0e605ac2ad4fa"},"description":"Micklate Macobola, la modelo mozambicana que deslumbra en la Paris Fashion Week con su estilo \u00fanico.","breadcrumb":{"@id":"https:\/\/coreondu.world\/desde-mozambique-debut-sonado-micklate-macobola\/#breadcrumb"},"inLanguage":"pt-PT","potentialAction":[{"@type":"ReadAction","target":["https:\/\/coreondu.world\/desde-mozambique-debut-sonado-micklate-macobola\/"]}]},{"@type":"ImageObject","inLanguage":"pt-PT","@id":"https:\/\/coreondu.world\/desde-mozambique-debut-sonado-micklate-macobola\/#primaryimage","url":"https:\/\/coreondu.world\/wp-content\/uploads\/2025\/04\/Diseno-sin-titulo-10.png","contentUrl":"https:\/\/coreondu.world\/wp-content\/uploads\/2025\/04\/Diseno-sin-titulo-10.png","width":500,"height":500,"caption":"micklate macoboloa, cor\u00e9on d\u00fa, da banda model, yves saint laurent"},{"@type":"BreadcrumbList","@id":"https:\/\/coreondu.world\/desde-mozambique-debut-sonado-micklate-macobola\/#breadcrumb","itemListElement":[{"@type":"ListItem","position":1,"name":"Portada","item":"https:\/\/coreondu.world\/"},{"@type":"ListItem","position":2,"name":"Desde Mozambique al coraz\u00f3n de la moda: el debut so\u00f1ado de Micklate Macobola"}]},{"@type":"WebSite","@id":"https:\/\/coreondu.world\/#website","url":"https:\/\/coreondu.world\/","name":"Cor\u00e9on D\u00fa","description":"","potentialAction":[{"@type":"SearchAction","target":{"@type":"EntryPoint","urlTemplate":"https:\/\/coreondu.world\/?s={search_term_string}"},"query-input":{"@type":"PropertyValueSpecification","valueRequired":true,"valueName":"search_term_string"}}],"inLanguage":"pt-PT"},{"@type":"Person","@id":"https:\/\/coreondu.world\/#\/schema\/person\/d8a560761df497646fe0e605ac2ad4fa","name":"migracion","image":{"@type":"ImageObject","inLanguage":"pt-PT","@id":"https:\/\/coreondu.world\/#\/schema\/person\/image\/","url":"https:\/\/secure.gravatar.com\/avatar\/7748b659d7bf7331a213b118c72a1305f9e6c61e76b2999647f0f6b5d422402e?s=96&d=mm&r=g","contentUrl":"https:\/\/secure.gravatar.com\/avatar\/7748b659d7bf7331a213b118c72a1305f9e6c61e76b2999647f0f6b5d422402e?s=96&d=mm&r=g","caption":"migracion"}}]}},"_links":{"self":[{"href":"https:\/\/coreondu.world\/pt\/wp-json\/wp\/v2\/posts\/1321","targetHints":{"allow":["GET"]}}],"collection":[{"href":"https:\/\/coreondu.world\/pt\/wp-json\/wp\/v2\/posts"}],"about":[{"href":"https:\/\/coreondu.world\/pt\/wp-json\/wp\/v2\/types\/post"}],"author":[{"embeddable":true,"href":"https:\/\/coreondu.world\/pt\/wp-json\/wp\/v2\/users\/2"}],"replies":[{"embeddable":true,"href":"https:\/\/coreondu.world\/pt\/wp-json\/wp\/v2\/comments?post=1321"}],"version-history":[{"count":0,"href":"https:\/\/coreondu.world\/pt\/wp-json\/wp\/v2\/posts\/1321\/revisions"}],"wp:featuredmedia":[{"embeddable":true,"href":"https:\/\/coreondu.world\/pt\/wp-json\/wp\/v2\/media\/1322"}],"wp:attachment":[{"href":"https:\/\/coreondu.world\/pt\/wp-json\/wp\/v2\/media?parent=1321"}],"wp:term":[{"taxonomy":"category","embeddable":true,"href":"https:\/\/coreondu.world\/pt\/wp-json\/wp\/v2\/categories?post=1321"},{"taxonomy":"post_tag","embeddable":true,"href":"https:\/\/coreondu.world\/pt\/wp-json\/wp\/v2\/tags?post=1321"}],"curies":[{"name":"wp","href":"https:\/\/api.w.org\/{rel}","templated":true}]}}