{"id":1318,"date":"2025-04-23T15:23:55","date_gmt":"2025-04-23T13:23:55","guid":{"rendered":"https:\/\/coreondu.world\/?p=1318"},"modified":"2025-04-23T15:23:58","modified_gmt":"2025-04-23T13:23:58","slug":"creatividad-tecnologia-fusion-poderosa-conciencia","status":"publish","type":"post","link":"https:\/\/coreondu.world\/pt\/creatividad-tecnologia-fusion-poderosa-conciencia\/","title":{"rendered":"Criatividade e tecnologia: uma fus\u00e3o poderosa, mas com consci\u00eancia"},"content":{"rendered":"<p>A criatividade encontrou na tecnologia um campo ideal para se expandir, experimentar e reinventar. No universo cultural atual, onde as disciplinas se cruzam e as ferramentas digitais se tornam mais acess\u00edveis, a rela\u00e7\u00e3o entre as duas n\u00e3o \u00e9 apenas inevit\u00e1vel: \u00e9 profundamente transformadora.<\/p>\n\n\n\n<h2 class=\"wp-block-heading\"><strong>Quando a imagina\u00e7\u00e3o encontra a m\u00e1quina<\/strong><\/h2>\n\n\n\n<p>Atualmente, basta escrever uma frase para gerar uma imagem detalhada. \u00c9 poss\u00edvel compor can\u00e7\u00f5es com vozes que imitam artistas mundiais ou conceber cenas cinematogr\u00e1ficas sem uma \u00fanica c\u00e2mara ligada. Plataformas como <a href=\"https:\/\/elcomercio.pe\/mag\/fama\/canciones-virales-que-han-sido-creadas-con-inteligencia-artificial-ia-nnda-nnlt-noticia\/\">Boomia<\/a> A cria\u00e7\u00e3o de m\u00fasica pode agora ser feita numa quest\u00e3o de minutos, e ferramentas como Runway e Midjourney revolucionaram o design visual, dando a qualquer pessoa a capacidade de gerar conte\u00fados a um n\u00edvel t\u00e9cnico surpreendentemente elevado.<\/p>\n\n\n\n<p>Esta abertura deu lugar a novas formas de arte, mais colaborativas, h\u00edbridas e democratizadas. Significou tamb\u00e9m que o acesso \u00e0 cria\u00e7\u00e3o j\u00e1 n\u00e3o depende exclusivamente da posse de um grande est\u00fadio, de equipamento ou de forma\u00e7\u00e3o tradicional.<\/p>\n\n\n\n<h2 class=\"wp-block-heading\"><strong>Criatividade capacitada, mas n\u00e3o criatividade desumanizada.<\/strong><\/h2>\n\n\n\n<p>Mas \u00e0 medida que as possibilidades se multiplicam, tamb\u00e9m se multiplicam as quest\u00f5es: at\u00e9 que ponto um trabalho gerado pela intelig\u00eancia artificial pode ser considerado original? O que acontece quando estas ferramentas se baseiam em estilos ou cria\u00e7\u00f5es protegidas por direitos de autor?<\/p>\n\n\n\n<p>Um dos casos recentes que reacendeu este debate foi a utiliza\u00e7\u00e3o de IA para gerar retratos ao estilo do Studio Ghibli. A iniciativa, ligada a uma funcionalidade da OpenAI, causou pol\u00e9mica por replicar o estilo visual do est\u00fadio sem o seu consentimento. Meios de comunica\u00e7\u00e3o social como <a href=\"https:\/\/www.fastcompany.com\/91308222\/openais-studio-ghibli-style-images-renew-the-debate-over-ai-and-copyright\">Fast Company<\/a> y <a href=\"https:\/\/www.businessinsider.com\/studio-ghibli-openai-chatgpt-image-feature-copyright-law-2025-3\">Business Insider<\/a> salientou que tais pr\u00e1ticas p\u00f5em em causa os direitos dos autores e a integridade de obras de profundo valor cultural.<\/p>\n\n\n\n<p>Estes dilemas n\u00e3o s\u00e3o menores. A tecnologia n\u00e3o pode atropelar a \u00e9tica, nem diluir a identidade de quem passou anos a construir universos criativos a partir do humano.<\/p>\n\n\n\n<h2 class=\"wp-block-heading\"><strong>Um futuro que combina o humano e o digital com respeito<\/strong><\/h2>\n\n\n\n<p>A tecnologia pode ser um enorme aliado no processo criativo, desde que n\u00e3o esque\u00e7amos que por detr\u00e1s de cada obra existe uma inten\u00e7\u00e3o, uma hist\u00f3ria e uma sensibilidade que a IA n\u00e3o pode replicar. N\u00e3o se trata de abrandar a inova\u00e7\u00e3o, mas de a acompanhar com responsabilidade e consci\u00eancia.<\/p>\n\n\n\n<p>\u00c9 necess\u00e1rio aprender a utilizar estas ferramentas de forma judiciosa, a compreender a origem dos dados que utilizam e a reconhecer - ou melhor, a proteger - a autoria sempre que necess\u00e1rio. A criatividade n\u00e3o deve perder a sua alma no caminho para a automatiza\u00e7\u00e3o.<\/p>\n\n\n\n<p>Nesta encruzilhada entre cultura e tecnologia, o verdadeiro desafio n\u00e3o \u00e9 apenas criar mais, mas criar melhor. Com respeito. Com profundidade. Com uma voz pr\u00f3pria.<\/p>","protected":false},"excerpt":{"rendered":"<p>La creatividad ha encontrado en la tecnolog\u00eda un campo ideal para expandirse, experimentar y reinventarse. En el universo cultural actual, donde las disciplinas se cruzan y las herramientas digitales se vuelven m\u00e1s accesibles, la relaci\u00f3n entre ambas no solo es inevitable: es profundamente transformadora. Cuando la imaginaci\u00f3n se encuentra con la m\u00e1quina Hoy, basta con escribir una frase para generar una imagen detallada. Se pueden componer canciones con voces que imitan a artistas globales o dise\u00f1ar escenas cinematogr\u00e1ficas sin una sola c\u00e1mara encendida. Plataformas como Boomy ya permiten crear m\u00fasica en cuesti\u00f3n de minutos, y herramientas como Runway o Midjourney han revolucionado el dise\u00f1o visual, para poner en manos de cualquiera la posibilidad de generar contenido con un nivel t\u00e9cnico sorprendente. Esta apertura ha dado paso a nuevas formas de arte, m\u00e1s colaborativas, h\u00edbridas y democratizadas. Tambi\u00e9n ha hecho que el acceso a la creaci\u00f3n ya no dependa exclusivamente de tener un gran estudio, equipo o formaci\u00f3n tradicional. Creatividad potenciada, pero no deshumanizada Pero mientras las posibilidades se multiplican, tambi\u00e9n lo hacen las preguntas. \u00bfHasta qu\u00e9 punto una obra generada por inteligencia artificial puede considerarse original? \u00bfQu\u00e9 sucede cuando esas herramientas se nutren de estilos o creaciones protegidas por derechos de autor? Uno de los casos recientes que reaviv\u00f3 este debate fue el uso de IA para generar retratos al estilo de Studio Ghibli. La iniciativa, vinculada a una funci\u00f3n de OpenAI, caus\u00f3 controversia por replicar el estilo visual del estudio sin su consentimiento. Medios como Fast Company y Business Insider destacaron c\u00f3mo este tipo de pr\u00e1cticas pone en riesgo los derechos de autores y la integridad de obras que tienen un profundo valor cultural. Estos dilemas no son menores. La tecnolog\u00eda no debe atropellar la \u00e9tica, ni diluir la identidad de quienes llevan a\u00f1os construyendo universos creativos desde lo humano. Un futuro que combine lo humano y lo digital con respeto La tecnolog\u00eda puede ser una aliada inmensa en el proceso creativo, siempre y cuando no se olvide que detr\u00e1s de toda obra hay una intenci\u00f3n, una historia y una sensibilidad que la IA no puede replicar. No se trata de frenar la innovaci\u00f3n, sino de acompa\u00f1arla con responsabilidad y conciencia. Es necesario aprender a usar estas herramientas con criterio, comprender de d\u00f3nde vienen los datos que utilizan, y reconocer \u2014o mejor a\u00fan, proteger\u2014 la autor\u00eda cuando corresponda. La creatividad no debe perder su alma en el camino hacia la automatizaci\u00f3n. En ese cruce entre cultura y tecnolog\u00eda, el verdadero reto no es solo crear m\u00e1s, sino crear mejor. Con respeto. Con profundidad. Con voz propia.<\/p>","protected":false},"author":2,"featured_media":1319,"comment_status":"open","ping_status":"open","sticky":false,"template":"","format":"standard","meta":{"footnotes":""},"categories":[11],"tags":[],"class_list":["post-1318","post","type-post","status-publish","format-standard","has-post-thumbnail","hentry","category-we-du"],"yoast_head":"<!-- This site is optimized with the Yoast SEO plugin v27.1.1 - https:\/\/yoast.com\/product\/yoast-seo-wordpress\/ -->\n<title>Creatividad y tecnolog\u00eda: una fusi\u00f3n poderosa, pero con conciencia - Coreon Du<\/title>\n<meta name=\"description\" content=\"La creatividad y la tecnolog\u00eda se entrelazan para transformar el arte, planteando nuevos retos \u00e9ticos y culturales.\" \/>\n<meta name=\"robots\" content=\"index, follow, max-snippet:-1, max-image-preview:large, max-video-preview:-1\" \/>\n<link rel=\"canonical\" href=\"https:\/\/coreondu.world\/pt\/creatividad-tecnologia-fusion-poderosa-conciencia\/\" \/>\n<meta property=\"og:locale\" content=\"pt_PT\" \/>\n<meta property=\"og:type\" content=\"article\" \/>\n<meta property=\"og:title\" content=\"Creatividad y tecnolog\u00eda: una fusi\u00f3n poderosa, pero con conciencia - Coreon Du\" \/>\n<meta property=\"og:description\" content=\"La creatividad y la tecnolog\u00eda se entrelazan para transformar el arte, planteando nuevos retos \u00e9ticos y culturales.\" \/>\n<meta property=\"og:url\" content=\"https:\/\/coreondu.world\/pt\/creatividad-tecnologia-fusion-poderosa-conciencia\/\" \/>\n<meta property=\"og:site_name\" content=\"Coreon Du\" \/>\n<meta property=\"article:publisher\" content=\"https:\/\/www.facebook.com\/CoreonDuOficial\/\" \/>\n<meta property=\"article:published_time\" content=\"2025-04-23T13:23:55+00:00\" \/>\n<meta property=\"article:modified_time\" content=\"2025-04-23T13:23:58+00:00\" \/>\n<meta property=\"og:image\" content=\"https:\/\/coreondu.world\/wp-content\/uploads\/2025\/04\/Diseno-sin-titulo-11-1.png\" \/>\n\t<meta property=\"og:image:width\" content=\"500\" \/>\n\t<meta property=\"og:image:height\" content=\"500\" \/>\n\t<meta property=\"og:image:type\" content=\"image\/png\" \/>\n<meta name=\"author\" content=\"migracion\" \/>\n<meta name=\"twitter:card\" content=\"summary_large_image\" \/>\n<meta name=\"twitter:label1\" content=\"Escrito por\" \/>\n\t<meta name=\"twitter:data1\" content=\"migracion\" \/>\n\t<meta name=\"twitter:label2\" content=\"Tempo estimado de leitura\" \/>\n\t<meta name=\"twitter:data2\" content=\"3 minutos\" \/>\n<script type=\"application\/ld+json\" class=\"yoast-schema-graph\">{\"@context\":\"https:\/\/schema.org\",\"@graph\":[{\"@type\":\"Article\",\"@id\":\"https:\/\/coreondu.world\/creatividad-tecnologia-fusion-poderosa-conciencia\/#article\",\"isPartOf\":{\"@id\":\"https:\/\/coreondu.world\/creatividad-tecnologia-fusion-poderosa-conciencia\/\"},\"author\":{\"name\":\"migracion\",\"@id\":\"https:\/\/coreondu.world\/#\/schema\/person\/d8a560761df497646fe0e605ac2ad4fa\"},\"headline\":\"Creatividad y tecnolog\u00eda: una fusi\u00f3n poderosa, pero con conciencia\",\"datePublished\":\"2025-04-23T13:23:55+00:00\",\"dateModified\":\"2025-04-23T13:23:58+00:00\",\"mainEntityOfPage\":{\"@id\":\"https:\/\/coreondu.world\/creatividad-tecnologia-fusion-poderosa-conciencia\/\"},\"wordCount\":472,\"commentCount\":0,\"image\":{\"@id\":\"https:\/\/coreondu.world\/creatividad-tecnologia-fusion-poderosa-conciencia\/#primaryimage\"},\"thumbnailUrl\":\"https:\/\/coreondu.world\/wp-content\/uploads\/2025\/04\/Diseno-sin-titulo-11-1.png\",\"articleSection\":[\"we d\u00fa\"],\"inLanguage\":\"pt-PT\",\"potentialAction\":[{\"@type\":\"CommentAction\",\"name\":\"Comment\",\"target\":[\"https:\/\/coreondu.world\/creatividad-tecnologia-fusion-poderosa-conciencia\/#respond\"]}]},{\"@type\":\"WebPage\",\"@id\":\"https:\/\/coreondu.world\/creatividad-tecnologia-fusion-poderosa-conciencia\/\",\"url\":\"https:\/\/coreondu.world\/creatividad-tecnologia-fusion-poderosa-conciencia\/\",\"name\":\"Creatividad y tecnolog\u00eda: una fusi\u00f3n poderosa, pero con conciencia - Coreon Du\",\"isPartOf\":{\"@id\":\"https:\/\/coreondu.world\/#website\"},\"primaryImageOfPage\":{\"@id\":\"https:\/\/coreondu.world\/creatividad-tecnologia-fusion-poderosa-conciencia\/#primaryimage\"},\"image\":{\"@id\":\"https:\/\/coreondu.world\/creatividad-tecnologia-fusion-poderosa-conciencia\/#primaryimage\"},\"thumbnailUrl\":\"https:\/\/coreondu.world\/wp-content\/uploads\/2025\/04\/Diseno-sin-titulo-11-1.png\",\"datePublished\":\"2025-04-23T13:23:55+00:00\",\"dateModified\":\"2025-04-23T13:23:58+00:00\",\"author\":{\"@id\":\"https:\/\/coreondu.world\/#\/schema\/person\/d8a560761df497646fe0e605ac2ad4fa\"},\"description\":\"La creatividad y la tecnolog\u00eda se entrelazan para transformar el arte, planteando nuevos retos \u00e9ticos y culturales.\",\"breadcrumb\":{\"@id\":\"https:\/\/coreondu.world\/creatividad-tecnologia-fusion-poderosa-conciencia\/#breadcrumb\"},\"inLanguage\":\"pt-PT\",\"potentialAction\":[{\"@type\":\"ReadAction\",\"target\":[\"https:\/\/coreondu.world\/creatividad-tecnologia-fusion-poderosa-conciencia\/\"]}]},{\"@type\":\"ImageObject\",\"inLanguage\":\"pt-PT\",\"@id\":\"https:\/\/coreondu.world\/creatividad-tecnologia-fusion-poderosa-conciencia\/#primaryimage\",\"url\":\"https:\/\/coreondu.world\/wp-content\/uploads\/2025\/04\/Diseno-sin-titulo-11-1.png\",\"contentUrl\":\"https:\/\/coreondu.world\/wp-content\/uploads\/2025\/04\/Diseno-sin-titulo-11-1.png\",\"width\":500,\"height\":500,\"caption\":\"inteligencia artificial, cor\u00e9on d\u00fa, IA, AI\"},{\"@type\":\"BreadcrumbList\",\"@id\":\"https:\/\/coreondu.world\/creatividad-tecnologia-fusion-poderosa-conciencia\/#breadcrumb\",\"itemListElement\":[{\"@type\":\"ListItem\",\"position\":1,\"name\":\"Portada\",\"item\":\"https:\/\/coreondu.world\/\"},{\"@type\":\"ListItem\",\"position\":2,\"name\":\"Creatividad y tecnolog\u00eda: una fusi\u00f3n poderosa, pero con conciencia\"}]},{\"@type\":\"WebSite\",\"@id\":\"https:\/\/coreondu.world\/#website\",\"url\":\"https:\/\/coreondu.world\/\",\"name\":\"Cor\u00e9on D\u00fa\",\"description\":\"\",\"potentialAction\":[{\"@type\":\"SearchAction\",\"target\":{\"@type\":\"EntryPoint\",\"urlTemplate\":\"https:\/\/coreondu.world\/?s={search_term_string}\"},\"query-input\":{\"@type\":\"PropertyValueSpecification\",\"valueRequired\":true,\"valueName\":\"search_term_string\"}}],\"inLanguage\":\"pt-PT\"},{\"@type\":\"Person\",\"@id\":\"https:\/\/coreondu.world\/#\/schema\/person\/d8a560761df497646fe0e605ac2ad4fa\",\"name\":\"migracion\",\"image\":{\"@type\":\"ImageObject\",\"inLanguage\":\"pt-PT\",\"@id\":\"https:\/\/coreondu.world\/#\/schema\/person\/image\/\",\"url\":\"https:\/\/secure.gravatar.com\/avatar\/7748b659d7bf7331a213b118c72a1305f9e6c61e76b2999647f0f6b5d422402e?s=96&d=mm&r=g\",\"contentUrl\":\"https:\/\/secure.gravatar.com\/avatar\/7748b659d7bf7331a213b118c72a1305f9e6c61e76b2999647f0f6b5d422402e?s=96&d=mm&r=g\",\"caption\":\"migracion\"}}]}<\/script>\n<!-- \/ Yoast SEO plugin. -->","yoast_head_json":{"title":"Creatividad y tecnolog\u00eda: una fusi\u00f3n poderosa, pero con conciencia - Coreon Du","description":"La creatividad y la tecnolog\u00eda se entrelazan para transformar el arte, planteando nuevos retos \u00e9ticos y culturales.","robots":{"index":"index","follow":"follow","max-snippet":"max-snippet:-1","max-image-preview":"max-image-preview:large","max-video-preview":"max-video-preview:-1"},"canonical":"https:\/\/coreondu.world\/pt\/creatividad-tecnologia-fusion-poderosa-conciencia\/","og_locale":"pt_PT","og_type":"article","og_title":"Creatividad y tecnolog\u00eda: una fusi\u00f3n poderosa, pero con conciencia - Coreon Du","og_description":"La creatividad y la tecnolog\u00eda se entrelazan para transformar el arte, planteando nuevos retos \u00e9ticos y culturales.","og_url":"https:\/\/coreondu.world\/pt\/creatividad-tecnologia-fusion-poderosa-conciencia\/","og_site_name":"Coreon Du","article_publisher":"https:\/\/www.facebook.com\/CoreonDuOficial\/","article_published_time":"2025-04-23T13:23:55+00:00","article_modified_time":"2025-04-23T13:23:58+00:00","og_image":[{"width":500,"height":500,"url":"https:\/\/coreondu.world\/wp-content\/uploads\/2025\/04\/Diseno-sin-titulo-11-1.png","type":"image\/png"}],"author":"migracion","twitter_card":"summary_large_image","twitter_misc":{"Escrito por":"migracion","Tempo estimado de leitura":"3 minutos"},"schema":{"@context":"https:\/\/schema.org","@graph":[{"@type":"Article","@id":"https:\/\/coreondu.world\/creatividad-tecnologia-fusion-poderosa-conciencia\/#article","isPartOf":{"@id":"https:\/\/coreondu.world\/creatividad-tecnologia-fusion-poderosa-conciencia\/"},"author":{"name":"migracion","@id":"https:\/\/coreondu.world\/#\/schema\/person\/d8a560761df497646fe0e605ac2ad4fa"},"headline":"Creatividad y tecnolog\u00eda: una fusi\u00f3n poderosa, pero con conciencia","datePublished":"2025-04-23T13:23:55+00:00","dateModified":"2025-04-23T13:23:58+00:00","mainEntityOfPage":{"@id":"https:\/\/coreondu.world\/creatividad-tecnologia-fusion-poderosa-conciencia\/"},"wordCount":472,"commentCount":0,"image":{"@id":"https:\/\/coreondu.world\/creatividad-tecnologia-fusion-poderosa-conciencia\/#primaryimage"},"thumbnailUrl":"https:\/\/coreondu.world\/wp-content\/uploads\/2025\/04\/Diseno-sin-titulo-11-1.png","articleSection":["we d\u00fa"],"inLanguage":"pt-PT","potentialAction":[{"@type":"CommentAction","name":"Comment","target":["https:\/\/coreondu.world\/creatividad-tecnologia-fusion-poderosa-conciencia\/#respond"]}]},{"@type":"WebPage","@id":"https:\/\/coreondu.world\/creatividad-tecnologia-fusion-poderosa-conciencia\/","url":"https:\/\/coreondu.world\/creatividad-tecnologia-fusion-poderosa-conciencia\/","name":"Creatividad y tecnolog\u00eda: una fusi\u00f3n poderosa, pero con conciencia - Coreon Du","isPartOf":{"@id":"https:\/\/coreondu.world\/#website"},"primaryImageOfPage":{"@id":"https:\/\/coreondu.world\/creatividad-tecnologia-fusion-poderosa-conciencia\/#primaryimage"},"image":{"@id":"https:\/\/coreondu.world\/creatividad-tecnologia-fusion-poderosa-conciencia\/#primaryimage"},"thumbnailUrl":"https:\/\/coreondu.world\/wp-content\/uploads\/2025\/04\/Diseno-sin-titulo-11-1.png","datePublished":"2025-04-23T13:23:55+00:00","dateModified":"2025-04-23T13:23:58+00:00","author":{"@id":"https:\/\/coreondu.world\/#\/schema\/person\/d8a560761df497646fe0e605ac2ad4fa"},"description":"La creatividad y la tecnolog\u00eda se entrelazan para transformar el arte, planteando nuevos retos \u00e9ticos y culturales.","breadcrumb":{"@id":"https:\/\/coreondu.world\/creatividad-tecnologia-fusion-poderosa-conciencia\/#breadcrumb"},"inLanguage":"pt-PT","potentialAction":[{"@type":"ReadAction","target":["https:\/\/coreondu.world\/creatividad-tecnologia-fusion-poderosa-conciencia\/"]}]},{"@type":"ImageObject","inLanguage":"pt-PT","@id":"https:\/\/coreondu.world\/creatividad-tecnologia-fusion-poderosa-conciencia\/#primaryimage","url":"https:\/\/coreondu.world\/wp-content\/uploads\/2025\/04\/Diseno-sin-titulo-11-1.png","contentUrl":"https:\/\/coreondu.world\/wp-content\/uploads\/2025\/04\/Diseno-sin-titulo-11-1.png","width":500,"height":500,"caption":"inteligencia artificial, cor\u00e9on d\u00fa, IA, AI"},{"@type":"BreadcrumbList","@id":"https:\/\/coreondu.world\/creatividad-tecnologia-fusion-poderosa-conciencia\/#breadcrumb","itemListElement":[{"@type":"ListItem","position":1,"name":"Portada","item":"https:\/\/coreondu.world\/"},{"@type":"ListItem","position":2,"name":"Creatividad y tecnolog\u00eda: una fusi\u00f3n poderosa, pero con conciencia"}]},{"@type":"WebSite","@id":"https:\/\/coreondu.world\/#website","url":"https:\/\/coreondu.world\/","name":"Cor\u00e9on D\u00fa","description":"","potentialAction":[{"@type":"SearchAction","target":{"@type":"EntryPoint","urlTemplate":"https:\/\/coreondu.world\/?s={search_term_string}"},"query-input":{"@type":"PropertyValueSpecification","valueRequired":true,"valueName":"search_term_string"}}],"inLanguage":"pt-PT"},{"@type":"Person","@id":"https:\/\/coreondu.world\/#\/schema\/person\/d8a560761df497646fe0e605ac2ad4fa","name":"migracion","image":{"@type":"ImageObject","inLanguage":"pt-PT","@id":"https:\/\/coreondu.world\/#\/schema\/person\/image\/","url":"https:\/\/secure.gravatar.com\/avatar\/7748b659d7bf7331a213b118c72a1305f9e6c61e76b2999647f0f6b5d422402e?s=96&d=mm&r=g","contentUrl":"https:\/\/secure.gravatar.com\/avatar\/7748b659d7bf7331a213b118c72a1305f9e6c61e76b2999647f0f6b5d422402e?s=96&d=mm&r=g","caption":"migracion"}}]}},"_links":{"self":[{"href":"https:\/\/coreondu.world\/pt\/wp-json\/wp\/v2\/posts\/1318","targetHints":{"allow":["GET"]}}],"collection":[{"href":"https:\/\/coreondu.world\/pt\/wp-json\/wp\/v2\/posts"}],"about":[{"href":"https:\/\/coreondu.world\/pt\/wp-json\/wp\/v2\/types\/post"}],"author":[{"embeddable":true,"href":"https:\/\/coreondu.world\/pt\/wp-json\/wp\/v2\/users\/2"}],"replies":[{"embeddable":true,"href":"https:\/\/coreondu.world\/pt\/wp-json\/wp\/v2\/comments?post=1318"}],"version-history":[{"count":0,"href":"https:\/\/coreondu.world\/pt\/wp-json\/wp\/v2\/posts\/1318\/revisions"}],"wp:featuredmedia":[{"embeddable":true,"href":"https:\/\/coreondu.world\/pt\/wp-json\/wp\/v2\/media\/1319"}],"wp:attachment":[{"href":"https:\/\/coreondu.world\/pt\/wp-json\/wp\/v2\/media?parent=1318"}],"wp:term":[{"taxonomy":"category","embeddable":true,"href":"https:\/\/coreondu.world\/pt\/wp-json\/wp\/v2\/categories?post=1318"},{"taxonomy":"post_tag","embeddable":true,"href":"https:\/\/coreondu.world\/pt\/wp-json\/wp\/v2\/tags?post=1318"}],"curies":[{"name":"wp","href":"https:\/\/api.w.org\/{rel}","templated":true}]}}