{"id":1313,"date":"2025-04-15T16:35:26","date_gmt":"2025-04-15T14:35:26","guid":{"rendered":"https:\/\/coreondu.world\/?p=1313"},"modified":"2025-04-15T16:35:27","modified_gmt":"2025-04-15T14:35:27","slug":"coreon-du-moda-celebridades","status":"publish","type":"post","link":"https:\/\/coreondu.world\/pt\/coreon-du-moda-celebridades\/","title":{"rendered":"A moda como express\u00e3o musical e a sua expans\u00e3o para o design"},"content":{"rendered":"<p>A rela\u00e7\u00e3o entre a moda e a m\u00fasica sempre foi uma forma de express\u00e3o cultural e identit\u00e1ria. Ao longo da hist\u00f3ria, os g\u00e9neros musicais influenciaram as tend\u00eancias do vestu\u00e1rio e vice-versa, estabelecendo uma liga\u00e7\u00e3o profunda entre a arte sonora e os t\u00eaxteis. Mas, hoje em dia, esta sinergia transcendeu a moda para influenciar tamb\u00e9m o design de interiores e o design de objectos, reflectindo um fen\u00f3meno global que define estilos de vida na sua totalidade.<\/p>\n\n\n\n<h2 class=\"wp-block-heading\"><strong>Moda e m\u00fasica: uma rela\u00e7\u00e3o criativa e hist\u00f3rica<\/strong><\/h2>\n\n\n\n<p>Desde os anos dourados do rock at\u00e9 \u00e0 cena urbana contempor\u00e2nea, a m\u00fasica tem sido uma for\u00e7a motriz da moda. Bandas ic\u00f3nicas como os Beatles, os Rolling Stones e artistas punk como os Sex Pistols deixaram a sua marca atrav\u00e9s de estilos carater\u00edsticos que se tornaram refer\u00eancias da sua \u00e9poca. Nos anos 80, o glam rock de David Bowie e o pop de Madonna criaram tend\u00eancias que influenciaram gera\u00e7\u00f5es inteiras.<\/p>\n\n\n\n<p>Para al\u00e9m de ser m\u00fasico e \u00edcone da est\u00e9tica do vestu\u00e1rio, Lenny Kravitz tem uma empresa de arquitetura de interiores de renome, <a href=\"https:\/\/www.nytimes.com\/2017\/02\/24\/realestate\/lenny-kravitz-is-the-interior-designer-for-a-nolita-building.html\">Kravitz Design,<\/a> que trabalhou em projectos de prest\u00edgio, como suites de luxo para hot\u00e9is e resid\u00eancias exclusivas.<\/p>\n\n\n\n<p>Hoje em dia, a moda e a m\u00fasica continuam a fundir-se, com artistas como Pharrell Williams, Rihanna, BLACKPINK, Bad Bunny, Beyonc\u00e9 e o ic\u00f3nico David Bowie a definirem tend\u00eancias atrav\u00e9s das suas roupas e colabora\u00e7\u00f5es com grandes marcas. Um exemplo recente \u00e9 Beyonc\u00e9, cuja m\u00fasica tem impacto n\u00e3o s\u00f3 na cultura pop, mas tamb\u00e9m na moda; o seu \u00faltimo lan\u00e7amento teve um efeito direto na marca. <a href=\"https:\/\/es.rollingstone.com\/levis-lanza-una-nueva-campana-mundial-protagonizada-por-beyonce\/\">Levi's<\/a>o que fez aumentar as expectativas de vendas da empresa. Esta influ\u00eancia reflecte-se na forma como as novas gera\u00e7\u00f5es adoptam estilos inspirados nos seus m\u00fasicos preferidos, consolidando uma est\u00e9tica pr\u00f3pria de cada movimento sonoro.<\/p>\n\n\n\n<p>A ind\u00fastria da moda tamb\u00e9m refor\u00e7ou a sua liga\u00e7\u00e3o \u00e0 m\u00fasica atrav\u00e9s de parcerias estrat\u00e9gicas com artistas globais. Um exemplo disso \u00e9 Jin, membro da <a href=\"https:\/\/wwd.com\/fashion-news\/designer-luxury\/gucci-bts-jin-global-brand-ambassador-1236531946\/\">BTS<\/a>que foi recentemente nomeado embaixador mundial da Gucci, consolidando ainda mais a influ\u00eancia da m\u00fasica na ind\u00fastria do luxo. Este fen\u00f3meno, em que os m\u00fasicos se tornam os rostos das grandes marcas, reflecte a evolu\u00e7\u00e3o do marketing da moda e o impacto cultural das estrelas da m\u00fasica no consumo e nas tend\u00eancias.<\/p>\n\n\n\n<p>Neste panorama global, a crescente visibilidade dos artistas africanos e afro-diasp\u00f3ricos na ind\u00fastria da moda \u00e9 tamb\u00e9m digna de nota. Burna Boy, por exemplo, colaborou com marcas como <a href=\"https:\/\/www.pulse.ng\/articles\/lifestyle\/fashion\/burna-boys-top-5-international-fashion-collaborations-2024092616591091867\">Burberry<\/a> e G-Star Raw, que o tornou num \u00edcone de estilo global. A estrela pop sul-africana em ascens\u00e3o, Tyla, trabalhou com a GAP e a Nike, enquanto a cantora francesa nascida no Mali, Aya Nakamura, foi escolhida como embaixadora da Lanc\u00f4me. Estas <a href=\"https:\/\/www.voguebusiness.com\/story\/fashion\/international-luxury-brands-wake-up-to-the-african-music-boom\">parcerias<\/a> n\u00e3o s\u00f3 refor\u00e7am a presen\u00e7a de novas vozes no circuito da moda, como tamb\u00e9m reflectem a forma como a m\u00fasica africana est\u00e1 a redefinir o mapa est\u00e9tico e cultural das grandes casas internacionais.<\/p>\n\n\n\n<h2 class=\"wp-block-heading\"><strong>Expans\u00e3o para o design e arquitetura de interiores<\/strong><\/h2>\n\n\n<div class=\"wp-block-image\">\n<figure class=\"aligncenter size-full is-resized\"><img fetchpriority=\"high\" decoding=\"async\" width=\"480\" height=\"728\" src=\"https:\/\/coreondu.world\/wp-content\/uploads\/2025\/04\/coreon-du.-2.jpg\" alt=\"\" class=\"wp-image-1315\" style=\"width:319px;height:auto\" srcset=\"https:\/\/coreondu.world\/wp-content\/uploads\/2025\/04\/coreon-du.-2.jpg 480w, https:\/\/coreondu.world\/wp-content\/uploads\/2025\/04\/coreon-du.-2-198x300.jpg 198w\" sizes=\"(max-width: 480px) 100vw, 480px\" \/><\/figure><\/div>\n\n\n<p>A influ\u00eancia da moda n\u00e3o se limita ao vestu\u00e1rio. Hoje em dia, as tend\u00eancias t\u00eaxteis e crom\u00e1ticas que dominam as passarelas est\u00e3o tamb\u00e9m a ter um impacto no design dos espa\u00e7os. O minimalismo e o maximalismo, duas tend\u00eancias opostas que coexistem atualmente, encontraram a sua express\u00e3o tanto na moda como na decora\u00e7\u00e3o de interiores e na arquitetura. A crise econ\u00f3mica p\u00f3s-pand\u00e9mica gerou uma polariza\u00e7\u00e3o nas tend\u00eancias: por um lado, um minimalismo s\u00f3brio e funcional; por outro, um maximalismo nost\u00e1lgico e sobrecarregado.<\/p>\n\n\n\n<p>Os conceitos e elementos estil\u00edsticos da moda s\u00e3o transpostos para o design de interiores. Da paleta de cores \u00e0 escolha dos materiais, as est\u00e9ticas emergentes reflectem um desejo de express\u00e3o pessoal que vai para al\u00e9m do vestu\u00e1rio, onde se integram na composi\u00e7\u00e3o de espa\u00e7os e objectos.<\/p>\n\n\n\n<h2 class=\"wp-block-heading\"><strong>Indicadores econ\u00f3micos na moda e no design<\/strong><\/h2>\n\n\n\n<p>Curiosamente, a rela\u00e7\u00e3o entre a moda e a economia tamb\u00e9m tem sido estudada atrav\u00e9s de indicadores como o \u00edndice \"Moda e Economia\".<a href=\"https:\/\/oaklandpostonline.com\/47204\/politics\/when-fashion-meets-finance-the-hemline-index\/\">\u00cdndice da bainha<\/a>\"e o \"<a href=\"https:\/\/www.washingtonpost.com\/wp-dyn\/content\/article\/2009\/08\/30\/AR2009083002761.html\">\u00cdndice de roupa interior para homem<\/a>\". Estes conceitos sugerem que as tend\u00eancias da moda podem refletir as mudan\u00e7as econ\u00f3micas globais, algo que tamb\u00e9m se reflectiu no design de interiores.<\/p>\n\n\n\n<p>A moda como express\u00e3o musical tem sido, e continuar\u00e1 a ser, uma forma fundamental de identidade cultural. No entanto, a sua influ\u00eancia ultrapassou o vestu\u00e1rio, permeando o design de espa\u00e7os e objectos. Num mundo em que as artes convergem cada vez mais, compreender esta interliga\u00e7\u00e3o permite-nos apreciar a forma como a est\u00e9tica de uma gera\u00e7\u00e3o se manifesta em diferentes aspectos da vida quotidiana. \u00c0 medida que as tend\u00eancias evoluem, \u00e9 prov\u00e1vel que continuemos a assistir a esta expans\u00e3o para novas formas de express\u00e3o art\u00edstica e de design.<\/p>\n\n\n\n<p><\/p>","protected":false},"excerpt":{"rendered":"<p>La relaci\u00f3n entre la moda y la m\u00fasica ha sido siempre una v\u00eda de expresi\u00f3n cultural e identitaria. A lo largo de la historia, los g\u00e9neros musicales han influenciado tendencias de vestimenta, y viceversa, estableciendo una conexi\u00f3n profunda entre el arte sonoro y el textil. Pero en la actualidad, esta sinergia ha trascendido la moda para impactar tambi\u00e9n el dise\u00f1o de interiores y el object design, reflejando un fen\u00f3meno global que define estilos de vida en su totalidad. Moda y m\u00fasica: una relaci\u00f3n creativa e hist\u00f3rica Desde los a\u00f1os dorados del rock hasta la escena urbana contempor\u00e1nea, la m\u00fasica ha sido una fuerza motriz en la moda. Bandas ic\u00f3nicas como The Beatles, The Rolling Stones y artistas de punk como los Sex Pistols han dejado su huella a trav\u00e9s de estilos caracter\u00edsticos que se convirtieron en referentes de su \u00e9poca. En los 80, el glam rock de David Bowie y el pop de Madonna marcaron tendencias que influyeron en generaciones enteras. Adem\u00e1s de m\u00fasico e \u00edcono de est\u00e9tica vestimentaria, Lenny Kravitz tiene una firma de arquitectura de interiores reconocida, Kravitz Design, que ha trabajado en proyectos de gran prestigio, como suites de lujo para hoteles y residencias exclusivas. Hoy en d\u00eda, la moda y la m\u00fasica contin\u00faan fusion\u00e1ndose, con artistas como Pharrell Williams, Rihanna, BLACKPINK, Bad Bunny, Beyonc\u00e9 o el ic\u00f3nico David Bowie, que marcan tendencia a trav\u00e9s de su vestimenta y colaboraciones con grandes marcas. Un ejemplo reciente es Beyonc\u00e9, cuya m\u00fasica no solo impacta en la cultura pop, sino tambi\u00e9n en la moda; su \u00faltimo lanzamiento tuvo un efecto directo en la marca Levi\u2019s, lo que impuls\u00f3 las expectativas de ventas de la compa\u00f1\u00eda. Esta influencia se refleja en la forma en que las nuevas generaciones adoptan estilos inspirados en sus m\u00fasicos favoritos, consolidando una est\u00e9tica propia de cada movimiento sonoro. Asimismo, la industria de la moda ha reforzado su v\u00ednculo con la m\u00fasica a trav\u00e9s de asociaciones estrat\u00e9gicas con artistas globales. Un caso destacado es Jin, miembro de BTS, quien recientemente fue nombrado embajador global de Gucci, lo que ha consolidado a\u00fan m\u00e1s la influencia de la m\u00fasica en la industria del lujo. Este fen\u00f3meno, en el que m\u00fasicos se convierten en rostros de grandes marcas, refleja la evoluci\u00f3n del marketing de moda y el impacto cultural de las estrellas musicales en el consumo y las tendencias. En este panorama global, tambi\u00e9n se destaca la creciente visibilidad de artistas africanos y afrodiasp\u00f3ricos en la industria de la moda. Burna Boy, por ejemplo, ha colaborado con marcas como Burberry y G-Star Raw, lo que le ha consolidado como un \u00edcono de estilo a nivel mundial. Tyla, estrella emergente del pop sudafricano, ha trabajado con GAP y Nike, mientras que la cantante francesa de origen maliense Aya Nakamura ha sido elegida como embajadora de Lanc\u00f4me. Estas colaboraciones no solo refuerzan la presencia de nuevas voces en el circuito de la moda, sino que tambi\u00e9n reflejan c\u00f3mo la m\u00fasica africana est\u00e1 redefiniendo el mapa est\u00e9tico y cultural de las grandes casas internacionales. Expansi\u00f3n hacia el dise\u00f1o y la arquitectura de interiores La influencia de la moda no se limita a la vestimenta. En la actualidad, las tendencias textiles y crom\u00e1ticas que dominan las pasarelas est\u00e1n impactando tambi\u00e9n el dise\u00f1o de espacios. El minimalismo y el maximalismo, dos corrientes opuestas que coexisten hoy en d\u00eda, han encontrado su expresi\u00f3n tanto en la moda como en la decoraci\u00f3n y arquitectura de interiores. La crisis econ\u00f3mica postpandemia ha generado una polarizaci\u00f3n en las tendencias: por un lado, un minimalismo sobrio y funcional; por otro, un maximalismo nost\u00e1lgico y recargado. Los conceptos y elementos estil\u00edsticos que se ven en la moda se trasladan al dise\u00f1o de interiores. Desde la paleta de colores hasta la selecci\u00f3n de materiales, las est\u00e9ticas emergentes reflejan un deseo de expresi\u00f3n personal que va m\u00e1s all\u00e1 de la ropa, donde se integran en la composici\u00f3n de espacios y objetos. Indicadores econ\u00f3micos en la moda y el dise\u00f1o Curiosamente, la relaci\u00f3n entre moda y econom\u00eda tambi\u00e9n ha sido estudiada a trav\u00e9s de indicadores como el \u00abHemline Index\u00bb y el \u00abMen\u2019s Underwear Index\u00ab. Estos conceptos sugieren que las tendencias de moda pueden reflejar cambios econ\u00f3micos globales, algo que se ha visto reflejado tambi\u00e9n en el dise\u00f1o de interiores. La moda como expresi\u00f3n musical ha sido, y seguir\u00e1 siendo, una forma clave de identidad cultural. Sin embargo, su influencia ha crecido m\u00e1s all\u00e1 del vestuario, permeando el dise\u00f1o de espacios y objetos. En un mundo donde las artes convergen cada vez m\u00e1s, comprender esta interconexi\u00f3n nos permite apreciar c\u00f3mo la est\u00e9tica de una generaci\u00f3n se manifiesta en distintos aspectos de la vida cotidiana. A medida que las tendencias evolucionan, es probable que sigamos viendo esta expansi\u00f3n en nuevas formas de expresi\u00f3n art\u00edstica y dise\u00f1o.<\/p>","protected":false},"author":2,"featured_media":1316,"comment_status":"open","ping_status":"open","sticky":false,"template":"","format":"standard","meta":{"footnotes":""},"categories":[11],"tags":[],"class_list":["post-1313","post","type-post","status-publish","format-standard","has-post-thumbnail","hentry","category-we-du"],"yoast_head":"<!-- This site is optimized with the Yoast SEO plugin v27.1.1 - https:\/\/yoast.com\/product\/yoast-seo-wordpress\/ -->\n<title>La moda como expresi\u00f3n musical y su expansi\u00f3n hacia el dise\u00f1o - Coreon Du<\/title>\n<meta name=\"robots\" content=\"index, follow, max-snippet:-1, max-image-preview:large, max-video-preview:-1\" \/>\n<link rel=\"canonical\" href=\"https:\/\/coreondu.world\/pt\/coreon-du-moda-celebridades\/\" \/>\n<meta property=\"og:locale\" content=\"pt_PT\" \/>\n<meta property=\"og:type\" content=\"article\" \/>\n<meta property=\"og:title\" content=\"La moda como expresi\u00f3n musical y su expansi\u00f3n hacia el dise\u00f1o - Coreon Du\" \/>\n<meta property=\"og:description\" content=\"La relaci\u00f3n entre la moda y la m\u00fasica ha sido siempre una v\u00eda de expresi\u00f3n cultural e identitaria. A lo largo de la historia, los g\u00e9neros musicales han influenciado tendencias de vestimenta, y viceversa, estableciendo una conexi\u00f3n profunda entre el arte sonoro y el textil. Pero en la actualidad, esta sinergia ha trascendido la moda para impactar tambi\u00e9n el dise\u00f1o de interiores y el object design, reflejando un fen\u00f3meno global que define estilos de vida en su totalidad. Moda y m\u00fasica: una relaci\u00f3n creativa e hist\u00f3rica Desde los a\u00f1os dorados del rock hasta la escena urbana contempor\u00e1nea, la m\u00fasica ha sido una fuerza motriz en la moda. Bandas ic\u00f3nicas como The Beatles, The Rolling Stones y artistas de punk como los Sex Pistols han dejado su huella a trav\u00e9s de estilos caracter\u00edsticos que se convirtieron en referentes de su \u00e9poca. En los 80, el glam rock de David Bowie y el pop de Madonna marcaron tendencias que influyeron en generaciones enteras. Adem\u00e1s de m\u00fasico e \u00edcono de est\u00e9tica vestimentaria, Lenny Kravitz tiene una firma de arquitectura de interiores reconocida, Kravitz Design, que ha trabajado en proyectos de gran prestigio, como suites de lujo para hoteles y residencias exclusivas. Hoy en d\u00eda, la moda y la m\u00fasica contin\u00faan fusion\u00e1ndose, con artistas como Pharrell Williams, Rihanna, BLACKPINK, Bad Bunny, Beyonc\u00e9 o el ic\u00f3nico David Bowie, que marcan tendencia a trav\u00e9s de su vestimenta y colaboraciones con grandes marcas. Un ejemplo reciente es Beyonc\u00e9, cuya m\u00fasica no solo impacta en la cultura pop, sino tambi\u00e9n en la moda; su \u00faltimo lanzamiento tuvo un efecto directo en la marca Levi\u2019s, lo que impuls\u00f3 las expectativas de ventas de la compa\u00f1\u00eda. Esta influencia se refleja en la forma en que las nuevas generaciones adoptan estilos inspirados en sus m\u00fasicos favoritos, consolidando una est\u00e9tica propia de cada movimiento sonoro. Asimismo, la industria de la moda ha reforzado su v\u00ednculo con la m\u00fasica a trav\u00e9s de asociaciones estrat\u00e9gicas con artistas globales. Un caso destacado es Jin, miembro de BTS, quien recientemente fue nombrado embajador global de Gucci, lo que ha consolidado a\u00fan m\u00e1s la influencia de la m\u00fasica en la industria del lujo. Este fen\u00f3meno, en el que m\u00fasicos se convierten en rostros de grandes marcas, refleja la evoluci\u00f3n del marketing de moda y el impacto cultural de las estrellas musicales en el consumo y las tendencias. En este panorama global, tambi\u00e9n se destaca la creciente visibilidad de artistas africanos y afrodiasp\u00f3ricos en la industria de la moda. Burna Boy, por ejemplo, ha colaborado con marcas como Burberry y G-Star Raw, lo que le ha consolidado como un \u00edcono de estilo a nivel mundial. Tyla, estrella emergente del pop sudafricano, ha trabajado con GAP y Nike, mientras que la cantante francesa de origen maliense Aya Nakamura ha sido elegida como embajadora de Lanc\u00f4me. Estas colaboraciones no solo refuerzan la presencia de nuevas voces en el circuito de la moda, sino que tambi\u00e9n reflejan c\u00f3mo la m\u00fasica africana est\u00e1 redefiniendo el mapa est\u00e9tico y cultural de las grandes casas internacionales. Expansi\u00f3n hacia el dise\u00f1o y la arquitectura de interiores La influencia de la moda no se limita a la vestimenta. En la actualidad, las tendencias textiles y crom\u00e1ticas que dominan las pasarelas est\u00e1n impactando tambi\u00e9n el dise\u00f1o de espacios. El minimalismo y el maximalismo, dos corrientes opuestas que coexisten hoy en d\u00eda, han encontrado su expresi\u00f3n tanto en la moda como en la decoraci\u00f3n y arquitectura de interiores. La crisis econ\u00f3mica postpandemia ha generado una polarizaci\u00f3n en las tendencias: por un lado, un minimalismo sobrio y funcional; por otro, un maximalismo nost\u00e1lgico y recargado. Los conceptos y elementos estil\u00edsticos que se ven en la moda se trasladan al dise\u00f1o de interiores. Desde la paleta de colores hasta la selecci\u00f3n de materiales, las est\u00e9ticas emergentes reflejan un deseo de expresi\u00f3n personal que va m\u00e1s all\u00e1 de la ropa, donde se integran en la composici\u00f3n de espacios y objetos. Indicadores econ\u00f3micos en la moda y el dise\u00f1o Curiosamente, la relaci\u00f3n entre moda y econom\u00eda tambi\u00e9n ha sido estudiada a trav\u00e9s de indicadores como el \u00abHemline Index\u00bb y el \u00abMen\u2019s Underwear Index\u00ab. Estos conceptos sugieren que las tendencias de moda pueden reflejar cambios econ\u00f3micos globales, algo que se ha visto reflejado tambi\u00e9n en el dise\u00f1o de interiores. La moda como expresi\u00f3n musical ha sido, y seguir\u00e1 siendo, una forma clave de identidad cultural. Sin embargo, su influencia ha crecido m\u00e1s all\u00e1 del vestuario, permeando el dise\u00f1o de espacios y objetos. En un mundo donde las artes convergen cada vez m\u00e1s, comprender esta interconexi\u00f3n nos permite apreciar c\u00f3mo la est\u00e9tica de una generaci\u00f3n se manifiesta en distintos aspectos de la vida cotidiana. A medida que las tendencias evolucionan, es probable que sigamos viendo esta expansi\u00f3n en nuevas formas de expresi\u00f3n art\u00edstica y dise\u00f1o.\" \/>\n<meta property=\"og:url\" content=\"https:\/\/coreondu.world\/pt\/coreon-du-moda-celebridades\/\" \/>\n<meta property=\"og:site_name\" content=\"Coreon Du\" \/>\n<meta property=\"article:publisher\" content=\"https:\/\/www.facebook.com\/CoreonDuOficial\/\" \/>\n<meta property=\"article:published_time\" content=\"2025-04-15T14:35:26+00:00\" \/>\n<meta property=\"article:modified_time\" content=\"2025-04-15T14:35:27+00:00\" \/>\n<meta property=\"og:image\" content=\"https:\/\/coreondu.world\/wp-content\/uploads\/2025\/04\/coreon-du.-1.jpg\" \/>\n\t<meta property=\"og:image:width\" content=\"500\" \/>\n\t<meta property=\"og:image:height\" content=\"500\" \/>\n\t<meta property=\"og:image:type\" content=\"image\/jpeg\" \/>\n<meta name=\"author\" content=\"migracion\" \/>\n<meta name=\"twitter:card\" content=\"summary_large_image\" \/>\n<meta name=\"twitter:label1\" content=\"Escrito por\" \/>\n\t<meta name=\"twitter:data1\" content=\"migracion\" \/>\n\t<meta name=\"twitter:label2\" content=\"Tempo estimado de leitura\" \/>\n\t<meta name=\"twitter:data2\" content=\"5 minutos\" \/>\n<script type=\"application\/ld+json\" class=\"yoast-schema-graph\">{\"@context\":\"https:\/\/schema.org\",\"@graph\":[{\"@type\":\"Article\",\"@id\":\"https:\/\/coreondu.world\/coreon-du-moda-celebridades\/#article\",\"isPartOf\":{\"@id\":\"https:\/\/coreondu.world\/coreon-du-moda-celebridades\/\"},\"author\":{\"name\":\"migracion\",\"@id\":\"https:\/\/coreondu.world\/#\/schema\/person\/d8a560761df497646fe0e605ac2ad4fa\"},\"headline\":\"La moda como expresi\u00f3n musical y su expansi\u00f3n hacia el dise\u00f1o\",\"datePublished\":\"2025-04-15T14:35:26+00:00\",\"dateModified\":\"2025-04-15T14:35:27+00:00\",\"mainEntityOfPage\":{\"@id\":\"https:\/\/coreondu.world\/coreon-du-moda-celebridades\/\"},\"wordCount\":895,\"commentCount\":0,\"image\":{\"@id\":\"https:\/\/coreondu.world\/coreon-du-moda-celebridades\/#primaryimage\"},\"thumbnailUrl\":\"https:\/\/coreondu.world\/wp-content\/uploads\/2025\/04\/coreon-du.-1.jpg\",\"articleSection\":[\"we d\u00fa\"],\"inLanguage\":\"pt-PT\",\"potentialAction\":[{\"@type\":\"CommentAction\",\"name\":\"Comment\",\"target\":[\"https:\/\/coreondu.world\/coreon-du-moda-celebridades\/#respond\"]}]},{\"@type\":\"WebPage\",\"@id\":\"https:\/\/coreondu.world\/coreon-du-moda-celebridades\/\",\"url\":\"https:\/\/coreondu.world\/coreon-du-moda-celebridades\/\",\"name\":\"La moda como expresi\u00f3n musical y su expansi\u00f3n hacia el dise\u00f1o - Coreon Du\",\"isPartOf\":{\"@id\":\"https:\/\/coreondu.world\/#website\"},\"primaryImageOfPage\":{\"@id\":\"https:\/\/coreondu.world\/coreon-du-moda-celebridades\/#primaryimage\"},\"image\":{\"@id\":\"https:\/\/coreondu.world\/coreon-du-moda-celebridades\/#primaryimage\"},\"thumbnailUrl\":\"https:\/\/coreondu.world\/wp-content\/uploads\/2025\/04\/coreon-du.-1.jpg\",\"datePublished\":\"2025-04-15T14:35:26+00:00\",\"dateModified\":\"2025-04-15T14:35:27+00:00\",\"author\":{\"@id\":\"https:\/\/coreondu.world\/#\/schema\/person\/d8a560761df497646fe0e605ac2ad4fa\"},\"breadcrumb\":{\"@id\":\"https:\/\/coreondu.world\/coreon-du-moda-celebridades\/#breadcrumb\"},\"inLanguage\":\"pt-PT\",\"potentialAction\":[{\"@type\":\"ReadAction\",\"target\":[\"https:\/\/coreondu.world\/coreon-du-moda-celebridades\/\"]}]},{\"@type\":\"ImageObject\",\"inLanguage\":\"pt-PT\",\"@id\":\"https:\/\/coreondu.world\/coreon-du-moda-celebridades\/#primaryimage\",\"url\":\"https:\/\/coreondu.world\/wp-content\/uploads\/2025\/04\/coreon-du.-1.jpg\",\"contentUrl\":\"https:\/\/coreondu.world\/wp-content\/uploads\/2025\/04\/coreon-du.-1.jpg\",\"width\":500,\"height\":500,\"caption\":\"coreon du, moda, fashion, famosos\"},{\"@type\":\"BreadcrumbList\",\"@id\":\"https:\/\/coreondu.world\/coreon-du-moda-celebridades\/#breadcrumb\",\"itemListElement\":[{\"@type\":\"ListItem\",\"position\":1,\"name\":\"Portada\",\"item\":\"https:\/\/coreondu.world\/\"},{\"@type\":\"ListItem\",\"position\":2,\"name\":\"La moda como expresi\u00f3n musical y su expansi\u00f3n hacia el dise\u00f1o\"}]},{\"@type\":\"WebSite\",\"@id\":\"https:\/\/coreondu.world\/#website\",\"url\":\"https:\/\/coreondu.world\/\",\"name\":\"Cor\u00e9on D\u00fa\",\"description\":\"\",\"potentialAction\":[{\"@type\":\"SearchAction\",\"target\":{\"@type\":\"EntryPoint\",\"urlTemplate\":\"https:\/\/coreondu.world\/?s={search_term_string}\"},\"query-input\":{\"@type\":\"PropertyValueSpecification\",\"valueRequired\":true,\"valueName\":\"search_term_string\"}}],\"inLanguage\":\"pt-PT\"},{\"@type\":\"Person\",\"@id\":\"https:\/\/coreondu.world\/#\/schema\/person\/d8a560761df497646fe0e605ac2ad4fa\",\"name\":\"migracion\",\"image\":{\"@type\":\"ImageObject\",\"inLanguage\":\"pt-PT\",\"@id\":\"https:\/\/coreondu.world\/#\/schema\/person\/image\/\",\"url\":\"https:\/\/secure.gravatar.com\/avatar\/7748b659d7bf7331a213b118c72a1305f9e6c61e76b2999647f0f6b5d422402e?s=96&d=mm&r=g\",\"contentUrl\":\"https:\/\/secure.gravatar.com\/avatar\/7748b659d7bf7331a213b118c72a1305f9e6c61e76b2999647f0f6b5d422402e?s=96&d=mm&r=g\",\"caption\":\"migracion\"}}]}<\/script>\n<!-- \/ Yoast SEO plugin. -->","yoast_head_json":{"title":"La moda como expresi\u00f3n musical y su expansi\u00f3n hacia el dise\u00f1o - Coreon Du","robots":{"index":"index","follow":"follow","max-snippet":"max-snippet:-1","max-image-preview":"max-image-preview:large","max-video-preview":"max-video-preview:-1"},"canonical":"https:\/\/coreondu.world\/pt\/coreon-du-moda-celebridades\/","og_locale":"pt_PT","og_type":"article","og_title":"La moda como expresi\u00f3n musical y su expansi\u00f3n hacia el dise\u00f1o - Coreon Du","og_description":"La relaci\u00f3n entre la moda y la m\u00fasica ha sido siempre una v\u00eda de expresi\u00f3n cultural e identitaria. A lo largo de la historia, los g\u00e9neros musicales han influenciado tendencias de vestimenta, y viceversa, estableciendo una conexi\u00f3n profunda entre el arte sonoro y el textil. Pero en la actualidad, esta sinergia ha trascendido la moda para impactar tambi\u00e9n el dise\u00f1o de interiores y el object design, reflejando un fen\u00f3meno global que define estilos de vida en su totalidad. Moda y m\u00fasica: una relaci\u00f3n creativa e hist\u00f3rica Desde los a\u00f1os dorados del rock hasta la escena urbana contempor\u00e1nea, la m\u00fasica ha sido una fuerza motriz en la moda. Bandas ic\u00f3nicas como The Beatles, The Rolling Stones y artistas de punk como los Sex Pistols han dejado su huella a trav\u00e9s de estilos caracter\u00edsticos que se convirtieron en referentes de su \u00e9poca. En los 80, el glam rock de David Bowie y el pop de Madonna marcaron tendencias que influyeron en generaciones enteras. Adem\u00e1s de m\u00fasico e \u00edcono de est\u00e9tica vestimentaria, Lenny Kravitz tiene una firma de arquitectura de interiores reconocida, Kravitz Design, que ha trabajado en proyectos de gran prestigio, como suites de lujo para hoteles y residencias exclusivas. Hoy en d\u00eda, la moda y la m\u00fasica contin\u00faan fusion\u00e1ndose, con artistas como Pharrell Williams, Rihanna, BLACKPINK, Bad Bunny, Beyonc\u00e9 o el ic\u00f3nico David Bowie, que marcan tendencia a trav\u00e9s de su vestimenta y colaboraciones con grandes marcas. Un ejemplo reciente es Beyonc\u00e9, cuya m\u00fasica no solo impacta en la cultura pop, sino tambi\u00e9n en la moda; su \u00faltimo lanzamiento tuvo un efecto directo en la marca Levi\u2019s, lo que impuls\u00f3 las expectativas de ventas de la compa\u00f1\u00eda. Esta influencia se refleja en la forma en que las nuevas generaciones adoptan estilos inspirados en sus m\u00fasicos favoritos, consolidando una est\u00e9tica propia de cada movimiento sonoro. Asimismo, la industria de la moda ha reforzado su v\u00ednculo con la m\u00fasica a trav\u00e9s de asociaciones estrat\u00e9gicas con artistas globales. Un caso destacado es Jin, miembro de BTS, quien recientemente fue nombrado embajador global de Gucci, lo que ha consolidado a\u00fan m\u00e1s la influencia de la m\u00fasica en la industria del lujo. Este fen\u00f3meno, en el que m\u00fasicos se convierten en rostros de grandes marcas, refleja la evoluci\u00f3n del marketing de moda y el impacto cultural de las estrellas musicales en el consumo y las tendencias. En este panorama global, tambi\u00e9n se destaca la creciente visibilidad de artistas africanos y afrodiasp\u00f3ricos en la industria de la moda. Burna Boy, por ejemplo, ha colaborado con marcas como Burberry y G-Star Raw, lo que le ha consolidado como un \u00edcono de estilo a nivel mundial. Tyla, estrella emergente del pop sudafricano, ha trabajado con GAP y Nike, mientras que la cantante francesa de origen maliense Aya Nakamura ha sido elegida como embajadora de Lanc\u00f4me. Estas colaboraciones no solo refuerzan la presencia de nuevas voces en el circuito de la moda, sino que tambi\u00e9n reflejan c\u00f3mo la m\u00fasica africana est\u00e1 redefiniendo el mapa est\u00e9tico y cultural de las grandes casas internacionales. Expansi\u00f3n hacia el dise\u00f1o y la arquitectura de interiores La influencia de la moda no se limita a la vestimenta. En la actualidad, las tendencias textiles y crom\u00e1ticas que dominan las pasarelas est\u00e1n impactando tambi\u00e9n el dise\u00f1o de espacios. El minimalismo y el maximalismo, dos corrientes opuestas que coexisten hoy en d\u00eda, han encontrado su expresi\u00f3n tanto en la moda como en la decoraci\u00f3n y arquitectura de interiores. La crisis econ\u00f3mica postpandemia ha generado una polarizaci\u00f3n en las tendencias: por un lado, un minimalismo sobrio y funcional; por otro, un maximalismo nost\u00e1lgico y recargado. Los conceptos y elementos estil\u00edsticos que se ven en la moda se trasladan al dise\u00f1o de interiores. Desde la paleta de colores hasta la selecci\u00f3n de materiales, las est\u00e9ticas emergentes reflejan un deseo de expresi\u00f3n personal que va m\u00e1s all\u00e1 de la ropa, donde se integran en la composici\u00f3n de espacios y objetos. Indicadores econ\u00f3micos en la moda y el dise\u00f1o Curiosamente, la relaci\u00f3n entre moda y econom\u00eda tambi\u00e9n ha sido estudiada a trav\u00e9s de indicadores como el \u00abHemline Index\u00bb y el \u00abMen\u2019s Underwear Index\u00ab. Estos conceptos sugieren que las tendencias de moda pueden reflejar cambios econ\u00f3micos globales, algo que se ha visto reflejado tambi\u00e9n en el dise\u00f1o de interiores. La moda como expresi\u00f3n musical ha sido, y seguir\u00e1 siendo, una forma clave de identidad cultural. Sin embargo, su influencia ha crecido m\u00e1s all\u00e1 del vestuario, permeando el dise\u00f1o de espacios y objetos. En un mundo donde las artes convergen cada vez m\u00e1s, comprender esta interconexi\u00f3n nos permite apreciar c\u00f3mo la est\u00e9tica de una generaci\u00f3n se manifiesta en distintos aspectos de la vida cotidiana. A medida que las tendencias evolucionan, es probable que sigamos viendo esta expansi\u00f3n en nuevas formas de expresi\u00f3n art\u00edstica y dise\u00f1o.","og_url":"https:\/\/coreondu.world\/pt\/coreon-du-moda-celebridades\/","og_site_name":"Coreon Du","article_publisher":"https:\/\/www.facebook.com\/CoreonDuOficial\/","article_published_time":"2025-04-15T14:35:26+00:00","article_modified_time":"2025-04-15T14:35:27+00:00","og_image":[{"width":500,"height":500,"url":"https:\/\/coreondu.world\/wp-content\/uploads\/2025\/04\/coreon-du.-1.jpg","type":"image\/jpeg"}],"author":"migracion","twitter_card":"summary_large_image","twitter_misc":{"Escrito por":"migracion","Tempo estimado de leitura":"5 minutos"},"schema":{"@context":"https:\/\/schema.org","@graph":[{"@type":"Article","@id":"https:\/\/coreondu.world\/coreon-du-moda-celebridades\/#article","isPartOf":{"@id":"https:\/\/coreondu.world\/coreon-du-moda-celebridades\/"},"author":{"name":"migracion","@id":"https:\/\/coreondu.world\/#\/schema\/person\/d8a560761df497646fe0e605ac2ad4fa"},"headline":"La moda como expresi\u00f3n musical y su expansi\u00f3n hacia el dise\u00f1o","datePublished":"2025-04-15T14:35:26+00:00","dateModified":"2025-04-15T14:35:27+00:00","mainEntityOfPage":{"@id":"https:\/\/coreondu.world\/coreon-du-moda-celebridades\/"},"wordCount":895,"commentCount":0,"image":{"@id":"https:\/\/coreondu.world\/coreon-du-moda-celebridades\/#primaryimage"},"thumbnailUrl":"https:\/\/coreondu.world\/wp-content\/uploads\/2025\/04\/coreon-du.-1.jpg","articleSection":["we d\u00fa"],"inLanguage":"pt-PT","potentialAction":[{"@type":"CommentAction","name":"Comment","target":["https:\/\/coreondu.world\/coreon-du-moda-celebridades\/#respond"]}]},{"@type":"WebPage","@id":"https:\/\/coreondu.world\/coreon-du-moda-celebridades\/","url":"https:\/\/coreondu.world\/coreon-du-moda-celebridades\/","name":"La moda como expresi\u00f3n musical y su expansi\u00f3n hacia el dise\u00f1o - Coreon Du","isPartOf":{"@id":"https:\/\/coreondu.world\/#website"},"primaryImageOfPage":{"@id":"https:\/\/coreondu.world\/coreon-du-moda-celebridades\/#primaryimage"},"image":{"@id":"https:\/\/coreondu.world\/coreon-du-moda-celebridades\/#primaryimage"},"thumbnailUrl":"https:\/\/coreondu.world\/wp-content\/uploads\/2025\/04\/coreon-du.-1.jpg","datePublished":"2025-04-15T14:35:26+00:00","dateModified":"2025-04-15T14:35:27+00:00","author":{"@id":"https:\/\/coreondu.world\/#\/schema\/person\/d8a560761df497646fe0e605ac2ad4fa"},"breadcrumb":{"@id":"https:\/\/coreondu.world\/coreon-du-moda-celebridades\/#breadcrumb"},"inLanguage":"pt-PT","potentialAction":[{"@type":"ReadAction","target":["https:\/\/coreondu.world\/coreon-du-moda-celebridades\/"]}]},{"@type":"ImageObject","inLanguage":"pt-PT","@id":"https:\/\/coreondu.world\/coreon-du-moda-celebridades\/#primaryimage","url":"https:\/\/coreondu.world\/wp-content\/uploads\/2025\/04\/coreon-du.-1.jpg","contentUrl":"https:\/\/coreondu.world\/wp-content\/uploads\/2025\/04\/coreon-du.-1.jpg","width":500,"height":500,"caption":"coreon du, moda, fashion, famosos"},{"@type":"BreadcrumbList","@id":"https:\/\/coreondu.world\/coreon-du-moda-celebridades\/#breadcrumb","itemListElement":[{"@type":"ListItem","position":1,"name":"Portada","item":"https:\/\/coreondu.world\/"},{"@type":"ListItem","position":2,"name":"La moda como expresi\u00f3n musical y su expansi\u00f3n hacia el dise\u00f1o"}]},{"@type":"WebSite","@id":"https:\/\/coreondu.world\/#website","url":"https:\/\/coreondu.world\/","name":"Cor\u00e9on D\u00fa","description":"","potentialAction":[{"@type":"SearchAction","target":{"@type":"EntryPoint","urlTemplate":"https:\/\/coreondu.world\/?s={search_term_string}"},"query-input":{"@type":"PropertyValueSpecification","valueRequired":true,"valueName":"search_term_string"}}],"inLanguage":"pt-PT"},{"@type":"Person","@id":"https:\/\/coreondu.world\/#\/schema\/person\/d8a560761df497646fe0e605ac2ad4fa","name":"migracion","image":{"@type":"ImageObject","inLanguage":"pt-PT","@id":"https:\/\/coreondu.world\/#\/schema\/person\/image\/","url":"https:\/\/secure.gravatar.com\/avatar\/7748b659d7bf7331a213b118c72a1305f9e6c61e76b2999647f0f6b5d422402e?s=96&d=mm&r=g","contentUrl":"https:\/\/secure.gravatar.com\/avatar\/7748b659d7bf7331a213b118c72a1305f9e6c61e76b2999647f0f6b5d422402e?s=96&d=mm&r=g","caption":"migracion"}}]}},"_links":{"self":[{"href":"https:\/\/coreondu.world\/pt\/wp-json\/wp\/v2\/posts\/1313","targetHints":{"allow":["GET"]}}],"collection":[{"href":"https:\/\/coreondu.world\/pt\/wp-json\/wp\/v2\/posts"}],"about":[{"href":"https:\/\/coreondu.world\/pt\/wp-json\/wp\/v2\/types\/post"}],"author":[{"embeddable":true,"href":"https:\/\/coreondu.world\/pt\/wp-json\/wp\/v2\/users\/2"}],"replies":[{"embeddable":true,"href":"https:\/\/coreondu.world\/pt\/wp-json\/wp\/v2\/comments?post=1313"}],"version-history":[{"count":0,"href":"https:\/\/coreondu.world\/pt\/wp-json\/wp\/v2\/posts\/1313\/revisions"}],"wp:featuredmedia":[{"embeddable":true,"href":"https:\/\/coreondu.world\/pt\/wp-json\/wp\/v2\/media\/1316"}],"wp:attachment":[{"href":"https:\/\/coreondu.world\/pt\/wp-json\/wp\/v2\/media?parent=1313"}],"wp:term":[{"taxonomy":"category","embeddable":true,"href":"https:\/\/coreondu.world\/pt\/wp-json\/wp\/v2\/categories?post=1313"},{"taxonomy":"post_tag","embeddable":true,"href":"https:\/\/coreondu.world\/pt\/wp-json\/wp\/v2\/tags?post=1313"}],"curies":[{"name":"wp","href":"https:\/\/api.w.org\/{rel}","templated":true}]}}