{"id":1307,"date":"2025-04-07T15:10:45","date_gmt":"2025-04-07T13:10:45","guid":{"rendered":"https:\/\/coreondu.world\/?p=1307"},"modified":"2025-04-07T15:10:46","modified_gmt":"2025-04-07T13:10:46","slug":"la-neurodivergencia-en-la-cultura","status":"publish","type":"post","link":"https:\/\/coreondu.world\/pt\/la-neurodivergencia-en-la-cultura\/","title":{"rendered":"A neurodiverg\u00eancia na cultura: artistas e empres\u00e1rios que transformaram o mundo"},"content":{"rendered":"<p>A neurodiverg\u00eancia refere-se a diferen\u00e7as no funcionamento do c\u00e9rebro, englobando condi\u00e7\u00f5es como o autismo, a PHDA e a dislexia. Longe de serem um obst\u00e1culo, estas particularidades t\u00eam sido uma fonte de criatividade e originalidade na arte, m\u00fasica, literatura e cinema. Muitas das mentes mais influentes da hist\u00f3ria canalizaram a sua forma \u00fanica de percecionar o mundo para a cria\u00e7\u00e3o de obras inovadoras. Neste post, vamos dar uma olhadela a algumas das personalidades neurodivergentes que deixaram uma marca indel\u00e9vel na cultura.<\/p>\n\n\n\n<h2 class=\"wp-block-heading\"><strong>Trevor Noah: A intelig\u00eancia e a com\u00e9dia da neurodiverg\u00eancia<\/strong><\/h2>\n\n\n\n<p>O comediante e antigo apresentador do <em>The Daily Show<\/em>Trevor Noah tem falado abertamente sobre a sua experi\u00eancia com TDAH. A sua agilidade mental, improvisa\u00e7\u00e3o r\u00e1pida e talento para a s\u00e1tira pol\u00edtica fizeram dele uma das figuras mais influentes do entretenimento e do jornalismo humor\u00edstico.<\/p>\n\n\n\n<h2 class=\"wp-block-heading\"><strong>Whoopi Goldberg: Dislexia e a arte de contar hist\u00f3rias<\/strong><\/h2>\n\n\n\n<p>A atriz, comediante e apresentadora Whoopi Goldberg partilhou a sua experi\u00eancia com a dislexia, uma condi\u00e7\u00e3o que dificultou a sua escolaridade, mas que n\u00e3o a impediu de se tornar uma das artistas mais respeitadas de Hollywood. A sua capacidade de contar hist\u00f3rias e o seu impacto na ind\u00fastria do entretenimento tornaram-na uma refer\u00eancia no cinema e na televis\u00e3o.<\/p>\n\n\n\n<h2 class=\"wp-block-heading\"><strong>Richard Branson: Inova\u00e7\u00e3o e lideran\u00e7a com dislexia<\/strong><\/h2>\n\n\n\n<p>O magnata e fundador do Grupo Virgin, Richard Branson, atribuiu parte do seu sucesso \u00e0 sua dislexia, considerando-a uma vantagem em termos de criatividade e de resolu\u00e7\u00e3o de problemas. A sua abordagem inovadora ao mundo dos neg\u00f3cios mostrou como a neurodiverg\u00eancia pode ser um ponto forte no mundo do empreendedorismo.<\/p>\n\n\n\n<h2 class=\"wp-block-heading\"><strong>Solange Knowles: Criatividade sem limites na m\u00fasica e na moda<\/strong><\/h2>\n\n\n\n<p>Solange Knowles, cantora, compositora e diretora criativa, demonstrou como a neurodiverg\u00eancia pode influenciar a inova\u00e7\u00e3o art\u00edstica. Para al\u00e9m do seu aclamado trabalho musical, tem desempenhado um papel fundamental na dire\u00e7\u00e3o criativa de projectos de moda e design para criar novas narrativas visuais que desafiam as normas tradicionais.<\/p>\n\n\n\n<h2 class=\"wp-block-heading\"><strong>Agatha Christie: O mist\u00e9rio para al\u00e9m da dislexia<\/strong><\/h2>\n\n\n\n<p>Considerada a rainha do mist\u00e9rio, Agatha Christie tinha dislexia, o que tornava o seu processo de escrita diferente do de outros autores. Apesar das suas dificuldades com a leitura e a ortografia, a sua capacidade de construir enredos engenhosos e personagens inesquec\u00edveis tornou-a numa das escritoras mais vendidas da hist\u00f3ria.<\/p>\n\n\n\n<h2 class=\"wp-block-heading\"><strong>Will.I.Am: Tecnologia, inova\u00e7\u00e3o e TDAH<\/strong><\/h2>\n\n\n\n<p>O cantor, produtor e empres\u00e1rio Will.I.Am falou sobre a sua <a href=\"https:\/\/www.understood.org\/es-mx\/articles\/celebrity-spotlight-why-william-says-adhd-fuels-his-creativity\">TDAH<\/a> e a forma como esta influenciou a sua abordagem \u00e0 m\u00fasica e \u00e0 tecnologia. Para al\u00e9m do seu sucesso na <em>Os Black Eyed Peas<\/em>tem trabalhado em projectos inovadores relacionados com a intelig\u00eancia artificial e a educa\u00e7\u00e3o, para promover a inclus\u00e3o da neurodiverg\u00eancia no dom\u00ednio tecnol\u00f3gico.<\/p>\n\n\n\n<h2 class=\"wp-block-heading\"><strong>Billie Eilish: Sensibilidade art\u00edstica e s\u00edndrome de Tourette<\/strong><\/h2>\n\n\n\n<p>A cantora e compositora Billie Eilish falou abertamente sobre a sua s\u00edndrome de Tourette, uma doen\u00e7a neurol\u00f3gica que provoca tiques involunt\u00e1rios. Longe de ser um obst\u00e1culo, Eilish transformou a sua forma de ver o mundo numa poderosa <a href=\"https:\/\/www.bbc.com\/mundo\/noticias-61571030\">ferramenta criativa<\/a>para produzir m\u00fasica inovadora e letras profundas que t\u00eam tocado milh\u00f5es de pessoas em todo o mundo.<\/p>\n\n\n\n<h2 class=\"wp-block-heading\"><strong>Paul Smith: Neurodiverg\u00eancia e vis\u00e3o na moda<\/strong><\/h2>\n\n\n\n<p>O designer de moda Paul Smith partilhou a forma como a sua dislexia influenciou o seu processo criativo e a sua abordagem \u00fanica ao design. A sua capacidade de ver padr\u00f5es e estruturas de forma diferente tem sido a chave do seu sucesso, provando que a neurodiverg\u00eancia pode trazer perspectivas inovadoras para a ind\u00fastria da moda.<\/p>\n\n\n\n<h2 class=\"wp-block-heading\"><strong>Questlove: Ritmo e inova\u00e7\u00e3o do TDAH<\/strong><\/h2>\n\n\n\n<p>Questlove, baterista da <em>As ra\u00edzes<\/em> e produtor musical, falou sobre a sua experi\u00eancia com TDAH e como esta influenciou o seu processo criativo. A sua capacidade de absorver e processar rapidamente grandes quantidades de informa\u00e7\u00e3o musical tem sido fundamental para o seu sucesso como m\u00fasico, historiador musical e produtor inovador.<\/p>\n\n\n\n<h2 class=\"wp-block-heading\"><strong>Florence Welch: A energia do TDAH na m\u00fasica<\/strong><\/h2>\n\n\n\n<p>O l\u00edder do <em>Florence + the Machine<\/em> reconhece que o seu TDAH e dislexia influenciaram o seu processo art\u00edstico. O seu estilo de composi\u00e7\u00e3o, que mistura o et\u00e9reo com o apaixonado, \u00e9 um reflexo da sua intensa criatividade e da sua capacidade de canalizar as suas emo\u00e7\u00f5es para a sua m\u00fasica.<\/p>\n\n\n\n<h2 class=\"wp-block-heading\"><strong>Dan Aykroyd: O humor da neurodiverg\u00eancia<\/strong><\/h2>\n\n\n\n<p>O ator e argumentista de <em>Ca\u00e7a-Fantasmas<\/em>Dan Aykroyd foi diagnosticado com autismo e s\u00edndrome de Tourette em crian\u00e7a. A sua forma \u00fanica de ver o mundo fez dele um comediante e criador excecional, que participou em filmes e programas de televis\u00e3o que tocaram gera\u00e7\u00f5es.<\/p>\n\n\n\n<p>Estas hist\u00f3rias exemplificam como o <a href=\"https:\/\/www.unobravo.com\/es\/tema\/neurodivergencia\">neurodiverg\u00eancia<\/a> pode ser uma fonte de talento e originalidade na cultura. Reconhecer e valorizar estas diferen\u00e7as n\u00e3o s\u00f3 enriquece as nossas sociedades, como tamb\u00e9m nos convida a apreciar a diversidade como um fator de criatividade e inova\u00e7\u00e3o.<\/p>\n\n\n\n<p><\/p>","protected":false},"excerpt":{"rendered":"<p>La neurodivergencia se refiere a las diferencias en el funcionamiento del cerebro, que abarcan condiciones como el autismo, el TDAH y la dislexia. Lejos de ser un obst\u00e1culo, estas particularidades han sido fuente de creatividad y originalidad en el arte, la m\u00fasica, la literatura y el cine. Muchas de las mentes m\u00e1s influyentes de la historia han canalizado su forma \u00fanica de percibir el mundo en la creaci\u00f3n de obras revolucionarias. En esta entrada, conoceremos algunas de las personalidades neurodivergentes que han dejado una huella imborrable en la cultura. Trevor Noah: Ingenio y comedia desde la neurodivergencia El comediante y ex presentador de The Daily Show, Trevor Noah, ha hablado abiertamente sobre su experiencia con el TDAH. Su agilidad mental, rapidez para improvisar y talento para la s\u00e1tira pol\u00edtica lo han convertido en una de las figuras m\u00e1s influyentes del entretenimiento y el periodismo humor\u00edstico. Whoopi Goldberg: Dislexia y el arte de contar historias La actriz, comediante y presentadora Whoopi Goldberg ha compartido su experiencia con la dislexia, una condici\u00f3n que hizo su educaci\u00f3n escolar dif\u00edcil, pero no impidi\u00f3 que se convirtiera en una de las artistas m\u00e1s respetadas de Hollywood. Su habilidad para contar historias y su impacto en la industria del entretenimiento la han convertido en una referencia del cine y la televisi\u00f3n. Richard Branson: Innovaci\u00f3n y liderazgo con dislexia El magnate y fundador de Virgin Group, Richard Branson, ha atribuido parte de su \u00e9xito a su dislexia, vi\u00e9ndola como una ventaja en t\u00e9rminos de creatividad y resoluci\u00f3n de problemas. Su enfoque innovador en los negocios ha demostrado c\u00f3mo la neurodivergencia puede ser una fortaleza en el mundo del emprendimiento. Solange Knowles: Creatividad sin l\u00edmites en la m\u00fasica y la moda Solange Knowles, cantante, compositora y directora creativa, ha demostrado c\u00f3mo la neurodivergencia puede influir en la innovaci\u00f3n art\u00edstica. Adem\u00e1s de su aclamado trabajo musical, ha desempe\u00f1ado un papel clave en la direcci\u00f3n creativa de proyectos en la moda y el dise\u00f1o, para crear nuevas narrativas visuales que desaf\u00edan las normas tradicionales. Agatha Christie: Misterio m\u00e1s all\u00e1 de la dislexia Considerada la reina del misterio, Agatha Christie ten\u00eda dislexia, lo que hizo que su proceso de escritura fuera diferente al de otros autores. A pesar de sus dificultades con la lectura y la ortograf\u00eda, su capacidad para construir tramas ingeniosas y personajes inolvidables la convirti\u00f3 en una de las escritoras m\u00e1s vendidas de la historia. Will.I.Am: Tecnolog\u00eda, innovaci\u00f3n y TDAH El cantante, productor y empresario Will.I.Am ha hablado sobre su TDAH y c\u00f3mo ha influido en su enfoque de la m\u00fasica y la tecnolog\u00eda. Adem\u00e1s de su \u00e9xito en The Black Eyed Peas, ha trabajado en proyectos innovadores relacionados con inteligencia artificial y educaci\u00f3n, para promover la inclusi\u00f3n de la neurodivergencia en el \u00e1mbito tecnol\u00f3gico. Billie Eilish: Sensibilidad art\u00edstica y el s\u00edndrome de Tourette La cantante y compositora Billie Eilish ha hablado abiertamente sobre su s\u00edndrome de Tourette, una condici\u00f3n neurol\u00f3gica que provoca tics involuntarios. Lejos de ser un obst\u00e1culo, Eilish ha transformado su forma de percibir el mundo en una poderosa herramienta creativa, para producir m\u00fasica innovadora y letras profundas que han resonado con millones de personas en todo el mundo. Paul Smith: Neurodivergencia y visi\u00f3n en la moda El dise\u00f1ador de moda Paul Smith ha compartido c\u00f3mo su dislexia ha influido en su proceso creativo y en su enfoque \u00fanico del dise\u00f1o. Su capacidad para ver patrones y estructuras de manera diferente ha sido clave en su \u00e9xito, para demostrar que la neurodivergencia puede aportar perspectivas innovadoras en la industria de la moda. Questlove: Ritmo e innovaci\u00f3n desde el TDAH Questlove, baterista de The Roots y productor musical, ha hablado sobre su experiencia con el TDAH y c\u00f3mo ha influido en su proceso creativo. Su capacidad para absorber y procesar grandes cantidades de informaci\u00f3n musical r\u00e1pidamente ha sido fundamental en su \u00e9xito como m\u00fasico, historiador de la m\u00fasica y productor innovador. Florence Welch: La energ\u00eda del TDAH en la m\u00fasica La l\u00edder de Florence + the Machine ha reconocido que su TDAH y dislexia han influido en su proceso art\u00edstico. Su estilo de composici\u00f3n, que mezcla lo et\u00e9reo con lo apasionado, es reflejo de su intensa creatividad y su capacidad de canalizar sus emociones en su m\u00fasica. Dan Aykroyd: El humor desde la neurodivergencia El actor y guionista de Los Cazafantasmas, Dan Aykroyd, fue diagnosticado con autismo y s\u00edndrome de Tourette en su infancia. Su manera \u00fanica de ver el mundo lo ha convertido en un comediante y creador excepcional, que ha destacado en pel\u00edculas y programas de televisi\u00f3n que han marcado generaciones. Estas historias ejemplifican c\u00f3mo la neurodivergencia puede ser una fuente de talento y originalidad en la cultura. Reconocer y valorar estas diferencias no solo enriquece nuestras sociedades, sino que tambi\u00e9n nos invita a apreciar la diversidad como motor de creatividad e innovaci\u00f3n.<\/p>","protected":false},"author":2,"featured_media":1309,"comment_status":"open","ping_status":"open","sticky":false,"template":"","format":"standard","meta":{"footnotes":""},"categories":[11],"tags":[25,19],"class_list":["post-1307","post","type-post","status-publish","format-standard","has-post-thumbnail","hentry","category-we-du","tag-creatividad","tag-salud-mental"],"yoast_head":"<!-- This site is optimized with the Yoast SEO plugin v27.1.1 - https:\/\/yoast.com\/product\/yoast-seo-wordpress\/ -->\n<title>La neurodivergencia en la cultura - Coreon Du<\/title>\n<meta name=\"description\" content=\"Del TDAH a la dislexia: historias de talento y creatividad que nacen desde una forma distinta de ver el mundo.\" \/>\n<meta name=\"robots\" content=\"index, follow, max-snippet:-1, max-image-preview:large, max-video-preview:-1\" \/>\n<link rel=\"canonical\" href=\"https:\/\/coreondu.world\/pt\/la-neurodivergencia-en-la-cultura\/\" \/>\n<meta property=\"og:locale\" content=\"pt_PT\" \/>\n<meta property=\"og:type\" content=\"article\" \/>\n<meta property=\"og:title\" content=\"La neurodivergencia en la cultura - Coreon Du\" \/>\n<meta property=\"og:description\" content=\"Del TDAH a la dislexia: historias de talento y creatividad que nacen desde una forma distinta de ver el mundo.\" \/>\n<meta property=\"og:url\" content=\"https:\/\/coreondu.world\/pt\/la-neurodivergencia-en-la-cultura\/\" \/>\n<meta property=\"og:site_name\" content=\"Coreon Du\" \/>\n<meta property=\"article:publisher\" content=\"https:\/\/www.facebook.com\/CoreonDuOficial\/\" \/>\n<meta property=\"article:published_time\" content=\"2025-04-07T13:10:45+00:00\" \/>\n<meta property=\"article:modified_time\" content=\"2025-04-07T13:10:46+00:00\" \/>\n<meta property=\"og:image\" content=\"https:\/\/coreondu.world\/wp-content\/uploads\/2025\/04\/Diseno-sin-titulo-6.png\" \/>\n\t<meta property=\"og:image:width\" content=\"500\" \/>\n\t<meta property=\"og:image:height\" content=\"500\" \/>\n\t<meta property=\"og:image:type\" content=\"image\/png\" \/>\n<meta name=\"author\" content=\"migracion\" \/>\n<meta name=\"twitter:card\" content=\"summary_large_image\" \/>\n<meta name=\"twitter:label1\" content=\"Escrito por\" \/>\n\t<meta name=\"twitter:data1\" content=\"migracion\" \/>\n\t<meta name=\"twitter:label2\" content=\"Tempo estimado de leitura\" \/>\n\t<meta name=\"twitter:data2\" content=\"4 minutos\" \/>\n<script type=\"application\/ld+json\" class=\"yoast-schema-graph\">{\"@context\":\"https:\/\/schema.org\",\"@graph\":[{\"@type\":\"Article\",\"@id\":\"https:\/\/coreondu.world\/la-neurodivergencia-en-la-cultura\/#article\",\"isPartOf\":{\"@id\":\"https:\/\/coreondu.world\/la-neurodivergencia-en-la-cultura\/\"},\"author\":{\"name\":\"migracion\",\"@id\":\"https:\/\/coreondu.world\/#\/schema\/person\/d8a560761df497646fe0e605ac2ad4fa\"},\"headline\":\"La\u00a0neurodivergencia\u00a0en la cultura: artistas y emprendedores que han transformado el mundo\",\"datePublished\":\"2025-04-07T13:10:45+00:00\",\"dateModified\":\"2025-04-07T13:10:46+00:00\",\"mainEntityOfPage\":{\"@id\":\"https:\/\/coreondu.world\/la-neurodivergencia-en-la-cultura\/\"},\"wordCount\":886,\"commentCount\":0,\"image\":{\"@id\":\"https:\/\/coreondu.world\/la-neurodivergencia-en-la-cultura\/#primaryimage\"},\"thumbnailUrl\":\"https:\/\/coreondu.world\/wp-content\/uploads\/2025\/04\/Diseno-sin-titulo-6.png\",\"keywords\":[\"creatividad\",\"salud mental\"],\"articleSection\":[\"we d\u00fa\"],\"inLanguage\":\"pt-PT\",\"potentialAction\":[{\"@type\":\"CommentAction\",\"name\":\"Comment\",\"target\":[\"https:\/\/coreondu.world\/la-neurodivergencia-en-la-cultura\/#respond\"]}]},{\"@type\":\"WebPage\",\"@id\":\"https:\/\/coreondu.world\/la-neurodivergencia-en-la-cultura\/\",\"url\":\"https:\/\/coreondu.world\/la-neurodivergencia-en-la-cultura\/\",\"name\":\"La neurodivergencia en la cultura - Coreon Du\",\"isPartOf\":{\"@id\":\"https:\/\/coreondu.world\/#website\"},\"primaryImageOfPage\":{\"@id\":\"https:\/\/coreondu.world\/la-neurodivergencia-en-la-cultura\/#primaryimage\"},\"image\":{\"@id\":\"https:\/\/coreondu.world\/la-neurodivergencia-en-la-cultura\/#primaryimage\"},\"thumbnailUrl\":\"https:\/\/coreondu.world\/wp-content\/uploads\/2025\/04\/Diseno-sin-titulo-6.png\",\"datePublished\":\"2025-04-07T13:10:45+00:00\",\"dateModified\":\"2025-04-07T13:10:46+00:00\",\"author\":{\"@id\":\"https:\/\/coreondu.world\/#\/schema\/person\/d8a560761df497646fe0e605ac2ad4fa\"},\"description\":\"Del TDAH a la dislexia: historias de talento y creatividad que nacen desde una forma distinta de ver el mundo.\",\"breadcrumb\":{\"@id\":\"https:\/\/coreondu.world\/la-neurodivergencia-en-la-cultura\/#breadcrumb\"},\"inLanguage\":\"pt-PT\",\"potentialAction\":[{\"@type\":\"ReadAction\",\"target\":[\"https:\/\/coreondu.world\/la-neurodivergencia-en-la-cultura\/\"]}]},{\"@type\":\"ImageObject\",\"inLanguage\":\"pt-PT\",\"@id\":\"https:\/\/coreondu.world\/la-neurodivergencia-en-la-cultura\/#primaryimage\",\"url\":\"https:\/\/coreondu.world\/wp-content\/uploads\/2025\/04\/Diseno-sin-titulo-6.png\",\"contentUrl\":\"https:\/\/coreondu.world\/wp-content\/uploads\/2025\/04\/Diseno-sin-titulo-6.png\",\"width\":500,\"height\":500},{\"@type\":\"BreadcrumbList\",\"@id\":\"https:\/\/coreondu.world\/la-neurodivergencia-en-la-cultura\/#breadcrumb\",\"itemListElement\":[{\"@type\":\"ListItem\",\"position\":1,\"name\":\"Portada\",\"item\":\"https:\/\/coreondu.world\/\"},{\"@type\":\"ListItem\",\"position\":2,\"name\":\"La\u00a0neurodivergencia\u00a0en la cultura: artistas y emprendedores que han transformado el mundo\"}]},{\"@type\":\"WebSite\",\"@id\":\"https:\/\/coreondu.world\/#website\",\"url\":\"https:\/\/coreondu.world\/\",\"name\":\"Cor\u00e9on D\u00fa\",\"description\":\"\",\"potentialAction\":[{\"@type\":\"SearchAction\",\"target\":{\"@type\":\"EntryPoint\",\"urlTemplate\":\"https:\/\/coreondu.world\/?s={search_term_string}\"},\"query-input\":{\"@type\":\"PropertyValueSpecification\",\"valueRequired\":true,\"valueName\":\"search_term_string\"}}],\"inLanguage\":\"pt-PT\"},{\"@type\":\"Person\",\"@id\":\"https:\/\/coreondu.world\/#\/schema\/person\/d8a560761df497646fe0e605ac2ad4fa\",\"name\":\"migracion\",\"image\":{\"@type\":\"ImageObject\",\"inLanguage\":\"pt-PT\",\"@id\":\"https:\/\/coreondu.world\/#\/schema\/person\/image\/\",\"url\":\"https:\/\/secure.gravatar.com\/avatar\/7748b659d7bf7331a213b118c72a1305f9e6c61e76b2999647f0f6b5d422402e?s=96&d=mm&r=g\",\"contentUrl\":\"https:\/\/secure.gravatar.com\/avatar\/7748b659d7bf7331a213b118c72a1305f9e6c61e76b2999647f0f6b5d422402e?s=96&d=mm&r=g\",\"caption\":\"migracion\"}}]}<\/script>\n<!-- \/ Yoast SEO plugin. -->","yoast_head_json":{"title":"La neurodivergencia en la cultura - Coreon Du","description":"Del TDAH a la dislexia: historias de talento y creatividad que nacen desde una forma distinta de ver el mundo.","robots":{"index":"index","follow":"follow","max-snippet":"max-snippet:-1","max-image-preview":"max-image-preview:large","max-video-preview":"max-video-preview:-1"},"canonical":"https:\/\/coreondu.world\/pt\/la-neurodivergencia-en-la-cultura\/","og_locale":"pt_PT","og_type":"article","og_title":"La neurodivergencia en la cultura - Coreon Du","og_description":"Del TDAH a la dislexia: historias de talento y creatividad que nacen desde una forma distinta de ver el mundo.","og_url":"https:\/\/coreondu.world\/pt\/la-neurodivergencia-en-la-cultura\/","og_site_name":"Coreon Du","article_publisher":"https:\/\/www.facebook.com\/CoreonDuOficial\/","article_published_time":"2025-04-07T13:10:45+00:00","article_modified_time":"2025-04-07T13:10:46+00:00","og_image":[{"width":500,"height":500,"url":"https:\/\/coreondu.world\/wp-content\/uploads\/2025\/04\/Diseno-sin-titulo-6.png","type":"image\/png"}],"author":"migracion","twitter_card":"summary_large_image","twitter_misc":{"Escrito por":"migracion","Tempo estimado de leitura":"4 minutos"},"schema":{"@context":"https:\/\/schema.org","@graph":[{"@type":"Article","@id":"https:\/\/coreondu.world\/la-neurodivergencia-en-la-cultura\/#article","isPartOf":{"@id":"https:\/\/coreondu.world\/la-neurodivergencia-en-la-cultura\/"},"author":{"name":"migracion","@id":"https:\/\/coreondu.world\/#\/schema\/person\/d8a560761df497646fe0e605ac2ad4fa"},"headline":"La\u00a0neurodivergencia\u00a0en la cultura: artistas y emprendedores que han transformado el mundo","datePublished":"2025-04-07T13:10:45+00:00","dateModified":"2025-04-07T13:10:46+00:00","mainEntityOfPage":{"@id":"https:\/\/coreondu.world\/la-neurodivergencia-en-la-cultura\/"},"wordCount":886,"commentCount":0,"image":{"@id":"https:\/\/coreondu.world\/la-neurodivergencia-en-la-cultura\/#primaryimage"},"thumbnailUrl":"https:\/\/coreondu.world\/wp-content\/uploads\/2025\/04\/Diseno-sin-titulo-6.png","keywords":["creatividad","salud mental"],"articleSection":["we d\u00fa"],"inLanguage":"pt-PT","potentialAction":[{"@type":"CommentAction","name":"Comment","target":["https:\/\/coreondu.world\/la-neurodivergencia-en-la-cultura\/#respond"]}]},{"@type":"WebPage","@id":"https:\/\/coreondu.world\/la-neurodivergencia-en-la-cultura\/","url":"https:\/\/coreondu.world\/la-neurodivergencia-en-la-cultura\/","name":"La neurodivergencia en la cultura - Coreon Du","isPartOf":{"@id":"https:\/\/coreondu.world\/#website"},"primaryImageOfPage":{"@id":"https:\/\/coreondu.world\/la-neurodivergencia-en-la-cultura\/#primaryimage"},"image":{"@id":"https:\/\/coreondu.world\/la-neurodivergencia-en-la-cultura\/#primaryimage"},"thumbnailUrl":"https:\/\/coreondu.world\/wp-content\/uploads\/2025\/04\/Diseno-sin-titulo-6.png","datePublished":"2025-04-07T13:10:45+00:00","dateModified":"2025-04-07T13:10:46+00:00","author":{"@id":"https:\/\/coreondu.world\/#\/schema\/person\/d8a560761df497646fe0e605ac2ad4fa"},"description":"Del TDAH a la dislexia: historias de talento y creatividad que nacen desde una forma distinta de ver el mundo.","breadcrumb":{"@id":"https:\/\/coreondu.world\/la-neurodivergencia-en-la-cultura\/#breadcrumb"},"inLanguage":"pt-PT","potentialAction":[{"@type":"ReadAction","target":["https:\/\/coreondu.world\/la-neurodivergencia-en-la-cultura\/"]}]},{"@type":"ImageObject","inLanguage":"pt-PT","@id":"https:\/\/coreondu.world\/la-neurodivergencia-en-la-cultura\/#primaryimage","url":"https:\/\/coreondu.world\/wp-content\/uploads\/2025\/04\/Diseno-sin-titulo-6.png","contentUrl":"https:\/\/coreondu.world\/wp-content\/uploads\/2025\/04\/Diseno-sin-titulo-6.png","width":500,"height":500},{"@type":"BreadcrumbList","@id":"https:\/\/coreondu.world\/la-neurodivergencia-en-la-cultura\/#breadcrumb","itemListElement":[{"@type":"ListItem","position":1,"name":"Portada","item":"https:\/\/coreondu.world\/"},{"@type":"ListItem","position":2,"name":"La\u00a0neurodivergencia\u00a0en la cultura: artistas y emprendedores que han transformado el mundo"}]},{"@type":"WebSite","@id":"https:\/\/coreondu.world\/#website","url":"https:\/\/coreondu.world\/","name":"Cor\u00e9on D\u00fa","description":"","potentialAction":[{"@type":"SearchAction","target":{"@type":"EntryPoint","urlTemplate":"https:\/\/coreondu.world\/?s={search_term_string}"},"query-input":{"@type":"PropertyValueSpecification","valueRequired":true,"valueName":"search_term_string"}}],"inLanguage":"pt-PT"},{"@type":"Person","@id":"https:\/\/coreondu.world\/#\/schema\/person\/d8a560761df497646fe0e605ac2ad4fa","name":"migracion","image":{"@type":"ImageObject","inLanguage":"pt-PT","@id":"https:\/\/coreondu.world\/#\/schema\/person\/image\/","url":"https:\/\/secure.gravatar.com\/avatar\/7748b659d7bf7331a213b118c72a1305f9e6c61e76b2999647f0f6b5d422402e?s=96&d=mm&r=g","contentUrl":"https:\/\/secure.gravatar.com\/avatar\/7748b659d7bf7331a213b118c72a1305f9e6c61e76b2999647f0f6b5d422402e?s=96&d=mm&r=g","caption":"migracion"}}]}},"_links":{"self":[{"href":"https:\/\/coreondu.world\/pt\/wp-json\/wp\/v2\/posts\/1307","targetHints":{"allow":["GET"]}}],"collection":[{"href":"https:\/\/coreondu.world\/pt\/wp-json\/wp\/v2\/posts"}],"about":[{"href":"https:\/\/coreondu.world\/pt\/wp-json\/wp\/v2\/types\/post"}],"author":[{"embeddable":true,"href":"https:\/\/coreondu.world\/pt\/wp-json\/wp\/v2\/users\/2"}],"replies":[{"embeddable":true,"href":"https:\/\/coreondu.world\/pt\/wp-json\/wp\/v2\/comments?post=1307"}],"version-history":[{"count":0,"href":"https:\/\/coreondu.world\/pt\/wp-json\/wp\/v2\/posts\/1307\/revisions"}],"wp:featuredmedia":[{"embeddable":true,"href":"https:\/\/coreondu.world\/pt\/wp-json\/wp\/v2\/media\/1309"}],"wp:attachment":[{"href":"https:\/\/coreondu.world\/pt\/wp-json\/wp\/v2\/media?parent=1307"}],"wp:term":[{"taxonomy":"category","embeddable":true,"href":"https:\/\/coreondu.world\/pt\/wp-json\/wp\/v2\/categories?post=1307"},{"taxonomy":"post_tag","embeddable":true,"href":"https:\/\/coreondu.world\/pt\/wp-json\/wp\/v2\/tags?post=1307"}],"curies":[{"name":"wp","href":"https:\/\/api.w.org\/{rel}","templated":true}]}}