{"id":1160,"date":"2024-03-22T12:10:37","date_gmt":"2024-03-22T11:10:37","guid":{"rendered":"https:\/\/coreondu.world\/?p=1160"},"modified":"2024-03-22T14:12:52","modified_gmt":"2024-03-22T13:12:52","slug":"te-acuerdas-de-windeck-la-precuela-de-la-telenovela-de-rtp-ya-se-ha-estrenado","status":"publish","type":"post","link":"https:\/\/coreondu.world\/pt\/te-acuerdas-de-windeck-la-precuela-de-la-telenovela-de-rtp-ya-se-ha-estrenado\/","title":{"rendered":"Lembra-se de \"Windeck\"? A prequela da telenovela da RTP j\u00e1 foi lan\u00e7ada."},"content":{"rendered":"<p class=\"has-luminous-vivid-orange-color has-text-color has-medium-font-size\"><strong>O filme intitula-se \"A Origem da Ambi\u00e7\u00e3o\" e foi transmitido este ano na televis\u00e3o angolana, revelando o passado obscuro da fam\u00edlia Voss.<\/strong><\/p>\n\n\n\n<p>A telenovela \"Windeck\" foi uma produ\u00e7\u00e3o independente que estreou em Angola h\u00e1 mais de dez anos, em 2012. No ano seguinte, passou a ser transmitida na RTP1. Pelo meio, tornou-se um enorme fen\u00f3meno noutras partes do mundo, como o Brasil e a Fran\u00e7a. Aqui, cativou centenas de milhares de portugueses, que acompanharam de perto o que as pessoas s\u00e3o capazes de fazer para enriquecer de forma r\u00e1pida e f\u00e1cil.<\/p>\n\n\n\n<p>Mais de uma d\u00e9cada depois, chegou finalmente um novo filme inspirado nesse universo. Trata-se de uma prequela, cujo primeiro epis\u00f3dio estreou a 22 de janeiro em Angola, no canal Kwenda Magic da esta\u00e7\u00e3o sul-africana DSTV.<\/p>\n\n\n\n<p>Este regresso faz todo o sentido.  Afinal, a telenovela j\u00e1 foi transmitida in\u00fameras vezes em v\u00e1rios canais internacionais \"e ganhou vida pr\u00f3pria nas redes sociais\", explica \u00e0 NiT Cor\u00e9on D\u00fa, produtora, realizadora e criadora do conceito. E acrescenta: \"H\u00e1 v\u00e1rios anos que os amantes da telenovela pedem o regresso do projeto de alguma forma. A ideia de uma prequela surge precisamente porque abre uma oportunidade narrativa interessante ao contar a hist\u00f3ria de algumas das personagens favoritas da vers\u00e3o original\".<\/p>\n\n\n\n<p>Os f\u00e3s foram, portanto, os grandes respons\u00e1veis por este regresso. Foi tamb\u00e9m por isso que os argumentistas decidiram escrever uma hist\u00f3ria que se passa antes da narrativa original, ao contr\u00e1rio do que muitos espectadores poderiam esperar. \"A inspira\u00e7\u00e3o veio do sentimento de nostalgia que os f\u00e3s demonstraram quando pediram o seu regresso\", diz o realizador de 39 anos.<\/p>\n\n\n\n<p><strong>Curiosamente, a narrativa come\u00e7a exatamente onde o original terminou: com a vil\u00e3 Rosa Bettencourt na pris\u00e3o. Ao longo dos anos, esta personagem foi-se tornando enigm\u00e1tica, despertando cada vez mais interesse. Em \"Windeck: As Origens da Ambi\u00e7\u00e3o\" vamos mergulhar nos segredos do passado da fam\u00edlia Voss, que dirigiu grandes empresas de comunica\u00e7\u00e3o na cidade onde tudo se passa. Ficaremos tamb\u00e9m a conhecer \"todo o drama e toxicidade da rela\u00e7\u00e3o entre os Voss e a Rosa\".<\/strong><strong><\/strong><\/p>\n\n\n\n<p>Quando os epis\u00f3dios originais foram escritos e produzidos entre 2012 e 2013, Cor\u00e9on acreditava que a hist\u00f3ria tinha terminado, uma vez que seguia o formato cl\u00e1ssico de in\u00edcio, meio e fim. \"No entanto, a arte ganha vida pr\u00f3pria quando come\u00e7a a esgotar-se. A grande surpresa foi que recebemos feedback positivo durante uma d\u00e9cada e, gra\u00e7as \u00e0s redes sociais, apercebemo-nos do quanto pessoas de diferentes nacionalidades, culturas e idades queriam uma nova telenovela.\"<\/p>\n\n\n\n<figure class=\"wp-block-embed is-type-video is-provider-youtube wp-block-embed-youtube wp-embed-aspect-16-9 wp-has-aspect-ratio\"><div class=\"wp-block-embed__wrapper\">\n<iframe title=\"Windeck - A Origem da Ambi\u00e7\u00e3o&quot;, o novo romance de Kwenda Magic.\" width=\"960\" height=\"540\" src=\"https:\/\/www.youtube.com\/embed\/9iAwS1G9F5A?feature=oembed\" frameborder=\"0\" allow=\"accelerometer; autoplay; clipboard-write; encrypted-media; gyroscope; picture-in-picture; web-share\" allowfullscreen><\/iframe>\n<\/div><\/figure>\n\n\n\n<p>De facto, a pe\u00e7a tornou-se viral no TikTok durante a pandemia de Covid-19. Com a maior parte da popula\u00e7\u00e3o fechada em casa, come\u00e7aram a ser partilhados diferentes v\u00eddeos de momentos-chave do fen\u00f3meno. \"\u00c9 uma surpresa muito agrad\u00e1vel quando uma cria\u00e7\u00e3o adquire este tipo de longevidade de forma t\u00e3o inesperada\".<\/p>\n\n\n\n<p>Esta nova parte da hist\u00f3ria ter\u00e1 170 epis\u00f3dios. As filmagens come\u00e7aram no in\u00edcio do ano passado, mas a ideia j\u00e1 estava na cabe\u00e7a do realizador muito antes disso. O caminho, infelizmente, n\u00e3o foi f\u00e1cil, e a escolha do elenco perfeito revelou-se uma tarefa \u00e1rdua.<\/p>\n\n\n\n<p>\"Foi um grande desafio, porque era importante para n\u00f3s encontrar jovens talentos que captassem o esp\u00edrito dos actores originais\", explica. Para \"A Origem da Ambi\u00e7\u00e3o\", Cor\u00e9on D\u00fa escolheu nomes de refer\u00eancia nos PALOP e em Portugal. Grace Mendes, por exemplo, participou nas telenovelas \"Nazar\u00e9\" e \"Amor Amor\".<\/p>\n\n\n\n<p>Para j\u00e1, n\u00e3o se sabe se esta nova adapta\u00e7\u00e3o ser\u00e1 transmitida em Portugal, mas Cor\u00e9on D\u00fa est\u00e1 esperan\u00e7ado que sim. Em Portugal, o autor angolano j\u00e1 trabalhou em produ\u00e7\u00f5es do \"Voo Direto\" da RTP e da \"\u00danica Mulher\" da TVI.<\/p>\n\n\n\n<p>\"Espero que em breve haja a oportunidade de partilhar 'Windeck: a origem da ambi\u00e7\u00e3o' em Portugal\", confessa.<\/p>\n\n\n\n<p>O futuro da telenovela pode ser sombrio, mas j\u00e1 \u00e9 um sucesso, e n\u00e3o apenas entre os f\u00e3s originais. \"Tem sido interessante porque h\u00e1 duas gera\u00e7\u00f5es de espectadores. Aqueles que conhecem e descobrem o passado das suas personagens favoritas e aqueles que as v\u00eaem pela primeira vez. O facto de podermos obter feedback dos espectadores nas redes sociais tem sido uma din\u00e2mica muito interessante e educativa.\"<\/p>\n\n\n\n<div class=\"wp-block-buttons is-content-justification-center is-layout-flex wp-container-core-buttons-is-layout-16018d1d wp-block-buttons-is-layout-flex\">\n<div class=\"wp-block-button\"><a class=\"wp-block-button__link has-white-color has-luminous-vivid-orange-background-color has-text-color has-background wp-element-button\" href=\"https:\/\/coreondu.world\/pt\/proyectos\/.\/\">ver mais projectos<\/a><\/div>\n<\/div>","protected":false},"excerpt":{"rendered":"<p>Se titula \u00abEl origen de la ambici\u00f3n\u00bb y lleg\u00f3 este a\u00f1o a la televisi\u00f3n angole\u00f1a para revelar el oscuro pasado de la familia Voss. La telenovela \u00abWindeck\u00bb fue una producci\u00f3n independiente que se estren\u00f3 en Angola hace m\u00e1s de diez a\u00f1os, en 2012. Al a\u00f1o siguiente, se emiti\u00f3 en RTP1. Entre medias, se convirti\u00f3 en un gran fen\u00f3meno en otras partes del mundo, como Brasil y Francia. Aqu\u00ed, cautiv\u00f3 a cientos de miles de portugueses, que siguieron de cerca lo que la gente es capaz de hacer para conseguir riqueza de forma r\u00e1pida y f\u00e1cil. M\u00e1s de una d\u00e9cada despu\u00e9s, por fin ha llegado una nueva pel\u00edcula inspirada en ese universo. Se trata de una precuela, cuyo primer episodio se estren\u00f3 el 22 de enero en Angola en el canal Kwenda Magic del operador sudafricano DSTV. Este regreso tiene mucho sentido.&nbsp; Despu\u00e9s de todo, se ha emitido innumerables veces en varios canales internacionales \u00aby ha cobrado vida propia en las redes sociales\u00bb, explica a NiT Cor\u00e9on D\u00fa, productora, directora y creadora del concepto. Y a\u00f1ade: \u00abLos amantes de la telenovela llevan varios a\u00f1os pidiendo que el proyecto vuelva de alguna forma. La idea de una precuela surge precisamente porque abre una oportunidad narrativa interesante al contar la historia de fondo de algunos de los personajes favoritos de la versi\u00f3n original.\u00bb As\u00ed que los fans fueron en gran parte responsables de este regreso. Tambi\u00e9n por eso los guionistas decidieron escribir una historia que tiene lugar antes de la narraci\u00f3n original, contrariamente a lo que muchos espectadores podr\u00edan haber esperado. \u00abLa inspiraci\u00f3n vino del sentimiento de nostalgia que mostraron los fans cuando pidieron que volviera\u00bb, dice el cineasta de 39 a\u00f1os. Curiosamente, la narraci\u00f3n comienza justo donde termin\u00f3 la original: con la villana Rosa Bettencourt en prisi\u00f3n. Durante a\u00f1os, este personaje se ha vuelto enigm\u00e1tico, despertando cada vez m\u00e1s inter\u00e9s. En \u00abWindeck: el origen de la ambici\u00f3n\u00bb nos adentraremos en los secretos del pasado de la familia Voss, que dirigi\u00f3 importantes empresas de comunicaci\u00f3n en la ciudad donde se desarrolla todo. Tambi\u00e9n conoceremos \u00abtodo el drama y la toxicidad de la relaci\u00f3n entre los Voss y Rosa\u00bb. Cuando se escribieron y produjeron los episodios originales entre 2012 y 2013, Cor\u00e9on cre\u00eda que la historia hab\u00eda terminado, ya que segu\u00eda el formato cl\u00e1sico de principio, nudo y desenlace. \u00abSin embargo, el arte cobra vida propia cuando empieza a consumirse. La gran sorpresa fue que recibimos comentarios positivos durante una d\u00e9cada y gracias a las redes sociales nos dimos cuenta de lo mucho que personas de diferentes nacionalidades, culturas y edades quer\u00edan una nueva telenovela.\u00bb De hecho, la obra se hizo viral en TikTok durante la pandemia de Covid-19. Con la mayor parte de la poblaci\u00f3n encerrada en casa, se empezaron a compartir diferentes v\u00eddeos de momentos clave del fen\u00f3meno. \u00abEs una sorpresa muy agradable cuando una creaci\u00f3n adquiere este tipo de longevidad de forma tan inesperada\u00bb. Esta nueva parte de la historia tendr\u00e1 170 episodios. La grabaci\u00f3n comenz\u00f3 a principios del a\u00f1o pasado, pero la idea estaba en la cabeza del director mucho antes. El camino, por desgracia, no fue f\u00e1cil, y la elecci\u00f3n del reparto perfecto result\u00f3 ser una ardua tarea. \u00abFue un gran reto, porque para nosotros era importante encontrar j\u00f3venes talentos que captaran el esp\u00edritu de los actores originales\u00bb, explica. Para \u00abEl origen de la ambici\u00f3n\u00bb, Cor\u00e9on D\u00fa eligi\u00f3 nombres de referencia en PALOP y Portugal. Grace Mendes, por ejemplo, apareci\u00f3 en las telenovelas \u00abNazar\u00e9\u00bb y \u00abAmor Amor\u00bb. De momento, se desconoce si esta nueva adaptaci\u00f3n se emitir\u00e1 en Portugal, pero Cor\u00e9on D\u00fa tiene esperanzas de que as\u00ed sea. En Portugal, la autora angole\u00f1a ya ha trabajado en producciones de \u00abVoo Directo\u00bb, de RTP, y \u00ab\u00danica Mulher\u00bb, de TVI. \u00abEspero que pronto haya una oportunidad de compartir &#8216;Windeck: el origen de la ambici\u00f3n&#8217; en Portugal\u00bb, confiesa. El futuro de la telenovela puede ser oscuro, pero ya est\u00e1 siendo un \u00e9xito, y no s\u00f3lo entre los fans originales. \u00abHa sido interesante porque hay dos generaciones de espectadores. Los que conocen y descubren el pasado de sus personajes favoritos, y los que los ven por primera vez. El hecho de poder recibir comentarios de los espectadores en las redes sociales ha sido una din\u00e1mica muy interesante y educativa\u00bb.<\/p>","protected":false},"author":1,"featured_media":1167,"comment_status":"open","ping_status":"open","sticky":false,"template":"","format":"standard","meta":{"footnotes":""},"categories":[11],"tags":[22,21],"class_list":["post-1160","post","type-post","status-publish","format-standard","has-post-thumbnail","hentry","category-we-du","tag-produccion","tag-windeck"],"yoast_head":"<!-- This site is optimized with the Yoast SEO plugin v27.1.1 - https:\/\/yoast.com\/product\/yoast-seo-wordpress\/ -->\n<title>\u00bfTe acuerdas de &quot;Windeck&quot;? La precuela de la telenovela de RTP ya se ha estrenado - Coreon Du<\/title>\n<meta name=\"description\" content=\"La telenovela &quot;Windeck&quot; fue una producci\u00f3n independiente que se estren\u00f3 en Angola hace m\u00e1s de diez a\u00f1os.\" \/>\n<meta name=\"robots\" content=\"index, follow, max-snippet:-1, max-image-preview:large, max-video-preview:-1\" \/>\n<link rel=\"canonical\" href=\"https:\/\/coreondu.world\/pt\/te-acuerdas-de-windeck-la-precuela-de-la-telenovela-de-rtp-ya-se-ha-estrenado\/\" \/>\n<meta property=\"og:locale\" content=\"pt_PT\" \/>\n<meta property=\"og:type\" content=\"article\" \/>\n<meta property=\"og:title\" content=\"\u00bfTe acuerdas de &quot;Windeck&quot;? La precuela de la telenovela de RTP ya se ha estrenado - Coreon Du\" \/>\n<meta property=\"og:description\" content=\"La telenovela &quot;Windeck&quot; fue una producci\u00f3n independiente que se estren\u00f3 en Angola hace m\u00e1s de diez a\u00f1os.\" \/>\n<meta property=\"og:url\" content=\"https:\/\/coreondu.world\/pt\/te-acuerdas-de-windeck-la-precuela-de-la-telenovela-de-rtp-ya-se-ha-estrenado\/\" \/>\n<meta property=\"og:site_name\" content=\"Coreon Du\" \/>\n<meta property=\"article:publisher\" content=\"https:\/\/www.facebook.com\/CoreonDuOficial\/\" \/>\n<meta property=\"article:published_time\" content=\"2024-03-22T11:10:37+00:00\" \/>\n<meta property=\"article:modified_time\" content=\"2024-03-22T13:12:52+00:00\" \/>\n<meta property=\"og:image\" content=\"https:\/\/coreondu.world\/wp-content\/uploads\/2024\/03\/Windeck-1.jpg\" \/>\n\t<meta property=\"og:image:width\" content=\"394\" \/>\n\t<meta property=\"og:image:height\" content=\"394\" \/>\n\t<meta property=\"og:image:type\" content=\"image\/jpeg\" \/>\n<meta name=\"author\" content=\"cdadmin\" \/>\n<meta name=\"twitter:card\" content=\"summary_large_image\" \/>\n<meta name=\"twitter:label1\" content=\"Escrito por\" \/>\n\t<meta name=\"twitter:data1\" content=\"cdadmin\" \/>\n\t<meta name=\"twitter:label2\" content=\"Tempo estimado de leitura\" \/>\n\t<meta name=\"twitter:data2\" content=\"4 minutos\" \/>\n<script type=\"application\/ld+json\" class=\"yoast-schema-graph\">{\"@context\":\"https:\/\/schema.org\",\"@graph\":[{\"@type\":\"Article\",\"@id\":\"https:\/\/coreondu.world\/te-acuerdas-de-windeck-la-precuela-de-la-telenovela-de-rtp-ya-se-ha-estrenado\/#article\",\"isPartOf\":{\"@id\":\"https:\/\/coreondu.world\/te-acuerdas-de-windeck-la-precuela-de-la-telenovela-de-rtp-ya-se-ha-estrenado\/\"},\"author\":{\"name\":\"cdadmin\",\"@id\":\"https:\/\/coreondu.world\/#\/schema\/person\/691e58ff59f3edb49ddce067d4d272f5\"},\"headline\":\"\u00bfTe acuerdas de \u00abWindeck\u00bb? La precuela de la telenovela de RTP ya se ha estrenado\",\"datePublished\":\"2024-03-22T11:10:37+00:00\",\"dateModified\":\"2024-03-22T13:12:52+00:00\",\"mainEntityOfPage\":{\"@id\":\"https:\/\/coreondu.world\/te-acuerdas-de-windeck-la-precuela-de-la-telenovela-de-rtp-ya-se-ha-estrenado\/\"},\"wordCount\":787,\"commentCount\":0,\"image\":{\"@id\":\"https:\/\/coreondu.world\/te-acuerdas-de-windeck-la-precuela-de-la-telenovela-de-rtp-ya-se-ha-estrenado\/#primaryimage\"},\"thumbnailUrl\":\"https:\/\/coreondu.world\/wp-content\/uploads\/2024\/03\/Windeck-1.jpg\",\"keywords\":[\"produccion\",\"windeck\"],\"articleSection\":[\"we d\u00fa\"],\"inLanguage\":\"pt-PT\",\"potentialAction\":[{\"@type\":\"CommentAction\",\"name\":\"Comment\",\"target\":[\"https:\/\/coreondu.world\/te-acuerdas-de-windeck-la-precuela-de-la-telenovela-de-rtp-ya-se-ha-estrenado\/#respond\"]}]},{\"@type\":\"WebPage\",\"@id\":\"https:\/\/coreondu.world\/te-acuerdas-de-windeck-la-precuela-de-la-telenovela-de-rtp-ya-se-ha-estrenado\/\",\"url\":\"https:\/\/coreondu.world\/te-acuerdas-de-windeck-la-precuela-de-la-telenovela-de-rtp-ya-se-ha-estrenado\/\",\"name\":\"\u00bfTe acuerdas de \\\"Windeck\\\"? La precuela de la telenovela de RTP ya se ha estrenado - Coreon Du\",\"isPartOf\":{\"@id\":\"https:\/\/coreondu.world\/#website\"},\"primaryImageOfPage\":{\"@id\":\"https:\/\/coreondu.world\/te-acuerdas-de-windeck-la-precuela-de-la-telenovela-de-rtp-ya-se-ha-estrenado\/#primaryimage\"},\"image\":{\"@id\":\"https:\/\/coreondu.world\/te-acuerdas-de-windeck-la-precuela-de-la-telenovela-de-rtp-ya-se-ha-estrenado\/#primaryimage\"},\"thumbnailUrl\":\"https:\/\/coreondu.world\/wp-content\/uploads\/2024\/03\/Windeck-1.jpg\",\"datePublished\":\"2024-03-22T11:10:37+00:00\",\"dateModified\":\"2024-03-22T13:12:52+00:00\",\"author\":{\"@id\":\"https:\/\/coreondu.world\/#\/schema\/person\/691e58ff59f3edb49ddce067d4d272f5\"},\"description\":\"La telenovela \\\"Windeck\\\" fue una producci\u00f3n independiente que se estren\u00f3 en Angola hace m\u00e1s de diez a\u00f1os.\",\"breadcrumb\":{\"@id\":\"https:\/\/coreondu.world\/te-acuerdas-de-windeck-la-precuela-de-la-telenovela-de-rtp-ya-se-ha-estrenado\/#breadcrumb\"},\"inLanguage\":\"pt-PT\",\"potentialAction\":[{\"@type\":\"ReadAction\",\"target\":[\"https:\/\/coreondu.world\/te-acuerdas-de-windeck-la-precuela-de-la-telenovela-de-rtp-ya-se-ha-estrenado\/\"]}]},{\"@type\":\"ImageObject\",\"inLanguage\":\"pt-PT\",\"@id\":\"https:\/\/coreondu.world\/te-acuerdas-de-windeck-la-precuela-de-la-telenovela-de-rtp-ya-se-ha-estrenado\/#primaryimage\",\"url\":\"https:\/\/coreondu.world\/wp-content\/uploads\/2024\/03\/Windeck-1.jpg\",\"contentUrl\":\"https:\/\/coreondu.world\/wp-content\/uploads\/2024\/03\/Windeck-1.jpg\",\"width\":394,\"height\":394},{\"@type\":\"BreadcrumbList\",\"@id\":\"https:\/\/coreondu.world\/te-acuerdas-de-windeck-la-precuela-de-la-telenovela-de-rtp-ya-se-ha-estrenado\/#breadcrumb\",\"itemListElement\":[{\"@type\":\"ListItem\",\"position\":1,\"name\":\"Portada\",\"item\":\"https:\/\/coreondu.world\/\"},{\"@type\":\"ListItem\",\"position\":2,\"name\":\"\u00bfTe acuerdas de &#8220;Windeck&#8221;? La precuela de la telenovela de RTP ya se ha estrenado\"}]},{\"@type\":\"WebSite\",\"@id\":\"https:\/\/coreondu.world\/#website\",\"url\":\"https:\/\/coreondu.world\/\",\"name\":\"Cor\u00e9on D\u00fa\",\"description\":\"\",\"potentialAction\":[{\"@type\":\"SearchAction\",\"target\":{\"@type\":\"EntryPoint\",\"urlTemplate\":\"https:\/\/coreondu.world\/?s={search_term_string}\"},\"query-input\":{\"@type\":\"PropertyValueSpecification\",\"valueRequired\":true,\"valueName\":\"search_term_string\"}}],\"inLanguage\":\"pt-PT\"},{\"@type\":\"Person\",\"@id\":\"https:\/\/coreondu.world\/#\/schema\/person\/691e58ff59f3edb49ddce067d4d272f5\",\"name\":\"cdadmin\",\"image\":{\"@type\":\"ImageObject\",\"inLanguage\":\"pt-PT\",\"@id\":\"https:\/\/coreondu.world\/#\/schema\/person\/image\/\",\"url\":\"https:\/\/secure.gravatar.com\/avatar\/d78fbbfcc030af99a10288dbd9023b6010c263d71a385d314c112637d766131c?s=96&d=mm&r=g\",\"contentUrl\":\"https:\/\/secure.gravatar.com\/avatar\/d78fbbfcc030af99a10288dbd9023b6010c263d71a385d314c112637d766131c?s=96&d=mm&r=g\",\"caption\":\"cdadmin\"},\"sameAs\":[\"https:\/\/coreondu.world\"]}]}<\/script>\n<!-- \/ Yoast SEO plugin. -->","yoast_head_json":{"title":"\u00bfTe acuerdas de \"Windeck\"? La precuela de la telenovela de RTP ya se ha estrenado - Coreon Du","description":"La telenovela \"Windeck\" fue una producci\u00f3n independiente que se estren\u00f3 en Angola hace m\u00e1s de diez a\u00f1os.","robots":{"index":"index","follow":"follow","max-snippet":"max-snippet:-1","max-image-preview":"max-image-preview:large","max-video-preview":"max-video-preview:-1"},"canonical":"https:\/\/coreondu.world\/pt\/te-acuerdas-de-windeck-la-precuela-de-la-telenovela-de-rtp-ya-se-ha-estrenado\/","og_locale":"pt_PT","og_type":"article","og_title":"\u00bfTe acuerdas de \"Windeck\"? La precuela de la telenovela de RTP ya se ha estrenado - Coreon Du","og_description":"La telenovela \"Windeck\" fue una producci\u00f3n independiente que se estren\u00f3 en Angola hace m\u00e1s de diez a\u00f1os.","og_url":"https:\/\/coreondu.world\/pt\/te-acuerdas-de-windeck-la-precuela-de-la-telenovela-de-rtp-ya-se-ha-estrenado\/","og_site_name":"Coreon Du","article_publisher":"https:\/\/www.facebook.com\/CoreonDuOficial\/","article_published_time":"2024-03-22T11:10:37+00:00","article_modified_time":"2024-03-22T13:12:52+00:00","og_image":[{"width":394,"height":394,"url":"https:\/\/coreondu.world\/wp-content\/uploads\/2024\/03\/Windeck-1.jpg","type":"image\/jpeg"}],"author":"cdadmin","twitter_card":"summary_large_image","twitter_misc":{"Escrito por":"cdadmin","Tempo estimado de leitura":"4 minutos"},"schema":{"@context":"https:\/\/schema.org","@graph":[{"@type":"Article","@id":"https:\/\/coreondu.world\/te-acuerdas-de-windeck-la-precuela-de-la-telenovela-de-rtp-ya-se-ha-estrenado\/#article","isPartOf":{"@id":"https:\/\/coreondu.world\/te-acuerdas-de-windeck-la-precuela-de-la-telenovela-de-rtp-ya-se-ha-estrenado\/"},"author":{"name":"cdadmin","@id":"https:\/\/coreondu.world\/#\/schema\/person\/691e58ff59f3edb49ddce067d4d272f5"},"headline":"\u00bfTe acuerdas de \u00abWindeck\u00bb? La precuela de la telenovela de RTP ya se ha estrenado","datePublished":"2024-03-22T11:10:37+00:00","dateModified":"2024-03-22T13:12:52+00:00","mainEntityOfPage":{"@id":"https:\/\/coreondu.world\/te-acuerdas-de-windeck-la-precuela-de-la-telenovela-de-rtp-ya-se-ha-estrenado\/"},"wordCount":787,"commentCount":0,"image":{"@id":"https:\/\/coreondu.world\/te-acuerdas-de-windeck-la-precuela-de-la-telenovela-de-rtp-ya-se-ha-estrenado\/#primaryimage"},"thumbnailUrl":"https:\/\/coreondu.world\/wp-content\/uploads\/2024\/03\/Windeck-1.jpg","keywords":["produccion","windeck"],"articleSection":["we d\u00fa"],"inLanguage":"pt-PT","potentialAction":[{"@type":"CommentAction","name":"Comment","target":["https:\/\/coreondu.world\/te-acuerdas-de-windeck-la-precuela-de-la-telenovela-de-rtp-ya-se-ha-estrenado\/#respond"]}]},{"@type":"WebPage","@id":"https:\/\/coreondu.world\/te-acuerdas-de-windeck-la-precuela-de-la-telenovela-de-rtp-ya-se-ha-estrenado\/","url":"https:\/\/coreondu.world\/te-acuerdas-de-windeck-la-precuela-de-la-telenovela-de-rtp-ya-se-ha-estrenado\/","name":"\u00bfTe acuerdas de \"Windeck\"? La precuela de la telenovela de RTP ya se ha estrenado - Coreon Du","isPartOf":{"@id":"https:\/\/coreondu.world\/#website"},"primaryImageOfPage":{"@id":"https:\/\/coreondu.world\/te-acuerdas-de-windeck-la-precuela-de-la-telenovela-de-rtp-ya-se-ha-estrenado\/#primaryimage"},"image":{"@id":"https:\/\/coreondu.world\/te-acuerdas-de-windeck-la-precuela-de-la-telenovela-de-rtp-ya-se-ha-estrenado\/#primaryimage"},"thumbnailUrl":"https:\/\/coreondu.world\/wp-content\/uploads\/2024\/03\/Windeck-1.jpg","datePublished":"2024-03-22T11:10:37+00:00","dateModified":"2024-03-22T13:12:52+00:00","author":{"@id":"https:\/\/coreondu.world\/#\/schema\/person\/691e58ff59f3edb49ddce067d4d272f5"},"description":"La telenovela \"Windeck\" fue una producci\u00f3n independiente que se estren\u00f3 en Angola hace m\u00e1s de diez a\u00f1os.","breadcrumb":{"@id":"https:\/\/coreondu.world\/te-acuerdas-de-windeck-la-precuela-de-la-telenovela-de-rtp-ya-se-ha-estrenado\/#breadcrumb"},"inLanguage":"pt-PT","potentialAction":[{"@type":"ReadAction","target":["https:\/\/coreondu.world\/te-acuerdas-de-windeck-la-precuela-de-la-telenovela-de-rtp-ya-se-ha-estrenado\/"]}]},{"@type":"ImageObject","inLanguage":"pt-PT","@id":"https:\/\/coreondu.world\/te-acuerdas-de-windeck-la-precuela-de-la-telenovela-de-rtp-ya-se-ha-estrenado\/#primaryimage","url":"https:\/\/coreondu.world\/wp-content\/uploads\/2024\/03\/Windeck-1.jpg","contentUrl":"https:\/\/coreondu.world\/wp-content\/uploads\/2024\/03\/Windeck-1.jpg","width":394,"height":394},{"@type":"BreadcrumbList","@id":"https:\/\/coreondu.world\/te-acuerdas-de-windeck-la-precuela-de-la-telenovela-de-rtp-ya-se-ha-estrenado\/#breadcrumb","itemListElement":[{"@type":"ListItem","position":1,"name":"Portada","item":"https:\/\/coreondu.world\/"},{"@type":"ListItem","position":2,"name":"\u00bfTe acuerdas de &#8220;Windeck&#8221;? La precuela de la telenovela de RTP ya se ha estrenado"}]},{"@type":"WebSite","@id":"https:\/\/coreondu.world\/#website","url":"https:\/\/coreondu.world\/","name":"Cor\u00e9on D\u00fa","description":"","potentialAction":[{"@type":"SearchAction","target":{"@type":"EntryPoint","urlTemplate":"https:\/\/coreondu.world\/?s={search_term_string}"},"query-input":{"@type":"PropertyValueSpecification","valueRequired":true,"valueName":"search_term_string"}}],"inLanguage":"pt-PT"},{"@type":"Person","@id":"https:\/\/coreondu.world\/#\/schema\/person\/691e58ff59f3edb49ddce067d4d272f5","name":"cdadmin","image":{"@type":"ImageObject","inLanguage":"pt-PT","@id":"https:\/\/coreondu.world\/#\/schema\/person\/image\/","url":"https:\/\/secure.gravatar.com\/avatar\/d78fbbfcc030af99a10288dbd9023b6010c263d71a385d314c112637d766131c?s=96&d=mm&r=g","contentUrl":"https:\/\/secure.gravatar.com\/avatar\/d78fbbfcc030af99a10288dbd9023b6010c263d71a385d314c112637d766131c?s=96&d=mm&r=g","caption":"cdadmin"},"sameAs":["https:\/\/coreondu.world"]}]}},"_links":{"self":[{"href":"https:\/\/coreondu.world\/pt\/wp-json\/wp\/v2\/posts\/1160","targetHints":{"allow":["GET"]}}],"collection":[{"href":"https:\/\/coreondu.world\/pt\/wp-json\/wp\/v2\/posts"}],"about":[{"href":"https:\/\/coreondu.world\/pt\/wp-json\/wp\/v2\/types\/post"}],"author":[{"embeddable":true,"href":"https:\/\/coreondu.world\/pt\/wp-json\/wp\/v2\/users\/1"}],"replies":[{"embeddable":true,"href":"https:\/\/coreondu.world\/pt\/wp-json\/wp\/v2\/comments?post=1160"}],"version-history":[{"count":0,"href":"https:\/\/coreondu.world\/pt\/wp-json\/wp\/v2\/posts\/1160\/revisions"}],"wp:featuredmedia":[{"embeddable":true,"href":"https:\/\/coreondu.world\/pt\/wp-json\/wp\/v2\/media\/1167"}],"wp:attachment":[{"href":"https:\/\/coreondu.world\/pt\/wp-json\/wp\/v2\/media?parent=1160"}],"wp:term":[{"taxonomy":"category","embeddable":true,"href":"https:\/\/coreondu.world\/pt\/wp-json\/wp\/v2\/categories?post=1160"},{"taxonomy":"post_tag","embeddable":true,"href":"https:\/\/coreondu.world\/pt\/wp-json\/wp\/v2\/tags?post=1160"}],"curies":[{"name":"wp","href":"https:\/\/api.w.org\/{rel}","templated":true}]}}