{"id":1666,"date":"2026-07-21T11:41:36","date_gmt":"2026-07-21T09:41:36","guid":{"rendered":"https:\/\/coreondu.world\/?p=1666"},"modified":"2026-07-21T11:42:10","modified_gmt":"2026-07-21T09:42:10","slug":"por-que-las-historias-africanas-conectan-cada-vez-con-mas-publico","status":"publish","type":"post","link":"https:\/\/coreondu.world\/en\/por-que-las-historias-africanas-conectan-cada-vez-con-mas-publico\/","title":{"rendered":"Why are African stories resonating with an ever-wider audience?"},"content":{"rendered":"<p class=\"wp-block-paragraph\">African stories are currently enjoying a period of growing international prominence. Films, TV series, music and digital content produced in various countries across the continent are reaching new audiences thanks to a climate of growing interest in diverse voices, cultures and perspectives.<\/p>\n\n\n\n<p class=\"wp-block-paragraph\"><strong>New ways of reaching the public<\/strong><\/p>\n\n\n\n<p class=\"wp-block-paragraph\">Streaming platforms and social media have played a decisive role in this change. Today, it is much easier to discover African productions than it was just a few years ago, enabling creators and artists to connect directly with audiences around the world.<\/p>\n\n\n\n<p class=\"wp-block-paragraph\">Furthermore, these channels have lowered distribution barriers and helped initiatives originating in local contexts to gain an international reach. A film, a song or a series can spread rapidly and spark conversation beyond its borders.<\/p>\n\n\n\n<p class=\"wp-block-paragraph\"><strong>More authentic and diverse stories<\/strong><\/p>\n\n\n\n<p class=\"wp-block-paragraph\">This transformation also reflects a shift in viewers\u2019 preferences. There is a growing demand for authentic stories that reflect diverse realities and move away from the stereotypes that for decades shaped the portrayal of the continent in international audiovisual media.<\/p>\n\n\n\n<p class=\"wp-block-paragraph\">Added to this is the growing recognition of African musicians, filmmakers, designers and creators who are taking their work onto the global stage without compromising their cultural identity. Their work combines tradition and modernity, and resonates with an audience that is increasingly open to discovering new creative influences.<\/p>\n\n\n\n<p class=\"wp-block-paragraph\">In this context, African cultural industries are not only expanding their international presence, but also enriching the global creative landscape. Their growth demonstrates that even the most local stories can become universal when told with authenticity.<\/p>\n\n\n\n<p class=\"wp-block-paragraph\"><\/p>","protected":false},"excerpt":{"rendered":"<p>African stories are currently enjoying a period of growing international prominence. Films, TV series, music and digital content produced in various countries across the continent are reaching new audiences thanks to a climate of increasing interest in diverse voices, cultures and perspectives. New ways of reaching audiences Streaming platforms and social media have played a decisive role in this shift. Today, it is much easier to discover African productions than it was just a few years ago, enabling creators and artists to connect directly with audiences around the world. Furthermore, these channels have lowered distribution barriers and helped works originating in local contexts to achieve an international reach. A film, a song or a series can spread rapidly and spark conversation beyond its borders. More authentic and diverse stories This transformation also reflects a shift in viewers\u2019 preferences. There is a growing demand for authentic stories that reflect diverse realities and move away from the stereotypes that for decades shaped the continent\u2019s portrayal in international audiovisual media. Added to this is the growing recognition of African musicians, filmmakers, designers and creators who are taking their work to global stages without compromising their cultural identity. Their work combines tradition and modernity, and connects with an audience that is increasingly open to discovering new creative influences. Against this backdrop, African cultural industries are not only expanding their international presence but also enriching the global creative landscape. Their growth demonstrates that even the most local stories can become universal when told with authenticity.<\/p>","protected":false},"author":1,"featured_media":1667,"comment_status":"open","ping_status":"open","sticky":false,"template":"","format":"standard","meta":{"footnotes":""},"categories":[45,11],"tags":[],"class_list":["post-1666","post","type-post","status-publish","format-standard","has-post-thumbnail","hentry","category-its-happening","category-we-du"],"yoast_head":"<!-- This site is optimized with the Yoast SEO plugin v27.7 - https:\/\/yoast.com\/product\/yoast-seo-wordpress\/ -->\n<title>\u00bfPor qu\u00e9 las historias africanas conectan cada vez con m\u00e1s p\u00fablico? - Coreon Du<\/title>\n<meta name=\"robots\" content=\"index, follow, max-snippet:-1, max-image-preview:large, max-video-preview:-1\" \/>\n<link rel=\"canonical\" href=\"https:\/\/coreondu.world\/en\/por-que-las-historias-africanas-conectan-cada-vez-con-mas-publico\/\" \/>\n<meta property=\"og:locale\" content=\"en_GB\" \/>\n<meta property=\"og:type\" content=\"article\" \/>\n<meta property=\"og:title\" content=\"\u00bfPor qu\u00e9 las historias africanas conectan cada vez con m\u00e1s p\u00fablico? - Coreon Du\" \/>\n<meta property=\"og:description\" content=\"Las historias africanas viven un momento de creciente proyecci\u00f3n internacional. El cine, las series, la m\u00fasica y los contenidos digitales producidos desde distintos pa\u00edses del continente est\u00e1n llegando a nuevas audiencias gracias a un contexto en el que existe cada vez m\u00e1s inter\u00e9s por voces, culturas y perspectivas diferentes. Nuevas formas de llegar al p\u00fablico Las plataformas de streaming y las redes sociales han desempe\u00f1ado un papel decisivo en este cambio. Hoy es posible descubrir producciones africanas con mucha m\u00e1s facilidad que hace apenas unos a\u00f1os, permitiendo que creadores y artistas conecten directamente con p\u00fablicos de todo el mundo. Adem\u00e1s, estos canales han reducido las barreras de distribuci\u00f3n y han favorecido que propuestas nacidas en contextos locales alcancen una dimensi\u00f3n internacional. Una pel\u00edcula, una canci\u00f3n o una serie puede difundirse r\u00e1pidamente y generar conversaci\u00f3n m\u00e1s all\u00e1 de sus fronteras. Relatos m\u00e1s aut\u00e9nticos y diversos Esta transformaci\u00f3n tambi\u00e9n responde a un cambio en las preferencias de los espectadores. Existe una mayor demanda de relatos aut\u00e9nticos, capaces de reflejar realidades diversas y alejadas de los estereotipos que durante d\u00e9cadas marcaron la representaci\u00f3n del continente en el audiovisual internacional. A ello se suma el creciente reconocimiento de m\u00fasicos, cineastas, dise\u00f1adores y creadores africanos que est\u00e1n llevando su trabajo a escenarios globales sin renunciar a su identidad cultural. Sus propuestas combinan tradici\u00f3n y modernidad, y conectan con una audiencia cada vez m\u00e1s abierta a descubrir nuevas referencias creativas. En este contexto, las industrias culturales africanas no solo ampl\u00edan su presencia internacional, sino que tambi\u00e9n enriquecen el panorama creativo global. Su crecimiento demuestra que las historias m\u00e1s locales pueden convertirse en universales cuando se cuentan con autenticidad.\" \/>\n<meta property=\"og:url\" content=\"https:\/\/coreondu.world\/en\/por-que-las-historias-africanas-conectan-cada-vez-con-mas-publico\/\" \/>\n<meta property=\"og:site_name\" content=\"Coreon Du\" \/>\n<meta property=\"article:publisher\" content=\"https:\/\/www.facebook.com\/CoreonDuOficial\/\" \/>\n<meta property=\"article:published_time\" content=\"2026-07-21T09:41:36+00:00\" \/>\n<meta property=\"article:modified_time\" content=\"2026-07-21T09:42:10+00:00\" \/>\n<meta property=\"og:image\" content=\"https:\/\/coreondu.world\/wp-content\/uploads\/2026\/07\/Diseno-sin-titulo-29.png\" \/>\n\t<meta property=\"og:image:width\" content=\"1732\" \/>\n\t<meta property=\"og:image:height\" content=\"1732\" \/>\n\t<meta property=\"og:image:type\" content=\"image\/png\" \/>\n<meta name=\"author\" content=\"cdadmin\" \/>\n<meta name=\"twitter:card\" content=\"summary_large_image\" \/>\n<meta name=\"twitter:label1\" content=\"Written by\" \/>\n\t<meta name=\"twitter:data1\" content=\"cdadmin\" \/>\n\t<meta name=\"twitter:label2\" content=\"Estimated reading time\" \/>\n\t<meta name=\"twitter:data2\" content=\"2 minutes\" \/>\n<script type=\"application\/ld+json\" class=\"yoast-schema-graph\">{\"@context\":\"https:\\\/\\\/schema.org\",\"@graph\":[{\"@type\":\"Article\",\"@id\":\"https:\\\/\\\/coreondu.world\\\/por-que-las-historias-africanas-conectan-cada-vez-con-mas-publico\\\/#article\",\"isPartOf\":{\"@id\":\"https:\\\/\\\/coreondu.world\\\/por-que-las-historias-africanas-conectan-cada-vez-con-mas-publico\\\/\"},\"author\":{\"name\":\"cdadmin\",\"@id\":\"https:\\\/\\\/coreondu.world\\\/#\\\/schema\\\/person\\\/691e58ff59f3edb49ddce067d4d272f5\"},\"headline\":\"\u00bfPor qu\u00e9 las historias africanas conectan cada vez con m\u00e1s p\u00fablico?\",\"datePublished\":\"2026-07-21T09:41:36+00:00\",\"dateModified\":\"2026-07-21T09:42:10+00:00\",\"mainEntityOfPage\":{\"@id\":\"https:\\\/\\\/coreondu.world\\\/por-que-las-historias-africanas-conectan-cada-vez-con-mas-publico\\\/\"},\"wordCount\":319,\"commentCount\":0,\"image\":{\"@id\":\"https:\\\/\\\/coreondu.world\\\/por-que-las-historias-africanas-conectan-cada-vez-con-mas-publico\\\/#primaryimage\"},\"thumbnailUrl\":\"https:\\\/\\\/coreondu.world\\\/wp-content\\\/uploads\\\/2026\\\/07\\\/Diseno-sin-titulo-29.png\",\"articleSection\":[\"Its Happening\",\"we d\u00fa\"],\"inLanguage\":\"en-GB\",\"potentialAction\":[{\"@type\":\"CommentAction\",\"name\":\"Comment\",\"target\":[\"https:\\\/\\\/coreondu.world\\\/por-que-las-historias-africanas-conectan-cada-vez-con-mas-publico\\\/#respond\"]}]},{\"@type\":\"WebPage\",\"@id\":\"https:\\\/\\\/coreondu.world\\\/por-que-las-historias-africanas-conectan-cada-vez-con-mas-publico\\\/\",\"url\":\"https:\\\/\\\/coreondu.world\\\/por-que-las-historias-africanas-conectan-cada-vez-con-mas-publico\\\/\",\"name\":\"\u00bfPor qu\u00e9 las historias africanas conectan cada vez con m\u00e1s p\u00fablico? - Coreon Du\",\"isPartOf\":{\"@id\":\"https:\\\/\\\/coreondu.world\\\/#website\"},\"primaryImageOfPage\":{\"@id\":\"https:\\\/\\\/coreondu.world\\\/por-que-las-historias-africanas-conectan-cada-vez-con-mas-publico\\\/#primaryimage\"},\"image\":{\"@id\":\"https:\\\/\\\/coreondu.world\\\/por-que-las-historias-africanas-conectan-cada-vez-con-mas-publico\\\/#primaryimage\"},\"thumbnailUrl\":\"https:\\\/\\\/coreondu.world\\\/wp-content\\\/uploads\\\/2026\\\/07\\\/Diseno-sin-titulo-29.png\",\"datePublished\":\"2026-07-21T09:41:36+00:00\",\"dateModified\":\"2026-07-21T09:42:10+00:00\",\"author\":{\"@id\":\"https:\\\/\\\/coreondu.world\\\/#\\\/schema\\\/person\\\/691e58ff59f3edb49ddce067d4d272f5\"},\"breadcrumb\":{\"@id\":\"https:\\\/\\\/coreondu.world\\\/por-que-las-historias-africanas-conectan-cada-vez-con-mas-publico\\\/#breadcrumb\"},\"inLanguage\":\"en-GB\",\"potentialAction\":[{\"@type\":\"ReadAction\",\"target\":[\"https:\\\/\\\/coreondu.world\\\/por-que-las-historias-africanas-conectan-cada-vez-con-mas-publico\\\/\"]}]},{\"@type\":\"ImageObject\",\"inLanguage\":\"en-GB\",\"@id\":\"https:\\\/\\\/coreondu.world\\\/por-que-las-historias-africanas-conectan-cada-vez-con-mas-publico\\\/#primaryimage\",\"url\":\"https:\\\/\\\/coreondu.world\\\/wp-content\\\/uploads\\\/2026\\\/07\\\/Diseno-sin-titulo-29.png\",\"contentUrl\":\"https:\\\/\\\/coreondu.world\\\/wp-content\\\/uploads\\\/2026\\\/07\\\/Diseno-sin-titulo-29.png\",\"width\":1732,\"height\":1732},{\"@type\":\"BreadcrumbList\",\"@id\":\"https:\\\/\\\/coreondu.world\\\/por-que-las-historias-africanas-conectan-cada-vez-con-mas-publico\\\/#breadcrumb\",\"itemListElement\":[{\"@type\":\"ListItem\",\"position\":1,\"name\":\"Portada\",\"item\":\"https:\\\/\\\/coreondu.world\\\/\"},{\"@type\":\"ListItem\",\"position\":2,\"name\":\"\u00bfPor qu\u00e9 las historias africanas conectan cada vez con m\u00e1s p\u00fablico?\"}]},{\"@type\":\"WebSite\",\"@id\":\"https:\\\/\\\/coreondu.world\\\/#website\",\"url\":\"https:\\\/\\\/coreondu.world\\\/\",\"name\":\"Cor\u00e9on D\u00fa\",\"description\":\"\",\"potentialAction\":[{\"@type\":\"SearchAction\",\"target\":{\"@type\":\"EntryPoint\",\"urlTemplate\":\"https:\\\/\\\/coreondu.world\\\/?s={search_term_string}\"},\"query-input\":{\"@type\":\"PropertyValueSpecification\",\"valueRequired\":true,\"valueName\":\"search_term_string\"}}],\"inLanguage\":\"en-GB\"},{\"@type\":\"Person\",\"@id\":\"https:\\\/\\\/coreondu.world\\\/#\\\/schema\\\/person\\\/691e58ff59f3edb49ddce067d4d272f5\",\"name\":\"cdadmin\",\"image\":{\"@type\":\"ImageObject\",\"inLanguage\":\"en-GB\",\"@id\":\"https:\\\/\\\/secure.gravatar.com\\\/avatar\\\/d78fbbfcc030af99a10288dbd9023b6010c263d71a385d314c112637d766131c?s=96&d=mm&r=g\",\"url\":\"https:\\\/\\\/secure.gravatar.com\\\/avatar\\\/d78fbbfcc030af99a10288dbd9023b6010c263d71a385d314c112637d766131c?s=96&d=mm&r=g\",\"contentUrl\":\"https:\\\/\\\/secure.gravatar.com\\\/avatar\\\/d78fbbfcc030af99a10288dbd9023b6010c263d71a385d314c112637d766131c?s=96&d=mm&r=g\",\"caption\":\"cdadmin\"},\"sameAs\":[\"https:\\\/\\\/coreondu.world\"]}]}<\/script>\n<!-- \/ Yoast SEO plugin. -->","yoast_head_json":{"title":"Why are African stories resonating with an ever-wider audience? - Coreon Du","robots":{"index":"index","follow":"follow","max-snippet":"max-snippet:-1","max-image-preview":"max-image-preview:large","max-video-preview":"max-video-preview:-1"},"canonical":"https:\/\/coreondu.world\/en\/por-que-las-historias-africanas-conectan-cada-vez-con-mas-publico\/","og_locale":"en_GB","og_type":"article","og_title":"\u00bfPor qu\u00e9 las historias africanas conectan cada vez con m\u00e1s p\u00fablico? - Coreon Du","og_description":"Las historias africanas viven un momento de creciente proyecci\u00f3n internacional. El cine, las series, la m\u00fasica y los contenidos digitales producidos desde distintos pa\u00edses del continente est\u00e1n llegando a nuevas audiencias gracias a un contexto en el que existe cada vez m\u00e1s inter\u00e9s por voces, culturas y perspectivas diferentes. Nuevas formas de llegar al p\u00fablico Las plataformas de streaming y las redes sociales han desempe\u00f1ado un papel decisivo en este cambio. Hoy es posible descubrir producciones africanas con mucha m\u00e1s facilidad que hace apenas unos a\u00f1os, permitiendo que creadores y artistas conecten directamente con p\u00fablicos de todo el mundo. Adem\u00e1s, estos canales han reducido las barreras de distribuci\u00f3n y han favorecido que propuestas nacidas en contextos locales alcancen una dimensi\u00f3n internacional. Una pel\u00edcula, una canci\u00f3n o una serie puede difundirse r\u00e1pidamente y generar conversaci\u00f3n m\u00e1s all\u00e1 de sus fronteras. Relatos m\u00e1s aut\u00e9nticos y diversos Esta transformaci\u00f3n tambi\u00e9n responde a un cambio en las preferencias de los espectadores. Existe una mayor demanda de relatos aut\u00e9nticos, capaces de reflejar realidades diversas y alejadas de los estereotipos que durante d\u00e9cadas marcaron la representaci\u00f3n del continente en el audiovisual internacional. A ello se suma el creciente reconocimiento de m\u00fasicos, cineastas, dise\u00f1adores y creadores africanos que est\u00e1n llevando su trabajo a escenarios globales sin renunciar a su identidad cultural. Sus propuestas combinan tradici\u00f3n y modernidad, y conectan con una audiencia cada vez m\u00e1s abierta a descubrir nuevas referencias creativas. En este contexto, las industrias culturales africanas no solo ampl\u00edan su presencia internacional, sino que tambi\u00e9n enriquecen el panorama creativo global. Su crecimiento demuestra que las historias m\u00e1s locales pueden convertirse en universales cuando se cuentan con autenticidad.","og_url":"https:\/\/coreondu.world\/en\/por-que-las-historias-africanas-conectan-cada-vez-con-mas-publico\/","og_site_name":"Coreon Du","article_publisher":"https:\/\/www.facebook.com\/CoreonDuOficial\/","article_published_time":"2026-07-21T09:41:36+00:00","article_modified_time":"2026-07-21T09:42:10+00:00","og_image":[{"width":1732,"height":1732,"url":"https:\/\/coreondu.world\/wp-content\/uploads\/2026\/07\/Diseno-sin-titulo-29.png","type":"image\/png"}],"author":"cdadmin","twitter_card":"summary_large_image","twitter_misc":{"Written by":"cdadmin","Estimated reading time":"2 minutes"},"schema":{"@context":"https:\/\/schema.org","@graph":[{"@type":"Article","@id":"https:\/\/coreondu.world\/por-que-las-historias-africanas-conectan-cada-vez-con-mas-publico\/#article","isPartOf":{"@id":"https:\/\/coreondu.world\/por-que-las-historias-africanas-conectan-cada-vez-con-mas-publico\/"},"author":{"name":"cdadmin","@id":"https:\/\/coreondu.world\/#\/schema\/person\/691e58ff59f3edb49ddce067d4d272f5"},"headline":"\u00bfPor qu\u00e9 las historias africanas conectan cada vez con m\u00e1s p\u00fablico?","datePublished":"2026-07-21T09:41:36+00:00","dateModified":"2026-07-21T09:42:10+00:00","mainEntityOfPage":{"@id":"https:\/\/coreondu.world\/por-que-las-historias-africanas-conectan-cada-vez-con-mas-publico\/"},"wordCount":319,"commentCount":0,"image":{"@id":"https:\/\/coreondu.world\/por-que-las-historias-africanas-conectan-cada-vez-con-mas-publico\/#primaryimage"},"thumbnailUrl":"https:\/\/coreondu.world\/wp-content\/uploads\/2026\/07\/Diseno-sin-titulo-29.png","articleSection":["Its Happening","we d\u00fa"],"inLanguage":"en-GB","potentialAction":[{"@type":"CommentAction","name":"Comment","target":["https:\/\/coreondu.world\/por-que-las-historias-africanas-conectan-cada-vez-con-mas-publico\/#respond"]}]},{"@type":"WebPage","@id":"https:\/\/coreondu.world\/por-que-las-historias-africanas-conectan-cada-vez-con-mas-publico\/","url":"https:\/\/coreondu.world\/por-que-las-historias-africanas-conectan-cada-vez-con-mas-publico\/","name":"Why are African stories resonating with an ever-wider audience? - Coreon Du","isPartOf":{"@id":"https:\/\/coreondu.world\/#website"},"primaryImageOfPage":{"@id":"https:\/\/coreondu.world\/por-que-las-historias-africanas-conectan-cada-vez-con-mas-publico\/#primaryimage"},"image":{"@id":"https:\/\/coreondu.world\/por-que-las-historias-africanas-conectan-cada-vez-con-mas-publico\/#primaryimage"},"thumbnailUrl":"https:\/\/coreondu.world\/wp-content\/uploads\/2026\/07\/Diseno-sin-titulo-29.png","datePublished":"2026-07-21T09:41:36+00:00","dateModified":"2026-07-21T09:42:10+00:00","author":{"@id":"https:\/\/coreondu.world\/#\/schema\/person\/691e58ff59f3edb49ddce067d4d272f5"},"breadcrumb":{"@id":"https:\/\/coreondu.world\/por-que-las-historias-africanas-conectan-cada-vez-con-mas-publico\/#breadcrumb"},"inLanguage":"en-GB","potentialAction":[{"@type":"ReadAction","target":["https:\/\/coreondu.world\/por-que-las-historias-africanas-conectan-cada-vez-con-mas-publico\/"]}]},{"@type":"ImageObject","inLanguage":"en-GB","@id":"https:\/\/coreondu.world\/por-que-las-historias-africanas-conectan-cada-vez-con-mas-publico\/#primaryimage","url":"https:\/\/coreondu.world\/wp-content\/uploads\/2026\/07\/Diseno-sin-titulo-29.png","contentUrl":"https:\/\/coreondu.world\/wp-content\/uploads\/2026\/07\/Diseno-sin-titulo-29.png","width":1732,"height":1732},{"@type":"BreadcrumbList","@id":"https:\/\/coreondu.world\/por-que-las-historias-africanas-conectan-cada-vez-con-mas-publico\/#breadcrumb","itemListElement":[{"@type":"ListItem","position":1,"name":"Portada","item":"https:\/\/coreondu.world\/"},{"@type":"ListItem","position":2,"name":"\u00bfPor qu\u00e9 las historias africanas conectan cada vez con m\u00e1s p\u00fablico?"}]},{"@type":"WebSite","@id":"https:\/\/coreondu.world\/#website","url":"https:\/\/coreondu.world\/","name":"Cor\u00e9on D\u00fa","description":"","potentialAction":[{"@type":"SearchAction","target":{"@type":"EntryPoint","urlTemplate":"https:\/\/coreondu.world\/?s={search_term_string}"},"query-input":{"@type":"PropertyValueSpecification","valueRequired":true,"valueName":"search_term_string"}}],"inLanguage":"en-GB"},{"@type":"Person","@id":"https:\/\/coreondu.world\/#\/schema\/person\/691e58ff59f3edb49ddce067d4d272f5","name":"cdadmin","image":{"@type":"ImageObject","inLanguage":"en-GB","@id":"https:\/\/secure.gravatar.com\/avatar\/d78fbbfcc030af99a10288dbd9023b6010c263d71a385d314c112637d766131c?s=96&d=mm&r=g","url":"https:\/\/secure.gravatar.com\/avatar\/d78fbbfcc030af99a10288dbd9023b6010c263d71a385d314c112637d766131c?s=96&d=mm&r=g","contentUrl":"https:\/\/secure.gravatar.com\/avatar\/d78fbbfcc030af99a10288dbd9023b6010c263d71a385d314c112637d766131c?s=96&d=mm&r=g","caption":"cdadmin"},"sameAs":["https:\/\/coreondu.world"]}]}},"_links":{"self":[{"href":"https:\/\/coreondu.world\/en\/wp-json\/wp\/v2\/posts\/1666","targetHints":{"allow":["GET"]}}],"collection":[{"href":"https:\/\/coreondu.world\/en\/wp-json\/wp\/v2\/posts"}],"about":[{"href":"https:\/\/coreondu.world\/en\/wp-json\/wp\/v2\/types\/post"}],"author":[{"embeddable":true,"href":"https:\/\/coreondu.world\/en\/wp-json\/wp\/v2\/users\/1"}],"replies":[{"embeddable":true,"href":"https:\/\/coreondu.world\/en\/wp-json\/wp\/v2\/comments?post=1666"}],"version-history":[{"count":1,"href":"https:\/\/coreondu.world\/en\/wp-json\/wp\/v2\/posts\/1666\/revisions"}],"predecessor-version":[{"id":1668,"href":"https:\/\/coreondu.world\/en\/wp-json\/wp\/v2\/posts\/1666\/revisions\/1668"}],"wp:featuredmedia":[{"embeddable":true,"href":"https:\/\/coreondu.world\/en\/wp-json\/wp\/v2\/media\/1667"}],"wp:attachment":[{"href":"https:\/\/coreondu.world\/en\/wp-json\/wp\/v2\/media?parent=1666"}],"wp:term":[{"taxonomy":"category","embeddable":true,"href":"https:\/\/coreondu.world\/en\/wp-json\/wp\/v2\/categories?post=1666"},{"taxonomy":"post_tag","embeddable":true,"href":"https:\/\/coreondu.world\/en\/wp-json\/wp\/v2\/tags?post=1666"}],"curies":[{"name":"wp","href":"https:\/\/api.w.org\/{rel}","templated":true}]}}