{"id":1375,"date":"2025-06-12T16:23:00","date_gmt":"2025-06-12T14:23:00","guid":{"rendered":"https:\/\/coreondu.world\/?p=1375"},"modified":"2025-06-12T16:23:01","modified_gmt":"2025-06-12T14:23:01","slug":"african-beauty-seleccion-oficial-en-el-san-francisco-black-film-festival-2025","status":"publish","type":"post","link":"https:\/\/coreondu.world\/en\/african-beauty-seleccion-oficial-en-el-san-francisco-black-film-festival-2025\/","title":{"rendered":"\"African Beauty\" official selection at the San Francisco Black Film Festival 2025"},"content":{"rendered":"<p>The documentary <a href=\"https:\/\/coreondu.world\/en\/african-beauty-celebracion-belleza-industrias-creativas\/\"><em>African Beauty<\/em><\/a> has been officially selected for the <strong>San Francisco Black Film Festival (SFBFF)<\/strong>which will be held from <strong>19 to 22 June 2025<\/strong>. This inclusion highlights the growing international relevance of the work, which has already attracted attention at several renowned festivals.<\/p>\n\n\n\n<h2 class=\"wp-block-heading\"><strong>A tour of international festivals<\/strong><\/h2>\n\n\n\n<p><em>African Beauty<\/em> has had an outstanding presence in several international festivals:<\/p>\n\n\n\n<ul class=\"wp-block-list\">\n<li><strong>FESTin 2025<\/strong>The documentary was presented at the Portuguese Language Travelling Film Festival in Lisbon, which took place from 2 to 9 June 2025.<\/li>\n\n\n\n<li><strong>Moritz Feed Dog 2025<\/strong>: In March, <em>African Beauty<\/em> was screened at the Barcelona Fashion Documentary Film Festival, which took place from 19 to 23 March 2025.<\/li>\n\n\n\n<li><strong>AFRIFF 2024<\/strong>The documentary was part of the official selection of the Africa International Film Festival in Lagos, Nigeria, held from 3 to 9 November 2024.<\/li>\n\n\n\n<li><strong>British Urban Film Festival (BUFF) 2024<\/strong>: <em>African Beauty<\/em> was screened at the London Film Festival in October 2024, a platform recognised for qualifying for the BAFTA awards.<\/li>\n<\/ul>\n\n\n\n<h2 class=\"wp-block-heading\"><strong>Exploring contemporary African aesthetics<\/strong><\/h2>\n\n\n\n<p>Directed by Cor\u00e9on D\u00fa, <em>African Beauty<\/em> offers an in-depth look at contemporary African aesthetics. Through interviews with more than 30 creatives, the documentary examines the challenges, nuances and stereotypes faced by African artists, as well as the appropriation of their talent by Western gazes.<\/p>\n\n\n\n<h2 class=\"wp-block-heading\"><strong>A legacy at the San Francisco Black Film Festival<\/strong><\/h2>\n\n\n\n<p>The selection of <em>African Beauty<\/em> for SFBFF 2025 continues the legacy of Angolan productions at this festival. In 2015, <a href=\"https:\/\/www.laprovincia.es\/con-estilo\/2016\/02\/03\/mil-caras-coreon-du-9980747.html\"><em>Njinga: Queen of Angola<\/em><\/a>starring Lesliana Pereira and produced by Cor\u00e9on D\u00fa, was also part of the official selection, highlighting the richness of African cinema on international stages.<\/p>\n\n\n\n<h2 class=\"wp-block-heading\"><strong>About the San Francisco Black Film Festival<\/strong><\/h2>\n\n\n\n<p>Founded in 1998, the <a href=\"https:\/\/www.sfbff.org\/\">San Francisco Black Film Festival<\/a> celebrates African American and African Diaspora cinema, providing a platform for diverse narratives and fostering cultural dialogue through the seventh art.<\/p>\n\n\n\n<p>The inclusion of <em>African Beauty<\/em> in the 2025 edition reinforces its position as a significant work in the exploration of African identity and aesthetics, and suggests a growing global appreciation for these narratives.<\/p>\n\n\n\n<p><\/p>","protected":false},"excerpt":{"rendered":"<p>El documental African Beauty ha sido seleccionado oficialmente para el San Francisco Black Film Festival (SFBFF), que se celebrar\u00e1 del 19 al 22 de junio de 2025. Esta inclusi\u00f3n destaca la creciente relevancia internacional de la obra, que ya ha captado la atenci\u00f3n en diversos festivales de renombre. Un recorrido por festivales internacionales African Beauty ha tenido una destacada presencia en varios festivales internacionales: Explorando la est\u00e9tica africana contempor\u00e1nea Dirigido por Cor\u00e9on D\u00fa, African Beauty ofrece una mirada profunda a la est\u00e9tica africana contempor\u00e1nea. A trav\u00e9s de entrevistas con m\u00e1s de 30 creativos, el documental examina los desaf\u00edos, matices y estereotipos que enfrentan los artistas africanos, as\u00ed como la apropiaci\u00f3n de su talento por parte de miradas occidentales. Un legado en el San Francisco Black Film Festival La selecci\u00f3n de African Beauty para el SFBFF 2025 contin\u00faa el legado de producciones angole\u00f1as en este festival. En 2015, Njinga: Queen of Angola, protagonizada por Lesliana Pereira y producida por Cor\u00e9on D\u00fa, tambi\u00e9n fue parte de la selecci\u00f3n oficial, destacando la riqueza del cine africano en escenarios internacionales. Sobre el San Francisco Black Film Festival Fundado en 1998, el San Francisco Black Film Festival celebra el cine afroamericano y de la di\u00e1spora africana, ofreciendo una plataforma para narrativas diversas y fomentando el di\u00e1logo cultural a trav\u00e9s del s\u00e9ptimo arte. La inclusi\u00f3n de African Beauty en la edici\u00f3n de 2025 refuerza su posici\u00f3n como una obra significativa en la exploraci\u00f3n de la identidad y est\u00e9tica africanas, y sugiere una creciente apreciaci\u00f3n global por estas narrativas.<\/p>","protected":false},"author":2,"featured_media":1376,"comment_status":"open","ping_status":"open","sticky":false,"template":"","format":"standard","meta":{"footnotes":""},"categories":[9],"tags":[30,31,22],"class_list":["post-1375","post","type-post","status-publish","format-standard","has-post-thumbnail","hentry","category-i-du","tag-africa","tag-cine","tag-produccion"],"yoast_head":"<!-- This site is optimized with the Yoast SEO plugin v27.1.1 - https:\/\/yoast.com\/product\/yoast-seo-wordpress\/ -->\n<title>\u201cAfrican Beauty\u201d selecci\u00f3n oficial en el San Francisco Black Film Festival 2025 - Coreon Du<\/title>\n<meta name=\"robots\" content=\"index, follow, max-snippet:-1, max-image-preview:large, max-video-preview:-1\" \/>\n<link rel=\"canonical\" href=\"https:\/\/coreondu.world\/en\/african-beauty-seleccion-oficial-en-el-san-francisco-black-film-festival-2025\/\" \/>\n<meta property=\"og:locale\" content=\"en_GB\" \/>\n<meta property=\"og:type\" content=\"article\" \/>\n<meta property=\"og:title\" content=\"\u201cAfrican Beauty\u201d selecci\u00f3n oficial en el San Francisco Black Film Festival 2025 - Coreon Du\" \/>\n<meta property=\"og:description\" content=\"El documental African Beauty ha sido seleccionado oficialmente para el San Francisco Black Film Festival (SFBFF), que se celebrar\u00e1 del 19 al 22 de junio de 2025. Esta inclusi\u00f3n destaca la creciente relevancia internacional de la obra, que ya ha captado la atenci\u00f3n en diversos festivales de renombre. Un recorrido por festivales internacionales African Beauty ha tenido una destacada presencia en varios festivales internacionales: Explorando la est\u00e9tica africana contempor\u00e1nea Dirigido por Cor\u00e9on D\u00fa, African Beauty ofrece una mirada profunda a la est\u00e9tica africana contempor\u00e1nea. A trav\u00e9s de entrevistas con m\u00e1s de 30 creativos, el documental examina los desaf\u00edos, matices y estereotipos que enfrentan los artistas africanos, as\u00ed como la apropiaci\u00f3n de su talento por parte de miradas occidentales. Un legado en el San Francisco Black Film Festival La selecci\u00f3n de African Beauty para el SFBFF 2025 contin\u00faa el legado de producciones angole\u00f1as en este festival. En 2015, Njinga: Queen of Angola, protagonizada por Lesliana Pereira y producida por Cor\u00e9on D\u00fa, tambi\u00e9n fue parte de la selecci\u00f3n oficial, destacando la riqueza del cine africano en escenarios internacionales. Sobre el San Francisco Black Film Festival Fundado en 1998, el San Francisco Black Film Festival celebra el cine afroamericano y de la di\u00e1spora africana, ofreciendo una plataforma para narrativas diversas y fomentando el di\u00e1logo cultural a trav\u00e9s del s\u00e9ptimo arte. La inclusi\u00f3n de African Beauty en la edici\u00f3n de 2025 refuerza su posici\u00f3n como una obra significativa en la exploraci\u00f3n de la identidad y est\u00e9tica africanas, y sugiere una creciente apreciaci\u00f3n global por estas narrativas.\" \/>\n<meta property=\"og:url\" content=\"https:\/\/coreondu.world\/en\/african-beauty-seleccion-oficial-en-el-san-francisco-black-film-festival-2025\/\" \/>\n<meta property=\"og:site_name\" content=\"Coreon Du\" \/>\n<meta property=\"article:publisher\" content=\"https:\/\/www.facebook.com\/CoreonDuOficial\/\" \/>\n<meta property=\"article:published_time\" content=\"2025-06-12T14:23:00+00:00\" \/>\n<meta property=\"article:modified_time\" content=\"2025-06-12T14:23:01+00:00\" \/>\n<meta property=\"og:image\" content=\"https:\/\/coreondu.world\/wp-content\/uploads\/2025\/06\/Diseno-sin-titulo-21.png\" \/>\n\t<meta property=\"og:image:width\" content=\"500\" \/>\n\t<meta property=\"og:image:height\" content=\"500\" \/>\n\t<meta property=\"og:image:type\" content=\"image\/png\" \/>\n<meta name=\"author\" content=\"migracion\" \/>\n<meta name=\"twitter:card\" content=\"summary_large_image\" \/>\n<meta name=\"twitter:label1\" content=\"Written by\" \/>\n\t<meta name=\"twitter:data1\" content=\"migracion\" \/>\n\t<meta name=\"twitter:label2\" content=\"Estimated reading time\" \/>\n\t<meta name=\"twitter:data2\" content=\"2 minutes\" \/>\n<script type=\"application\/ld+json\" class=\"yoast-schema-graph\">{\"@context\":\"https:\/\/schema.org\",\"@graph\":[{\"@type\":\"Article\",\"@id\":\"https:\/\/coreondu.world\/african-beauty-seleccion-oficial-en-el-san-francisco-black-film-festival-2025\/#article\",\"isPartOf\":{\"@id\":\"https:\/\/coreondu.world\/african-beauty-seleccion-oficial-en-el-san-francisco-black-film-festival-2025\/\"},\"author\":{\"name\":\"migracion\",\"@id\":\"https:\/\/coreondu.world\/#\/schema\/person\/d8a560761df497646fe0e605ac2ad4fa\"},\"headline\":\"\u201cAfrican Beauty\u201d selecci\u00f3n oficial en el San Francisco Black Film Festival 2025\",\"datePublished\":\"2025-06-12T14:23:00+00:00\",\"dateModified\":\"2025-06-12T14:23:01+00:00\",\"mainEntityOfPage\":{\"@id\":\"https:\/\/coreondu.world\/african-beauty-seleccion-oficial-en-el-san-francisco-black-film-festival-2025\/\"},\"wordCount\":388,\"commentCount\":0,\"image\":{\"@id\":\"https:\/\/coreondu.world\/african-beauty-seleccion-oficial-en-el-san-francisco-black-film-festival-2025\/#primaryimage\"},\"thumbnailUrl\":\"https:\/\/coreondu.world\/wp-content\/uploads\/2025\/06\/Diseno-sin-titulo-21.png\",\"keywords\":[\"africa\",\"cine\",\"produccion\"],\"articleSection\":[\"i d\u00fa\"],\"inLanguage\":\"en-GB\",\"potentialAction\":[{\"@type\":\"CommentAction\",\"name\":\"Comment\",\"target\":[\"https:\/\/coreondu.world\/african-beauty-seleccion-oficial-en-el-san-francisco-black-film-festival-2025\/#respond\"]}]},{\"@type\":\"WebPage\",\"@id\":\"https:\/\/coreondu.world\/african-beauty-seleccion-oficial-en-el-san-francisco-black-film-festival-2025\/\",\"url\":\"https:\/\/coreondu.world\/african-beauty-seleccion-oficial-en-el-san-francisco-black-film-festival-2025\/\",\"name\":\"\u201cAfrican Beauty\u201d selecci\u00f3n oficial en el San Francisco Black Film Festival 2025 - Coreon Du\",\"isPartOf\":{\"@id\":\"https:\/\/coreondu.world\/#website\"},\"primaryImageOfPage\":{\"@id\":\"https:\/\/coreondu.world\/african-beauty-seleccion-oficial-en-el-san-francisco-black-film-festival-2025\/#primaryimage\"},\"image\":{\"@id\":\"https:\/\/coreondu.world\/african-beauty-seleccion-oficial-en-el-san-francisco-black-film-festival-2025\/#primaryimage\"},\"thumbnailUrl\":\"https:\/\/coreondu.world\/wp-content\/uploads\/2025\/06\/Diseno-sin-titulo-21.png\",\"datePublished\":\"2025-06-12T14:23:00+00:00\",\"dateModified\":\"2025-06-12T14:23:01+00:00\",\"author\":{\"@id\":\"https:\/\/coreondu.world\/#\/schema\/person\/d8a560761df497646fe0e605ac2ad4fa\"},\"breadcrumb\":{\"@id\":\"https:\/\/coreondu.world\/african-beauty-seleccion-oficial-en-el-san-francisco-black-film-festival-2025\/#breadcrumb\"},\"inLanguage\":\"en-GB\",\"potentialAction\":[{\"@type\":\"ReadAction\",\"target\":[\"https:\/\/coreondu.world\/african-beauty-seleccion-oficial-en-el-san-francisco-black-film-festival-2025\/\"]}]},{\"@type\":\"ImageObject\",\"inLanguage\":\"en-GB\",\"@id\":\"https:\/\/coreondu.world\/african-beauty-seleccion-oficial-en-el-san-francisco-black-film-festival-2025\/#primaryimage\",\"url\":\"https:\/\/coreondu.world\/wp-content\/uploads\/2025\/06\/Diseno-sin-titulo-21.png\",\"contentUrl\":\"https:\/\/coreondu.world\/wp-content\/uploads\/2025\/06\/Diseno-sin-titulo-21.png\",\"width\":500,\"height\":500,\"caption\":\"coreon du, african beauty, cine, cine africano\"},{\"@type\":\"BreadcrumbList\",\"@id\":\"https:\/\/coreondu.world\/african-beauty-seleccion-oficial-en-el-san-francisco-black-film-festival-2025\/#breadcrumb\",\"itemListElement\":[{\"@type\":\"ListItem\",\"position\":1,\"name\":\"Portada\",\"item\":\"https:\/\/coreondu.world\/\"},{\"@type\":\"ListItem\",\"position\":2,\"name\":\"\u201cAfrican Beauty\u201d selecci\u00f3n oficial en el San Francisco Black Film Festival 2025\"}]},{\"@type\":\"WebSite\",\"@id\":\"https:\/\/coreondu.world\/#website\",\"url\":\"https:\/\/coreondu.world\/\",\"name\":\"Cor\u00e9on D\u00fa\",\"description\":\"\",\"potentialAction\":[{\"@type\":\"SearchAction\",\"target\":{\"@type\":\"EntryPoint\",\"urlTemplate\":\"https:\/\/coreondu.world\/?s={search_term_string}\"},\"query-input\":{\"@type\":\"PropertyValueSpecification\",\"valueRequired\":true,\"valueName\":\"search_term_string\"}}],\"inLanguage\":\"en-GB\"},{\"@type\":\"Person\",\"@id\":\"https:\/\/coreondu.world\/#\/schema\/person\/d8a560761df497646fe0e605ac2ad4fa\",\"name\":\"migracion\",\"image\":{\"@type\":\"ImageObject\",\"inLanguage\":\"en-GB\",\"@id\":\"https:\/\/coreondu.world\/#\/schema\/person\/image\/\",\"url\":\"https:\/\/secure.gravatar.com\/avatar\/7748b659d7bf7331a213b118c72a1305f9e6c61e76b2999647f0f6b5d422402e?s=96&d=mm&r=g\",\"contentUrl\":\"https:\/\/secure.gravatar.com\/avatar\/7748b659d7bf7331a213b118c72a1305f9e6c61e76b2999647f0f6b5d422402e?s=96&d=mm&r=g\",\"caption\":\"migracion\"}}]}<\/script>\n<!-- \/ Yoast SEO plugin. -->","yoast_head_json":{"title":"\u201cAfrican Beauty\u201d selecci\u00f3n oficial en el San Francisco Black Film Festival 2025 - Coreon Du","robots":{"index":"index","follow":"follow","max-snippet":"max-snippet:-1","max-image-preview":"max-image-preview:large","max-video-preview":"max-video-preview:-1"},"canonical":"https:\/\/coreondu.world\/en\/african-beauty-seleccion-oficial-en-el-san-francisco-black-film-festival-2025\/","og_locale":"en_GB","og_type":"article","og_title":"\u201cAfrican Beauty\u201d selecci\u00f3n oficial en el San Francisco Black Film Festival 2025 - Coreon Du","og_description":"El documental African Beauty ha sido seleccionado oficialmente para el San Francisco Black Film Festival (SFBFF), que se celebrar\u00e1 del 19 al 22 de junio de 2025. Esta inclusi\u00f3n destaca la creciente relevancia internacional de la obra, que ya ha captado la atenci\u00f3n en diversos festivales de renombre. Un recorrido por festivales internacionales African Beauty ha tenido una destacada presencia en varios festivales internacionales: Explorando la est\u00e9tica africana contempor\u00e1nea Dirigido por Cor\u00e9on D\u00fa, African Beauty ofrece una mirada profunda a la est\u00e9tica africana contempor\u00e1nea. A trav\u00e9s de entrevistas con m\u00e1s de 30 creativos, el documental examina los desaf\u00edos, matices y estereotipos que enfrentan los artistas africanos, as\u00ed como la apropiaci\u00f3n de su talento por parte de miradas occidentales. Un legado en el San Francisco Black Film Festival La selecci\u00f3n de African Beauty para el SFBFF 2025 contin\u00faa el legado de producciones angole\u00f1as en este festival. En 2015, Njinga: Queen of Angola, protagonizada por Lesliana Pereira y producida por Cor\u00e9on D\u00fa, tambi\u00e9n fue parte de la selecci\u00f3n oficial, destacando la riqueza del cine africano en escenarios internacionales. Sobre el San Francisco Black Film Festival Fundado en 1998, el San Francisco Black Film Festival celebra el cine afroamericano y de la di\u00e1spora africana, ofreciendo una plataforma para narrativas diversas y fomentando el di\u00e1logo cultural a trav\u00e9s del s\u00e9ptimo arte. La inclusi\u00f3n de African Beauty en la edici\u00f3n de 2025 refuerza su posici\u00f3n como una obra significativa en la exploraci\u00f3n de la identidad y est\u00e9tica africanas, y sugiere una creciente apreciaci\u00f3n global por estas narrativas.","og_url":"https:\/\/coreondu.world\/en\/african-beauty-seleccion-oficial-en-el-san-francisco-black-film-festival-2025\/","og_site_name":"Coreon Du","article_publisher":"https:\/\/www.facebook.com\/CoreonDuOficial\/","article_published_time":"2025-06-12T14:23:00+00:00","article_modified_time":"2025-06-12T14:23:01+00:00","og_image":[{"width":500,"height":500,"url":"https:\/\/coreondu.world\/wp-content\/uploads\/2025\/06\/Diseno-sin-titulo-21.png","type":"image\/png"}],"author":"migracion","twitter_card":"summary_large_image","twitter_misc":{"Written by":"migracion","Estimated reading time":"2 minutes"},"schema":{"@context":"https:\/\/schema.org","@graph":[{"@type":"Article","@id":"https:\/\/coreondu.world\/african-beauty-seleccion-oficial-en-el-san-francisco-black-film-festival-2025\/#article","isPartOf":{"@id":"https:\/\/coreondu.world\/african-beauty-seleccion-oficial-en-el-san-francisco-black-film-festival-2025\/"},"author":{"name":"migracion","@id":"https:\/\/coreondu.world\/#\/schema\/person\/d8a560761df497646fe0e605ac2ad4fa"},"headline":"\u201cAfrican Beauty\u201d selecci\u00f3n oficial en el San Francisco Black Film Festival 2025","datePublished":"2025-06-12T14:23:00+00:00","dateModified":"2025-06-12T14:23:01+00:00","mainEntityOfPage":{"@id":"https:\/\/coreondu.world\/african-beauty-seleccion-oficial-en-el-san-francisco-black-film-festival-2025\/"},"wordCount":388,"commentCount":0,"image":{"@id":"https:\/\/coreondu.world\/african-beauty-seleccion-oficial-en-el-san-francisco-black-film-festival-2025\/#primaryimage"},"thumbnailUrl":"https:\/\/coreondu.world\/wp-content\/uploads\/2025\/06\/Diseno-sin-titulo-21.png","keywords":["africa","cine","produccion"],"articleSection":["i d\u00fa"],"inLanguage":"en-GB","potentialAction":[{"@type":"CommentAction","name":"Comment","target":["https:\/\/coreondu.world\/african-beauty-seleccion-oficial-en-el-san-francisco-black-film-festival-2025\/#respond"]}]},{"@type":"WebPage","@id":"https:\/\/coreondu.world\/african-beauty-seleccion-oficial-en-el-san-francisco-black-film-festival-2025\/","url":"https:\/\/coreondu.world\/african-beauty-seleccion-oficial-en-el-san-francisco-black-film-festival-2025\/","name":"\u201cAfrican Beauty\u201d selecci\u00f3n oficial en el San Francisco Black Film Festival 2025 - Coreon Du","isPartOf":{"@id":"https:\/\/coreondu.world\/#website"},"primaryImageOfPage":{"@id":"https:\/\/coreondu.world\/african-beauty-seleccion-oficial-en-el-san-francisco-black-film-festival-2025\/#primaryimage"},"image":{"@id":"https:\/\/coreondu.world\/african-beauty-seleccion-oficial-en-el-san-francisco-black-film-festival-2025\/#primaryimage"},"thumbnailUrl":"https:\/\/coreondu.world\/wp-content\/uploads\/2025\/06\/Diseno-sin-titulo-21.png","datePublished":"2025-06-12T14:23:00+00:00","dateModified":"2025-06-12T14:23:01+00:00","author":{"@id":"https:\/\/coreondu.world\/#\/schema\/person\/d8a560761df497646fe0e605ac2ad4fa"},"breadcrumb":{"@id":"https:\/\/coreondu.world\/african-beauty-seleccion-oficial-en-el-san-francisco-black-film-festival-2025\/#breadcrumb"},"inLanguage":"en-GB","potentialAction":[{"@type":"ReadAction","target":["https:\/\/coreondu.world\/african-beauty-seleccion-oficial-en-el-san-francisco-black-film-festival-2025\/"]}]},{"@type":"ImageObject","inLanguage":"en-GB","@id":"https:\/\/coreondu.world\/african-beauty-seleccion-oficial-en-el-san-francisco-black-film-festival-2025\/#primaryimage","url":"https:\/\/coreondu.world\/wp-content\/uploads\/2025\/06\/Diseno-sin-titulo-21.png","contentUrl":"https:\/\/coreondu.world\/wp-content\/uploads\/2025\/06\/Diseno-sin-titulo-21.png","width":500,"height":500,"caption":"coreon du, african beauty, cine, cine africano"},{"@type":"BreadcrumbList","@id":"https:\/\/coreondu.world\/african-beauty-seleccion-oficial-en-el-san-francisco-black-film-festival-2025\/#breadcrumb","itemListElement":[{"@type":"ListItem","position":1,"name":"Portada","item":"https:\/\/coreondu.world\/"},{"@type":"ListItem","position":2,"name":"\u201cAfrican Beauty\u201d selecci\u00f3n oficial en el San Francisco Black Film Festival 2025"}]},{"@type":"WebSite","@id":"https:\/\/coreondu.world\/#website","url":"https:\/\/coreondu.world\/","name":"Cor\u00e9on D\u00fa","description":"","potentialAction":[{"@type":"SearchAction","target":{"@type":"EntryPoint","urlTemplate":"https:\/\/coreondu.world\/?s={search_term_string}"},"query-input":{"@type":"PropertyValueSpecification","valueRequired":true,"valueName":"search_term_string"}}],"inLanguage":"en-GB"},{"@type":"Person","@id":"https:\/\/coreondu.world\/#\/schema\/person\/d8a560761df497646fe0e605ac2ad4fa","name":"migracion","image":{"@type":"ImageObject","inLanguage":"en-GB","@id":"https:\/\/coreondu.world\/#\/schema\/person\/image\/","url":"https:\/\/secure.gravatar.com\/avatar\/7748b659d7bf7331a213b118c72a1305f9e6c61e76b2999647f0f6b5d422402e?s=96&d=mm&r=g","contentUrl":"https:\/\/secure.gravatar.com\/avatar\/7748b659d7bf7331a213b118c72a1305f9e6c61e76b2999647f0f6b5d422402e?s=96&d=mm&r=g","caption":"migracion"}}]}},"_links":{"self":[{"href":"https:\/\/coreondu.world\/en\/wp-json\/wp\/v2\/posts\/1375","targetHints":{"allow":["GET"]}}],"collection":[{"href":"https:\/\/coreondu.world\/en\/wp-json\/wp\/v2\/posts"}],"about":[{"href":"https:\/\/coreondu.world\/en\/wp-json\/wp\/v2\/types\/post"}],"author":[{"embeddable":true,"href":"https:\/\/coreondu.world\/en\/wp-json\/wp\/v2\/users\/2"}],"replies":[{"embeddable":true,"href":"https:\/\/coreondu.world\/en\/wp-json\/wp\/v2\/comments?post=1375"}],"version-history":[{"count":1,"href":"https:\/\/coreondu.world\/en\/wp-json\/wp\/v2\/posts\/1375\/revisions"}],"predecessor-version":[{"id":1377,"href":"https:\/\/coreondu.world\/en\/wp-json\/wp\/v2\/posts\/1375\/revisions\/1377"}],"wp:featuredmedia":[{"embeddable":true,"href":"https:\/\/coreondu.world\/en\/wp-json\/wp\/v2\/media\/1376"}],"wp:attachment":[{"href":"https:\/\/coreondu.world\/en\/wp-json\/wp\/v2\/media?parent=1375"}],"wp:term":[{"taxonomy":"category","embeddable":true,"href":"https:\/\/coreondu.world\/en\/wp-json\/wp\/v2\/categories?post=1375"},{"taxonomy":"post_tag","embeddable":true,"href":"https:\/\/coreondu.world\/en\/wp-json\/wp\/v2\/tags?post=1375"}],"curies":[{"name":"wp","href":"https:\/\/api.w.org\/{rel}","templated":true}]}}