{"id":1367,"date":"2025-06-06T13:20:52","date_gmt":"2025-06-06T11:20:52","guid":{"rendered":"https:\/\/coreondu.world\/?p=1367"},"modified":"2025-06-06T13:20:54","modified_gmt":"2025-06-06T11:20:54","slug":"convocatoria-abierta-kultura-con-2025","status":"publish","type":"post","link":"https:\/\/coreondu.world\/en\/convocatoria-abierta-kultura-con-2025\/","title":{"rendered":"Open call for Kultura Con 2025: an invitation to create from diversity"},"content":{"rendered":"<p>The festival <a href=\"https:\/\/www.kulturacon.com\/\"><strong>KULTURA WITH<\/strong><\/a> returns in its 2025 edition with a <a href=\"https:\/\/www.imcine.gob.mx\/Pagina\/Convocatoria?uid=3144bec6-4dda-49c5-9bb6-17c85270e117\">new call for applications<\/a> open to artists, creators and collectives from all over the world. The event will take place at the <strong>Mexico City<\/strong>between the <strong>31 August and 28 September<\/strong>and will bring together cultural proposals that dialogue with the present from multiple languages and perspectives.<\/p>\n\n\n\n<h2 class=\"wp-block-heading\"><strong>A festival to think and transform collectively<\/strong><\/h2>\n\n\n\n<p>KULTURA CON is defined as a <a href=\"https:\/\/filmfreeway.com\/KulturaCon\"><strong>multidisciplinary festival<\/strong><\/a> which celebrates cultural diversity from the global south, with an intersectional, inclusive and contemporary approach. Its programming seeks to generate a meeting space where art, thought, community experience and creative action intertwine in a living ecosystem.<\/p>\n\n\n\n<p>Through talks, film, dance, visual art, design, performance and workshops, KULTURA CON proposes a platform for imagining new futures, making visible under-represented narratives and building bridges between identities, territories and ways of life.<\/p>\n\n\n\n<p>In this <a href=\"https:\/\/periodistasunidos.com.mx\/nacional\/cultura-y-espectaculos\/kultura-con-2025-lanza-convocatoria-para-su-tercera-edicion-en-la-ciudad-de-mexico\/\">third edition<\/a>The festival reaffirms its commitment to collaborative creation and critical reflection on the cultural, social and political challenges of our time.<\/p>\n\n\n\n<h2 class=\"wp-block-heading\"><strong>Thematic axes<\/strong><\/h2>\n\n\n\n<p>The proposals submitted must be linked to one of the five thematic axes that guide the programming of this edition:<\/p>\n\n\n\n<ul class=\"wp-block-list\">\n<li><strong>Cultural hybridisation and new identities<\/strong>Projects that explore how identities transform, collide or dialogue in an interconnected world.<\/li>\n\n\n\n<li><strong>The era of \"care<\/strong>Works that address care as an essential practice - of the planet, of communities, of the body, of the everyday - not as a trend, but as a political and emotional act.<\/li>\n\n\n\n<li><strong>Emotional economy<\/strong>Artistic reflections on the influence of digital consumption, algorithms and technology on our emotions, relationships and personal narratives.<\/li>\n\n\n\n<li><strong>Contemporary resilience<\/strong>Cultural manifestations that document, sustain or celebrate processes of resistance, transformation and memory, both local and global.<\/li>\n\n\n\n<li><strong>Common futures<\/strong>Imaginaries that propose alternative forms of coexistence, experimental languages and emerging structures for inhabiting a liquid world.<\/li>\n<\/ul>\n\n\n\n<h2 class=\"wp-block-heading\"><strong>Who can participate?<\/strong><\/h2>\n\n\n\n<p>The call is open to people over 18 years of age - of any nationality or gender identity - who wish to submit proposals in one or more categories. Individual creators, collectives or interdisciplinary teams can apply.<\/p>\n\n\n\n<p>Participation is <strong>free<\/strong>The projects can be either face-to-face or digital, depending on the requirements of the proposal.<\/p>\n\n\n\n<h2 class=\"wp-block-heading\"><strong>Important dates<\/strong><\/h2>\n\n\n\n<ul class=\"wp-block-list\">\n<li><strong>Opening of the call for applications<\/strong>19 May 2025<\/li>\n\n\n\n<li><strong>Closing of the call for applications<\/strong>21 June 2025<\/li>\n\n\n\n<li><strong>Announcement of selected candidates<\/strong>From 15 July 2025<\/li>\n\n\n\n<li><strong>Festival<\/strong>: From 31 August to 28 September 2025<\/li>\n<\/ul>\n\n\n\n<h2 class=\"wp-block-heading\"><strong>Selection process<\/strong><\/h2>\n\n\n\n<p>The academic team will review all applications in two phases. First, an individual evaluation will be carried out by each member of the committee. Afterwards, a collective discussion will take place to define the <strong>official selection 2025<\/strong>.<\/p>\n\n\n\n<p>Selected participants will be notified by email. Virtual group meetings will also be convened to resolve doubts and coordinate logistical aspects.<\/p>\n\n\n\n<h2 class=\"wp-block-heading\"><strong>Conditions for participation<\/strong><\/h2>\n\n\n\n<p>KULTURA CON does not cover the costs of transport, accommodation and food. Selected participants will be responsible for these expenses in case their physical presence in Mexico City is necessary.<\/p>\n\n\n\n<p>However, the festival is committed to offering a space for visibility, exchange and dissemination to new audiences, media and cultural networks. The platform allows the participating proposals to dialogue with a wide and diverse audience, both local and international.<\/p>\n\n\n\n<h2 class=\"wp-block-heading\"><strong>Use of materials<\/strong><\/h2>\n\n\n\n<p>By submitting a proposal, you authorise the use of the material sent (images, videos, texts, etc.) exclusively for the purpose of disseminating and promoting the festival. Authorship credits will always be respected.<\/p>\n\n\n\n<h2 class=\"wp-block-heading\"><strong>A call to imagine collectively<\/strong><\/h2>\n\n\n\n<p><a href=\"https:\/\/www.instagram.com\/kulturacon\/\">KULTURA WITH 2025<\/a> seeks to be part of a cultural movement that does not limit itself to showing, but proposes, connects, mobilises and transforms. The call is an open invitation to those who believe in the power of art and thought as engines of change.<\/p>","protected":false},"excerpt":{"rendered":"<p>El festival KULTURA CON regresa en su edici\u00f3n 2025 con una nueva convocatoria abierta a artistas, creadorxs y colectivos de todo el mundo. La cita se llevar\u00e1 a cabo en la Ciudad de M\u00e9xico, entre el 31 de agosto y el 28 de septiembre, y reunir\u00e1 propuestas culturales que dialoguen con el presente desde m\u00faltiples lenguajes y perspectivas. Un festival para pensar y transformar colectivamente KULTURA CON se define como un festival multidisciplinario que celebra la diversidad cultural desde el sur global, con un enfoque interseccional, inclusivo y contempor\u00e1neo. Su programaci\u00f3n busca generar un espacio de encuentro donde el arte, el pensamiento, la experiencia comunitaria y la acci\u00f3n creativa se entrelacen en un ecosistema vivo. A trav\u00e9s de charlas, cine, danza, arte visual, dise\u00f1o, performance y talleres, KULTURA CON propone una plataforma para imaginar nuevos futuros, visibilizar narrativas poco representadas y construir puentes entre identidades, territorios y formas de vida. En esta tercera edici\u00f3n, el festival reafirma su compromiso con la creaci\u00f3n colaborativa y la reflexi\u00f3n cr\u00edtica sobre los desaf\u00edos culturales, sociales y pol\u00edticos de nuestra \u00e9poca. Ejes tem\u00e1ticos Las propuestas enviadas deben vincularse con alguno de los cinco ejes tem\u00e1ticos que gu\u00edan la programaci\u00f3n de esta edici\u00f3n: \u00bfQui\u00e9nes pueden participar? La convocatoria est\u00e1 dirigida a personas mayores de 18 a\u00f1os \u2014de cualquier nacionalidad o identidad de g\u00e9nero\u2014 que deseen presentar propuestas en una o m\u00e1s categor\u00edas. Pueden postular creadores individuales, colectivos o equipos interdisciplinarios. La participaci\u00f3n es gratuita, y la modalidad de los proyectos puede ser presencial o digital, seg\u00fan lo requiera la propuesta. Fechas importantes Proceso de selecci\u00f3n El equipo acad\u00e9mico revisar\u00e1 todas las postulaciones en dos fases. Primero, se llevar\u00e1 a cabo una evaluaci\u00f3n individual por parte de cada integrante del comit\u00e9. Luego, se desarrollar\u00e1 una discusi\u00f3n colectiva para definir la selecci\u00f3n oficial 2025. Los participantes seleccionados recibir\u00e1n una notificaci\u00f3n por correo electr\u00f3nico. Tambi\u00e9n se convocar\u00e1n reuniones virtuales grupales para resolver dudas y coordinar aspectos log\u00edsticos. Condiciones de participaci\u00f3n KULTURA CON no cubre los gastos de transporte, alojamiento ni alimentaci\u00f3n. Los participantes seleccionados deber\u00e1n asumir esos gastos en caso de que su presencia f\u00edsica en la Ciudad de M\u00e9xico sea necesaria. Sin embargo, el festival se compromete a ofrecer un espacio de visibilidad, intercambio y difusi\u00f3n ante nuevas audiencias, medios y redes culturales. La plataforma permite que las propuestas participantes dialoguen con un p\u00fablico amplio y diverso, tanto local como internacional. Uso de materiales Al enviar una propuesta, se autoriza el uso del material enviado (im\u00e1genes, videos, textos, etc.) exclusivamente con fines de difusi\u00f3n y promoci\u00f3n del festival. Siempre se respetar\u00e1n los cr\u00e9ditos de autor\u00eda. Un llamado a imaginar en colectivo KULTURA CON 2025 busca formar parte de un movimiento cultural que no se limita a mostrar, sino que propone, conecta, moviliza y transforma. La convocatoria es una invitaci\u00f3n abierta a quienes creen en el poder del arte y el pensamiento como motores de cambio.<\/p>","protected":false},"author":2,"featured_media":1368,"comment_status":"open","ping_status":"open","sticky":false,"template":"","format":"standard","meta":{"footnotes":""},"categories":[11],"tags":[31,32,22],"class_list":["post-1367","post","type-post","status-publish","format-standard","has-post-thumbnail","hentry","category-we-du","tag-cine","tag-kultura-con","tag-produccion"],"yoast_head":"<!-- This site is optimized with the Yoast SEO plugin v27.1.1 - https:\/\/yoast.com\/product\/yoast-seo-wordpress\/ -->\n<title>Convocatoria abierta para la Kultura Con 2025: una invitaci\u00f3n a crear desde la diversidad - Coreon Du<\/title>\n<meta name=\"robots\" content=\"index, follow, max-snippet:-1, max-image-preview:large, max-video-preview:-1\" \/>\n<link rel=\"canonical\" href=\"https:\/\/coreondu.world\/en\/convocatoria-abierta-kultura-con-2025\/\" \/>\n<meta property=\"og:locale\" content=\"en_GB\" \/>\n<meta property=\"og:type\" content=\"article\" \/>\n<meta property=\"og:title\" content=\"Convocatoria abierta para la Kultura Con 2025: una invitaci\u00f3n a crear desde la diversidad - Coreon Du\" \/>\n<meta property=\"og:description\" content=\"El festival KULTURA CON regresa en su edici\u00f3n 2025 con una nueva convocatoria abierta a artistas, creadorxs y colectivos de todo el mundo. La cita se llevar\u00e1 a cabo en la Ciudad de M\u00e9xico, entre el 31 de agosto y el 28 de septiembre, y reunir\u00e1 propuestas culturales que dialoguen con el presente desde m\u00faltiples lenguajes y perspectivas. Un festival para pensar y transformar colectivamente KULTURA CON se define como un festival multidisciplinario que celebra la diversidad cultural desde el sur global, con un enfoque interseccional, inclusivo y contempor\u00e1neo. Su programaci\u00f3n busca generar un espacio de encuentro donde el arte, el pensamiento, la experiencia comunitaria y la acci\u00f3n creativa se entrelacen en un ecosistema vivo. A trav\u00e9s de charlas, cine, danza, arte visual, dise\u00f1o, performance y talleres, KULTURA CON propone una plataforma para imaginar nuevos futuros, visibilizar narrativas poco representadas y construir puentes entre identidades, territorios y formas de vida. En esta tercera edici\u00f3n, el festival reafirma su compromiso con la creaci\u00f3n colaborativa y la reflexi\u00f3n cr\u00edtica sobre los desaf\u00edos culturales, sociales y pol\u00edticos de nuestra \u00e9poca. Ejes tem\u00e1ticos Las propuestas enviadas deben vincularse con alguno de los cinco ejes tem\u00e1ticos que gu\u00edan la programaci\u00f3n de esta edici\u00f3n: \u00bfQui\u00e9nes pueden participar? La convocatoria est\u00e1 dirigida a personas mayores de 18 a\u00f1os \u2014de cualquier nacionalidad o identidad de g\u00e9nero\u2014 que deseen presentar propuestas en una o m\u00e1s categor\u00edas. Pueden postular creadores individuales, colectivos o equipos interdisciplinarios. La participaci\u00f3n es gratuita, y la modalidad de los proyectos puede ser presencial o digital, seg\u00fan lo requiera la propuesta. Fechas importantes Proceso de selecci\u00f3n El equipo acad\u00e9mico revisar\u00e1 todas las postulaciones en dos fases. Primero, se llevar\u00e1 a cabo una evaluaci\u00f3n individual por parte de cada integrante del comit\u00e9. Luego, se desarrollar\u00e1 una discusi\u00f3n colectiva para definir la selecci\u00f3n oficial 2025. Los participantes seleccionados recibir\u00e1n una notificaci\u00f3n por correo electr\u00f3nico. Tambi\u00e9n se convocar\u00e1n reuniones virtuales grupales para resolver dudas y coordinar aspectos log\u00edsticos. Condiciones de participaci\u00f3n KULTURA CON no cubre los gastos de transporte, alojamiento ni alimentaci\u00f3n. Los participantes seleccionados deber\u00e1n asumir esos gastos en caso de que su presencia f\u00edsica en la Ciudad de M\u00e9xico sea necesaria. Sin embargo, el festival se compromete a ofrecer un espacio de visibilidad, intercambio y difusi\u00f3n ante nuevas audiencias, medios y redes culturales. La plataforma permite que las propuestas participantes dialoguen con un p\u00fablico amplio y diverso, tanto local como internacional. Uso de materiales Al enviar una propuesta, se autoriza el uso del material enviado (im\u00e1genes, videos, textos, etc.) exclusivamente con fines de difusi\u00f3n y promoci\u00f3n del festival. Siempre se respetar\u00e1n los cr\u00e9ditos de autor\u00eda. Un llamado a imaginar en colectivo KULTURA CON 2025 busca formar parte de un movimiento cultural que no se limita a mostrar, sino que propone, conecta, moviliza y transforma. La convocatoria es una invitaci\u00f3n abierta a quienes creen en el poder del arte y el pensamiento como motores de cambio.\" \/>\n<meta property=\"og:url\" content=\"https:\/\/coreondu.world\/en\/convocatoria-abierta-kultura-con-2025\/\" \/>\n<meta property=\"og:site_name\" content=\"Coreon Du\" \/>\n<meta property=\"article:publisher\" content=\"https:\/\/www.facebook.com\/CoreonDuOficial\/\" \/>\n<meta property=\"article:published_time\" content=\"2025-06-06T11:20:52+00:00\" \/>\n<meta property=\"article:modified_time\" content=\"2025-06-06T11:20:54+00:00\" \/>\n<meta property=\"og:image\" content=\"https:\/\/coreondu.world\/wp-content\/uploads\/2025\/06\/Diseno-sin-titulo-20.png\" \/>\n\t<meta property=\"og:image:width\" content=\"500\" \/>\n\t<meta property=\"og:image:height\" content=\"500\" \/>\n\t<meta property=\"og:image:type\" content=\"image\/png\" \/>\n<meta name=\"author\" content=\"migracion\" \/>\n<meta name=\"twitter:card\" content=\"summary_large_image\" \/>\n<meta name=\"twitter:label1\" content=\"Written by\" \/>\n\t<meta name=\"twitter:data1\" content=\"migracion\" \/>\n\t<meta name=\"twitter:label2\" content=\"Estimated reading time\" \/>\n\t<meta name=\"twitter:data2\" content=\"4 minutes\" \/>\n<script type=\"application\/ld+json\" class=\"yoast-schema-graph\">{\"@context\":\"https:\/\/schema.org\",\"@graph\":[{\"@type\":\"Article\",\"@id\":\"https:\/\/coreondu.world\/convocatoria-abierta-kultura-con-2025\/#article\",\"isPartOf\":{\"@id\":\"https:\/\/coreondu.world\/convocatoria-abierta-kultura-con-2025\/\"},\"author\":{\"name\":\"migracion\",\"@id\":\"https:\/\/coreondu.world\/#\/schema\/person\/d8a560761df497646fe0e605ac2ad4fa\"},\"headline\":\"Convocatoria abierta para la Kultura Con 2025: una invitaci\u00f3n a crear desde la diversidad\",\"datePublished\":\"2025-06-06T11:20:52+00:00\",\"dateModified\":\"2025-06-06T11:20:54+00:00\",\"mainEntityOfPage\":{\"@id\":\"https:\/\/coreondu.world\/convocatoria-abierta-kultura-con-2025\/\"},\"wordCount\":687,\"commentCount\":0,\"image\":{\"@id\":\"https:\/\/coreondu.world\/convocatoria-abierta-kultura-con-2025\/#primaryimage\"},\"thumbnailUrl\":\"https:\/\/coreondu.world\/wp-content\/uploads\/2025\/06\/Diseno-sin-titulo-20.png\",\"keywords\":[\"cine\",\"kultura con\",\"produccion\"],\"articleSection\":[\"we d\u00fa\"],\"inLanguage\":\"en-GB\",\"potentialAction\":[{\"@type\":\"CommentAction\",\"name\":\"Comment\",\"target\":[\"https:\/\/coreondu.world\/convocatoria-abierta-kultura-con-2025\/#respond\"]}]},{\"@type\":\"WebPage\",\"@id\":\"https:\/\/coreondu.world\/convocatoria-abierta-kultura-con-2025\/\",\"url\":\"https:\/\/coreondu.world\/convocatoria-abierta-kultura-con-2025\/\",\"name\":\"Convocatoria abierta para la Kultura Con 2025: una invitaci\u00f3n a crear desde la diversidad - Coreon Du\",\"isPartOf\":{\"@id\":\"https:\/\/coreondu.world\/#website\"},\"primaryImageOfPage\":{\"@id\":\"https:\/\/coreondu.world\/convocatoria-abierta-kultura-con-2025\/#primaryimage\"},\"image\":{\"@id\":\"https:\/\/coreondu.world\/convocatoria-abierta-kultura-con-2025\/#primaryimage\"},\"thumbnailUrl\":\"https:\/\/coreondu.world\/wp-content\/uploads\/2025\/06\/Diseno-sin-titulo-20.png\",\"datePublished\":\"2025-06-06T11:20:52+00:00\",\"dateModified\":\"2025-06-06T11:20:54+00:00\",\"author\":{\"@id\":\"https:\/\/coreondu.world\/#\/schema\/person\/d8a560761df497646fe0e605ac2ad4fa\"},\"breadcrumb\":{\"@id\":\"https:\/\/coreondu.world\/convocatoria-abierta-kultura-con-2025\/#breadcrumb\"},\"inLanguage\":\"en-GB\",\"potentialAction\":[{\"@type\":\"ReadAction\",\"target\":[\"https:\/\/coreondu.world\/convocatoria-abierta-kultura-con-2025\/\"]}]},{\"@type\":\"ImageObject\",\"inLanguage\":\"en-GB\",\"@id\":\"https:\/\/coreondu.world\/convocatoria-abierta-kultura-con-2025\/#primaryimage\",\"url\":\"https:\/\/coreondu.world\/wp-content\/uploads\/2025\/06\/Diseno-sin-titulo-20.png\",\"contentUrl\":\"https:\/\/coreondu.world\/wp-content\/uploads\/2025\/06\/Diseno-sin-titulo-20.png\",\"width\":500,\"height\":500,\"caption\":\"kultura con, mexico cultura, cine\"},{\"@type\":\"BreadcrumbList\",\"@id\":\"https:\/\/coreondu.world\/convocatoria-abierta-kultura-con-2025\/#breadcrumb\",\"itemListElement\":[{\"@type\":\"ListItem\",\"position\":1,\"name\":\"Portada\",\"item\":\"https:\/\/coreondu.world\/\"},{\"@type\":\"ListItem\",\"position\":2,\"name\":\"Convocatoria abierta para la Kultura Con 2025: una invitaci\u00f3n a crear desde la diversidad\"}]},{\"@type\":\"WebSite\",\"@id\":\"https:\/\/coreondu.world\/#website\",\"url\":\"https:\/\/coreondu.world\/\",\"name\":\"Cor\u00e9on D\u00fa\",\"description\":\"\",\"potentialAction\":[{\"@type\":\"SearchAction\",\"target\":{\"@type\":\"EntryPoint\",\"urlTemplate\":\"https:\/\/coreondu.world\/?s={search_term_string}\"},\"query-input\":{\"@type\":\"PropertyValueSpecification\",\"valueRequired\":true,\"valueName\":\"search_term_string\"}}],\"inLanguage\":\"en-GB\"},{\"@type\":\"Person\",\"@id\":\"https:\/\/coreondu.world\/#\/schema\/person\/d8a560761df497646fe0e605ac2ad4fa\",\"name\":\"migracion\",\"image\":{\"@type\":\"ImageObject\",\"inLanguage\":\"en-GB\",\"@id\":\"https:\/\/coreondu.world\/#\/schema\/person\/image\/\",\"url\":\"https:\/\/secure.gravatar.com\/avatar\/7748b659d7bf7331a213b118c72a1305f9e6c61e76b2999647f0f6b5d422402e?s=96&d=mm&r=g\",\"contentUrl\":\"https:\/\/secure.gravatar.com\/avatar\/7748b659d7bf7331a213b118c72a1305f9e6c61e76b2999647f0f6b5d422402e?s=96&d=mm&r=g\",\"caption\":\"migracion\"}}]}<\/script>\n<!-- \/ Yoast SEO plugin. -->","yoast_head_json":{"title":"Convocatoria abierta para la Kultura Con 2025: una invitaci\u00f3n a crear desde la diversidad - Coreon Du","robots":{"index":"index","follow":"follow","max-snippet":"max-snippet:-1","max-image-preview":"max-image-preview:large","max-video-preview":"max-video-preview:-1"},"canonical":"https:\/\/coreondu.world\/en\/convocatoria-abierta-kultura-con-2025\/","og_locale":"en_GB","og_type":"article","og_title":"Convocatoria abierta para la Kultura Con 2025: una invitaci\u00f3n a crear desde la diversidad - Coreon Du","og_description":"El festival KULTURA CON regresa en su edici\u00f3n 2025 con una nueva convocatoria abierta a artistas, creadorxs y colectivos de todo el mundo. La cita se llevar\u00e1 a cabo en la Ciudad de M\u00e9xico, entre el 31 de agosto y el 28 de septiembre, y reunir\u00e1 propuestas culturales que dialoguen con el presente desde m\u00faltiples lenguajes y perspectivas. Un festival para pensar y transformar colectivamente KULTURA CON se define como un festival multidisciplinario que celebra la diversidad cultural desde el sur global, con un enfoque interseccional, inclusivo y contempor\u00e1neo. Su programaci\u00f3n busca generar un espacio de encuentro donde el arte, el pensamiento, la experiencia comunitaria y la acci\u00f3n creativa se entrelacen en un ecosistema vivo. A trav\u00e9s de charlas, cine, danza, arte visual, dise\u00f1o, performance y talleres, KULTURA CON propone una plataforma para imaginar nuevos futuros, visibilizar narrativas poco representadas y construir puentes entre identidades, territorios y formas de vida. En esta tercera edici\u00f3n, el festival reafirma su compromiso con la creaci\u00f3n colaborativa y la reflexi\u00f3n cr\u00edtica sobre los desaf\u00edos culturales, sociales y pol\u00edticos de nuestra \u00e9poca. Ejes tem\u00e1ticos Las propuestas enviadas deben vincularse con alguno de los cinco ejes tem\u00e1ticos que gu\u00edan la programaci\u00f3n de esta edici\u00f3n: \u00bfQui\u00e9nes pueden participar? La convocatoria est\u00e1 dirigida a personas mayores de 18 a\u00f1os \u2014de cualquier nacionalidad o identidad de g\u00e9nero\u2014 que deseen presentar propuestas en una o m\u00e1s categor\u00edas. Pueden postular creadores individuales, colectivos o equipos interdisciplinarios. La participaci\u00f3n es gratuita, y la modalidad de los proyectos puede ser presencial o digital, seg\u00fan lo requiera la propuesta. Fechas importantes Proceso de selecci\u00f3n El equipo acad\u00e9mico revisar\u00e1 todas las postulaciones en dos fases. Primero, se llevar\u00e1 a cabo una evaluaci\u00f3n individual por parte de cada integrante del comit\u00e9. Luego, se desarrollar\u00e1 una discusi\u00f3n colectiva para definir la selecci\u00f3n oficial 2025. Los participantes seleccionados recibir\u00e1n una notificaci\u00f3n por correo electr\u00f3nico. Tambi\u00e9n se convocar\u00e1n reuniones virtuales grupales para resolver dudas y coordinar aspectos log\u00edsticos. Condiciones de participaci\u00f3n KULTURA CON no cubre los gastos de transporte, alojamiento ni alimentaci\u00f3n. Los participantes seleccionados deber\u00e1n asumir esos gastos en caso de que su presencia f\u00edsica en la Ciudad de M\u00e9xico sea necesaria. Sin embargo, el festival se compromete a ofrecer un espacio de visibilidad, intercambio y difusi\u00f3n ante nuevas audiencias, medios y redes culturales. La plataforma permite que las propuestas participantes dialoguen con un p\u00fablico amplio y diverso, tanto local como internacional. Uso de materiales Al enviar una propuesta, se autoriza el uso del material enviado (im\u00e1genes, videos, textos, etc.) exclusivamente con fines de difusi\u00f3n y promoci\u00f3n del festival. Siempre se respetar\u00e1n los cr\u00e9ditos de autor\u00eda. Un llamado a imaginar en colectivo KULTURA CON 2025 busca formar parte de un movimiento cultural que no se limita a mostrar, sino que propone, conecta, moviliza y transforma. La convocatoria es una invitaci\u00f3n abierta a quienes creen en el poder del arte y el pensamiento como motores de cambio.","og_url":"https:\/\/coreondu.world\/en\/convocatoria-abierta-kultura-con-2025\/","og_site_name":"Coreon Du","article_publisher":"https:\/\/www.facebook.com\/CoreonDuOficial\/","article_published_time":"2025-06-06T11:20:52+00:00","article_modified_time":"2025-06-06T11:20:54+00:00","og_image":[{"width":500,"height":500,"url":"https:\/\/coreondu.world\/wp-content\/uploads\/2025\/06\/Diseno-sin-titulo-20.png","type":"image\/png"}],"author":"migracion","twitter_card":"summary_large_image","twitter_misc":{"Written by":"migracion","Estimated reading time":"4 minutes"},"schema":{"@context":"https:\/\/schema.org","@graph":[{"@type":"Article","@id":"https:\/\/coreondu.world\/convocatoria-abierta-kultura-con-2025\/#article","isPartOf":{"@id":"https:\/\/coreondu.world\/convocatoria-abierta-kultura-con-2025\/"},"author":{"name":"migracion","@id":"https:\/\/coreondu.world\/#\/schema\/person\/d8a560761df497646fe0e605ac2ad4fa"},"headline":"Convocatoria abierta para la Kultura Con 2025: una invitaci\u00f3n a crear desde la diversidad","datePublished":"2025-06-06T11:20:52+00:00","dateModified":"2025-06-06T11:20:54+00:00","mainEntityOfPage":{"@id":"https:\/\/coreondu.world\/convocatoria-abierta-kultura-con-2025\/"},"wordCount":687,"commentCount":0,"image":{"@id":"https:\/\/coreondu.world\/convocatoria-abierta-kultura-con-2025\/#primaryimage"},"thumbnailUrl":"https:\/\/coreondu.world\/wp-content\/uploads\/2025\/06\/Diseno-sin-titulo-20.png","keywords":["cine","kultura con","produccion"],"articleSection":["we d\u00fa"],"inLanguage":"en-GB","potentialAction":[{"@type":"CommentAction","name":"Comment","target":["https:\/\/coreondu.world\/convocatoria-abierta-kultura-con-2025\/#respond"]}]},{"@type":"WebPage","@id":"https:\/\/coreondu.world\/convocatoria-abierta-kultura-con-2025\/","url":"https:\/\/coreondu.world\/convocatoria-abierta-kultura-con-2025\/","name":"Convocatoria abierta para la Kultura Con 2025: una invitaci\u00f3n a crear desde la diversidad - Coreon Du","isPartOf":{"@id":"https:\/\/coreondu.world\/#website"},"primaryImageOfPage":{"@id":"https:\/\/coreondu.world\/convocatoria-abierta-kultura-con-2025\/#primaryimage"},"image":{"@id":"https:\/\/coreondu.world\/convocatoria-abierta-kultura-con-2025\/#primaryimage"},"thumbnailUrl":"https:\/\/coreondu.world\/wp-content\/uploads\/2025\/06\/Diseno-sin-titulo-20.png","datePublished":"2025-06-06T11:20:52+00:00","dateModified":"2025-06-06T11:20:54+00:00","author":{"@id":"https:\/\/coreondu.world\/#\/schema\/person\/d8a560761df497646fe0e605ac2ad4fa"},"breadcrumb":{"@id":"https:\/\/coreondu.world\/convocatoria-abierta-kultura-con-2025\/#breadcrumb"},"inLanguage":"en-GB","potentialAction":[{"@type":"ReadAction","target":["https:\/\/coreondu.world\/convocatoria-abierta-kultura-con-2025\/"]}]},{"@type":"ImageObject","inLanguage":"en-GB","@id":"https:\/\/coreondu.world\/convocatoria-abierta-kultura-con-2025\/#primaryimage","url":"https:\/\/coreondu.world\/wp-content\/uploads\/2025\/06\/Diseno-sin-titulo-20.png","contentUrl":"https:\/\/coreondu.world\/wp-content\/uploads\/2025\/06\/Diseno-sin-titulo-20.png","width":500,"height":500,"caption":"kultura con, mexico cultura, cine"},{"@type":"BreadcrumbList","@id":"https:\/\/coreondu.world\/convocatoria-abierta-kultura-con-2025\/#breadcrumb","itemListElement":[{"@type":"ListItem","position":1,"name":"Portada","item":"https:\/\/coreondu.world\/"},{"@type":"ListItem","position":2,"name":"Convocatoria abierta para la Kultura Con 2025: una invitaci\u00f3n a crear desde la diversidad"}]},{"@type":"WebSite","@id":"https:\/\/coreondu.world\/#website","url":"https:\/\/coreondu.world\/","name":"Cor\u00e9on D\u00fa","description":"","potentialAction":[{"@type":"SearchAction","target":{"@type":"EntryPoint","urlTemplate":"https:\/\/coreondu.world\/?s={search_term_string}"},"query-input":{"@type":"PropertyValueSpecification","valueRequired":true,"valueName":"search_term_string"}}],"inLanguage":"en-GB"},{"@type":"Person","@id":"https:\/\/coreondu.world\/#\/schema\/person\/d8a560761df497646fe0e605ac2ad4fa","name":"migracion","image":{"@type":"ImageObject","inLanguage":"en-GB","@id":"https:\/\/coreondu.world\/#\/schema\/person\/image\/","url":"https:\/\/secure.gravatar.com\/avatar\/7748b659d7bf7331a213b118c72a1305f9e6c61e76b2999647f0f6b5d422402e?s=96&d=mm&r=g","contentUrl":"https:\/\/secure.gravatar.com\/avatar\/7748b659d7bf7331a213b118c72a1305f9e6c61e76b2999647f0f6b5d422402e?s=96&d=mm&r=g","caption":"migracion"}}]}},"_links":{"self":[{"href":"https:\/\/coreondu.world\/en\/wp-json\/wp\/v2\/posts\/1367","targetHints":{"allow":["GET"]}}],"collection":[{"href":"https:\/\/coreondu.world\/en\/wp-json\/wp\/v2\/posts"}],"about":[{"href":"https:\/\/coreondu.world\/en\/wp-json\/wp\/v2\/types\/post"}],"author":[{"embeddable":true,"href":"https:\/\/coreondu.world\/en\/wp-json\/wp\/v2\/users\/2"}],"replies":[{"embeddable":true,"href":"https:\/\/coreondu.world\/en\/wp-json\/wp\/v2\/comments?post=1367"}],"version-history":[{"count":1,"href":"https:\/\/coreondu.world\/en\/wp-json\/wp\/v2\/posts\/1367\/revisions"}],"predecessor-version":[{"id":1369,"href":"https:\/\/coreondu.world\/en\/wp-json\/wp\/v2\/posts\/1367\/revisions\/1369"}],"wp:featuredmedia":[{"embeddable":true,"href":"https:\/\/coreondu.world\/en\/wp-json\/wp\/v2\/media\/1368"}],"wp:attachment":[{"href":"https:\/\/coreondu.world\/en\/wp-json\/wp\/v2\/media?parent=1367"}],"wp:term":[{"taxonomy":"category","embeddable":true,"href":"https:\/\/coreondu.world\/en\/wp-json\/wp\/v2\/categories?post=1367"},{"taxonomy":"post_tag","embeddable":true,"href":"https:\/\/coreondu.world\/en\/wp-json\/wp\/v2\/tags?post=1367"}],"curies":[{"name":"wp","href":"https:\/\/api.w.org\/{rel}","templated":true}]}}