{"id":1361,"date":"2025-05-25T11:00:00","date_gmt":"2025-05-25T09:00:00","guid":{"rendered":"https:\/\/coreondu.world\/?p=1361"},"modified":"2025-05-28T11:46:09","modified_gmt":"2025-05-28T09:46:09","slug":"africa-celebra-25-mayo-mosaico-culturas-ideas-logros","status":"publish","type":"post","link":"https:\/\/coreondu.world\/en\/africa-celebra-25-mayo-mosaico-culturas-ideas-logros\/","title":{"rendered":"Africa celebrates 25 May: a mosaic of cultures, ideas and achievements"},"content":{"rendered":"<p>The 25th of May marks the <a href=\"https:\/\/eacnur.org\/es\/actualidad\/noticias\/emergencias\/25-de-mayo-el-dia-de-africa\"><strong>Africa Day<\/strong><\/a>The African Union and the UN have recognised this date as a time to highlight the continent's cultural richness, ingenuity and vision for the future. Beyond traditional commemorations, it is an opportunity to celebrate Africa's diverse contributions to the contemporary world, from technology to the arts.<\/p>\n\n\n\n<h2 class=\"wp-block-heading\"><strong>A continent that innovates and transforms<\/strong><\/h2>\n\n\n\n<p>Africa has been the birthplace of solutions that have redefined entire industries. The <a href=\"https:\/\/www.weforum.org\/stories\/2023\/11\/africa-digital-mobile-banking-financial-inclusion\/\">Mobile Banking<\/a>initially developed in East Africa, transformed financial inclusion for millions. Scientists from the continent have contributed to key medical technologies such as computerised axial tomography (<a href=\"https:\/\/www.elespanol.com\/el-cultural\/ciencia\/entre_2_aguas\/20240301\/allan-cormack-anos-nobel-inventor-tac\/833286671_12.html\">TAC<\/a>), and it was in South Africa that the first human heart transplant was performed in 1967.<\/p>\n\n\n\n<p>African women, recognised for their leadership and entrepreneurial resilience, are a critical economic force. The continent is home to some of the highest rates of female entrepreneurship in the world, driving sustainable change in their communities.<\/p>\n\n\n\n<h2 class=\"wp-block-heading\"><strong>African arts: creativity with global impact<\/strong><\/h2>\n\n\n\n<p>The international reach of African art continues to grow steadily. Works by artists from the continent have surpassed USD 100 million in global sales, while African music has gained unprecedented prominence, with an unprecedented <a href=\"https:\/\/www.musicinafrica.net\/magazine\/ifpi-recorded-music-revenues-sub-saharan-africa-grew-226-2024\">increase of more than 22%<\/a> in its presence in the global industry. This figure is expected to exceed <a href=\"https:\/\/www.africanleadershipmagazine.co.uk\/the-economic-impact-of-the-african-music-industry\/\">300 million in revenues by 2026<\/a>.<\/p>\n\n\n\n<p>In addition, African audiovisual industries - from Nigeria to South Africa, from Morocco to Kenya - are making a strong mark at the world's most important festivals, such as Cannes, Berlinale and Toronto, and have even managed to position themselves at the Oscars, consolidating African storytelling as an essential part of the global audiovisual landscape.<\/p>\n\n\n\n<h2 class=\"wp-block-heading\"><strong>Angola, PALOP and beyond: a pan-African celebration<\/strong><\/h2>\n\n\n\n<p>The five Portuguese-speaking African Official Language Countries (PALOPs), like Angola, constitute a minority in the general context, given that the focus of most media conversations, both regionally and internationally, tends to be on English, French, Arabic or Swahili-speaking countries. However, Angola, Cape Verde, Guinea-Bissau, Mozambique and Sao Tome and Principe represent more than 77 million people in Africa, equivalent to 30 % of the world's Portuguese-speaking population. These countries make high-impact regional and international contributions, including viral phenomena that unite humanity through music and dance, as was the case with the Angolan collective's choreography. <em>Phenomena of Semba<\/em> to the rhythm of the South African song <a href=\"https:\/\/pt.euronews.com\/video\/2020\/12\/06\/grupo-angolano-inspira-coreografia-viral\">\"Jerusalemema\"<\/a> by DJ Master KG and vocalist Nomcebo.<\/p>\n\n\n\n<p>The global impact on the music industry includes genres such as the <a href=\"https:\/\/www.aljazeera.com\/features\/2021\/5\/23\/morna-the-music-of-displacement-and-return\">morna<\/a> Cape Verdean, already recognised as being considered <a href=\"https:\/\/ich.unesco.org\/en\/RL\/morna-musical-practice-of-cabo-verde-01469\">World Cultural Heritage<\/a> and featured in films that have been awarded the <a href=\"https:\/\/santiagomagazine.cv\/cultura\/petit-pays-de-cesaria-evora-na-trilha-sonora-do-filme-de-sucesso-brasileiro-ainda-estou-aqui\">Oscar<\/a>. The Angolan semba, considered the root of Brazilian samba, is also recognised, as well as more recent genres like the <a href=\"https:\/\/english.elpais.com\/culture\/2024-11-27\/kizomba-the-dance-that-unites-angola.html\">kizomba<\/a>&nbsp;&nbsp; and the <a href=\"https:\/\/www.youtube.com\/@ILoveKuduro\/videos\">kuduro<\/a>originating in Angola and influential international stars such as <a href=\"https:\/\/www.facebook.com\/share\/v\/1AaibYF6Ab\/\">Rihanna<\/a>Maluma, <a href=\"https:\/\/youtu.be\/wlS6Ix7mA0w?si=3qY-GNOQZidMKEsX\">Anitta, JBalvin<\/a> and even <a href=\"https:\/\/www.papermag.com\/madonna-new-album-maluma-\">Madonna<\/a>. Likewise, Afro-house, developed by DJs from <a href=\"https:\/\/afroplug.com\/how-to-produce-angolan-afrohouse-and-kuduro-with-afroplug-loops\/\">Angola<\/a>continues to gain worldwide recognition with its rhythms and choreographies, inspiring artists such as <a href=\"https:\/\/youtu.be\/EkOgeD4RjN0?si=4WQxyaTxu8I33OBr\">Beyonc\u00e9 <\/a>y <a href=\"https:\/\/youtu.be\/BTXQWjGQ3PU?feature=shared\">Pedro Sampaio,<\/a> among many others.<\/p>\n\n\n\n<p>Beyond international pop, electronic music and mainstream urban beats, the creators of the PALOPs cross borders and promote a holistic African representation within and beyond the continent. In fact, the first <a href=\"https:\/\/universes.art\/en\/venice-biennale\/2007\/pavilions-photo-tour\/african-pavilion\">African Pavilion at the Venice Biennale in 2007<\/a>curated by <a href=\"https:\/\/artreview.com\/artist\/simon-njami\/?year=2018\">Simon Njami <\/a>&nbsp;(Cameroon) and <a href=\"https:\/\/www.artspace.africa\/artists\/fernando-alvim\">Fernando Alvim<\/a> (Angola) was the result of an initiative driven by Angolan private art collections. These collections housed, at the time, one of the largest collections of African-owned Pan-African art based on the continent.<\/p>\n\n\n\n<p>In the fashion and beauty industries, the role of a new generation of models stands out, such as <a href=\"https:\/\/www.essence.com\/news\/story-behind-maria-borges-natural-hair-vs-fashion-show\/\">Maria Borges<\/a> (Angola), <a href=\"https:\/\/www.teenvogue.com\/gallery\/best-afro-hairstyle-ideas\">Al\u00e9cia Morais<\/a> (Cape Verde) and <a href=\"https:\/\/models.com\/mdx\/the-graduates-amilna-estevao\/\">Amilna Estev\u00e3o<\/a> (Angola), who dared to challenge established canons by promoting natural hair on international catwalks almost a decade ago. Thanks to their authenticity and bravery, they pushed for a more natural vision of hair. <a href=\"https:\/\/www.forbes.com\/sites\/dahvishira\/2024\/08\/28\/the-rise-and-significance-of-natural--texture-hairstyles-on-the-runway\/\">inclusive of beauty,<\/a> paving the way for future generations of African models.<\/p>\n\n\n\n<p>Africa is made up of 54 nations and their diasporas, united by a shared history and an evolving present, characterised by creativity and potential. Today, the continent celebrates its diversity, talent and ability to positively influence the world through innovation, art, science and culture.<\/p>\n\n\n\n<p>Today, Africa celebrates its diversity, its talent and its ability to positively influence the world through innovation, art, science and culture.<\/p>\n\n\n\n<p>Happy Africa Day!<\/p>","protected":false},"excerpt":{"rendered":"<p>El 25 de mayo se celebra el D\u00eda de \u00c1frica, una fecha reconocida por la Uni\u00f3n Africana y respaldada por la ONU como un momento para destacar la riqueza cultural, el ingenio y la visi\u00f3n de futuro del continente. M\u00e1s all\u00e1 de las conmemoraciones tradicionales, es una oportunidad para celebrar los aportes diversos de \u00c1frica al mundo contempor\u00e1neo, desde la tecnolog\u00eda hasta las artes. Un continente que innova y transforma \u00c1frica ha sido cuna de soluciones que han redefinido industrias enteras. El Mobile Banking, desarrollado inicialmente en \u00c1frica Oriental, transform\u00f3 la inclusi\u00f3n financiera para millones. Cient\u00edficos del continente han contribuido a tecnolog\u00edas m\u00e9dicas clave como la tomograf\u00eda axial computarizada (TAC), y fue en Sud\u00e1frica donde se realiz\u00f3 el primer trasplante de coraz\u00f3n humano en 1967. Las mujeres africanas, reconocidas por su liderazgo y resiliencia empresarial, son una fuerza econ\u00f3mica fundamental. El continente alberga algunas de las tasas m\u00e1s altas de emprendimiento femenino del mundo, impulsando cambios sostenibles en sus comunidades. Artes africanas: creatividad con impacto global La proyecci\u00f3n internacional del arte africano contin\u00faa creciendo de manera sostenida. Las obras de artistas del continente han superado los 100 millones de d\u00f3lares en ventas globales, mientras que la m\u00fasica africana ha ganado un protagonismo sin precedentes, con un aumento de m\u00e1s del 22% en su presencia dentro de la industria global. Se espera que esta cifra supere los 300 millones de d\u00f3lares en ingresos para 2026. Asimismo, las industrias audiovisuales africanas \u2014de Nigeria a Sud\u00e1frica, de Marruecos a Kenia\u2014 est\u00e1n dejando una huella firme en los festivales m\u00e1s importantes del mundo, como Cannes, Berlinale y Toronto, y han logrado posicionarse incluso en los premios Oscar, consolidando la narrativa africana como parte esencial del panorama audiovisual global. Angola, PALOP y m\u00e1s all\u00e1: una celebraci\u00f3n pan-africana Los cinco Pa\u00edses Africanos de Lengua Oficial Portuguesa (PALOP), como Angola, constituyen una minor\u00eda en el contexto general, dado que el enfoque de las conversaciones m\u00e1s medi\u00e1ticas, tanto a nivel regional como internacional, suele centrarse en los pa\u00edses de lengua oficial inglesa, francesa, \u00e1rabe o suajili. Sin embargo, Angola, Cabo Verde, Guinea-Bis\u00e1u, Mozambique y Santo Tom\u00e9 y Pr\u00edncipe representan a m\u00e1s de 77 millones de personas en \u00c1frica, lo que equivale al 30 % de la poblaci\u00f3n mundial lusoparlante. Estos pa\u00edses aportan contribuciones de alto impacto regional e internacional, incluyendo fen\u00f3menos virales que unen a la humanidad a trav\u00e9s de la m\u00fasica y el baile, como ocurri\u00f3 con la coreograf\u00eda del colectivo angole\u00f1o Fen\u00f3menos do Semba al ritmo de la canci\u00f3n sudafricana \u201cJerusalema\u201d del DJ Master KG y la vocalista Nomcebo. El impacto global en la industria musical incluye g\u00e9neros como la morna caboverdiana, ya reconocida como considerado Patrimonio Cultural de la Humanidad y destacada en pel\u00edculas galardonadas con el \u00d3scar. Tambi\u00e9n se reconoce al semba de Angola, considerado la ra\u00edz del samba brasile\u00f1o, as\u00ed como a g\u00e9neros m\u00e1s recientes como la kizomba&nbsp;&nbsp; y el kuduro, originados en Angola e influyentes en estrellas internacionales como Rihanna, Maluma, Anitta, JBalvin e incluso Madonna. Asimismo, el afro-house, desarrollado por DJs de Angola, Mozambique y Sud\u00e1frica, contin\u00faa ganando reconocimiento mundial con sus ritmos y coreograf\u00edas, inspirando a artistas como Beyonc\u00e9 y Pedro Sampaio, entre muchos otros. M\u00e1s all\u00e1 del pop internacional, la m\u00fasica electr\u00f3nica y los ritmos urbanos mainstream, los creadores de los PALOP traspasan fronteras y promueven una representaci\u00f3n africana hol\u00edstica dentro y fuera del continente. De hecho, el primer Pabell\u00f3n Africano en la Bienal de Venecia en 2007, comisariado por Simon Njami &nbsp;(Camer\u00fan) y Fernando Alvim (Angola) fue resultado de una iniciativa impulsada por colecciones de arte privadas angole\u00f1as. Estas colecciones albergaban, en ese momento, uno de los mayores fondos de arte panafricano de propiedad africana con sede en el continente. En las industrias de la moda y la belleza, destaca el papel de una nueva generaci\u00f3n de modelos como Maria Borges (Angola), Al\u00e9cia Morais (Cabo Verde) y Amilna Estev\u00e3o (Angola), quienes se atrevieron a desafiar los c\u00e1nones establecidos al promover el cabello natural en las pasarelas internacionales hace casi una d\u00e9cada. Gracias a su autenticidad y valent\u00eda, impulsaron una visi\u00f3n m\u00e1s inclusiva de la belleza, abriendo camino a futuras generaciones de modelos africanas. \u00c1frica se compone de 54 naciones y sus di\u00e1sporas, unidas por una historia compartida y un presente en constante evoluci\u00f3n, caracterizado por la creatividad y el potencial. Hoy, el continente celebra su diversidad, su talento y su capacidad para influir positivamente en el mundo a trav\u00e9s de la innovaci\u00f3n, el arte, la ciencia y la cultura. Hoy, \u00c1frica celebra su diversidad, su talento y su capacidad para influir positivamente en el mundo desde la innovaci\u00f3n, el arte, la ciencia y la cultura. \u00a1Feliz Dia de Africa !<\/p>","protected":false},"author":2,"featured_media":1363,"comment_status":"open","ping_status":"open","sticky":false,"template":"","format":"standard","meta":{"footnotes":""},"categories":[9],"tags":[30,25,24,29],"class_list":["post-1361","post","type-post","status-publish","format-standard","has-post-thumbnail","hentry","category-i-du","tag-africa","tag-creatividad","tag-economia","tag-innovacion"],"yoast_head":"<!-- This site is optimized with the Yoast SEO plugin v27.1.1 - https:\/\/yoast.com\/product\/yoast-seo-wordpress\/ -->\n<title>\u00c1frica celebra el 25 de mayo: un mosaico de culturas, ideas y logros - Coreon Du<\/title>\n<meta name=\"robots\" content=\"index, follow, max-snippet:-1, max-image-preview:large, max-video-preview:-1\" \/>\n<link rel=\"canonical\" href=\"https:\/\/coreondu.world\/en\/africa-celebra-25-mayo-mosaico-culturas-ideas-logros\/\" \/>\n<meta property=\"og:locale\" content=\"en_GB\" \/>\n<meta property=\"og:type\" content=\"article\" \/>\n<meta property=\"og:title\" content=\"\u00c1frica celebra el 25 de mayo: un mosaico de culturas, ideas y logros - Coreon Du\" \/>\n<meta property=\"og:description\" content=\"El 25 de mayo se celebra el D\u00eda de \u00c1frica, una fecha reconocida por la Uni\u00f3n Africana y respaldada por la ONU como un momento para destacar la riqueza cultural, el ingenio y la visi\u00f3n de futuro del continente. M\u00e1s all\u00e1 de las conmemoraciones tradicionales, es una oportunidad para celebrar los aportes diversos de \u00c1frica al mundo contempor\u00e1neo, desde la tecnolog\u00eda hasta las artes. Un continente que innova y transforma \u00c1frica ha sido cuna de soluciones que han redefinido industrias enteras. El Mobile Banking, desarrollado inicialmente en \u00c1frica Oriental, transform\u00f3 la inclusi\u00f3n financiera para millones. Cient\u00edficos del continente han contribuido a tecnolog\u00edas m\u00e9dicas clave como la tomograf\u00eda axial computarizada (TAC), y fue en Sud\u00e1frica donde se realiz\u00f3 el primer trasplante de coraz\u00f3n humano en 1967. Las mujeres africanas, reconocidas por su liderazgo y resiliencia empresarial, son una fuerza econ\u00f3mica fundamental. El continente alberga algunas de las tasas m\u00e1s altas de emprendimiento femenino del mundo, impulsando cambios sostenibles en sus comunidades. Artes africanas: creatividad con impacto global La proyecci\u00f3n internacional del arte africano contin\u00faa creciendo de manera sostenida. Las obras de artistas del continente han superado los 100 millones de d\u00f3lares en ventas globales, mientras que la m\u00fasica africana ha ganado un protagonismo sin precedentes, con un aumento de m\u00e1s del 22% en su presencia dentro de la industria global. Se espera que esta cifra supere los 300 millones de d\u00f3lares en ingresos para 2026. Asimismo, las industrias audiovisuales africanas \u2014de Nigeria a Sud\u00e1frica, de Marruecos a Kenia\u2014 est\u00e1n dejando una huella firme en los festivales m\u00e1s importantes del mundo, como Cannes, Berlinale y Toronto, y han logrado posicionarse incluso en los premios Oscar, consolidando la narrativa africana como parte esencial del panorama audiovisual global. Angola, PALOP y m\u00e1s all\u00e1: una celebraci\u00f3n pan-africana Los cinco Pa\u00edses Africanos de Lengua Oficial Portuguesa (PALOP), como Angola, constituyen una minor\u00eda en el contexto general, dado que el enfoque de las conversaciones m\u00e1s medi\u00e1ticas, tanto a nivel regional como internacional, suele centrarse en los pa\u00edses de lengua oficial inglesa, francesa, \u00e1rabe o suajili. Sin embargo, Angola, Cabo Verde, Guinea-Bis\u00e1u, Mozambique y Santo Tom\u00e9 y Pr\u00edncipe representan a m\u00e1s de 77 millones de personas en \u00c1frica, lo que equivale al 30 % de la poblaci\u00f3n mundial lusoparlante. Estos pa\u00edses aportan contribuciones de alto impacto regional e internacional, incluyendo fen\u00f3menos virales que unen a la humanidad a trav\u00e9s de la m\u00fasica y el baile, como ocurri\u00f3 con la coreograf\u00eda del colectivo angole\u00f1o Fen\u00f3menos do Semba al ritmo de la canci\u00f3n sudafricana \u201cJerusalema\u201d del DJ Master KG y la vocalista Nomcebo. El impacto global en la industria musical incluye g\u00e9neros como la morna caboverdiana, ya reconocida como considerado Patrimonio Cultural de la Humanidad y destacada en pel\u00edculas galardonadas con el \u00d3scar. Tambi\u00e9n se reconoce al semba de Angola, considerado la ra\u00edz del samba brasile\u00f1o, as\u00ed como a g\u00e9neros m\u00e1s recientes como la kizomba&nbsp;&nbsp; y el kuduro, originados en Angola e influyentes en estrellas internacionales como Rihanna, Maluma, Anitta, JBalvin e incluso Madonna. Asimismo, el afro-house, desarrollado por DJs de Angola, Mozambique y Sud\u00e1frica, contin\u00faa ganando reconocimiento mundial con sus ritmos y coreograf\u00edas, inspirando a artistas como Beyonc\u00e9 y Pedro Sampaio, entre muchos otros. M\u00e1s all\u00e1 del pop internacional, la m\u00fasica electr\u00f3nica y los ritmos urbanos mainstream, los creadores de los PALOP traspasan fronteras y promueven una representaci\u00f3n africana hol\u00edstica dentro y fuera del continente. De hecho, el primer Pabell\u00f3n Africano en la Bienal de Venecia en 2007, comisariado por Simon Njami &nbsp;(Camer\u00fan) y Fernando Alvim (Angola) fue resultado de una iniciativa impulsada por colecciones de arte privadas angole\u00f1as. Estas colecciones albergaban, en ese momento, uno de los mayores fondos de arte panafricano de propiedad africana con sede en el continente. En las industrias de la moda y la belleza, destaca el papel de una nueva generaci\u00f3n de modelos como Maria Borges (Angola), Al\u00e9cia Morais (Cabo Verde) y Amilna Estev\u00e3o (Angola), quienes se atrevieron a desafiar los c\u00e1nones establecidos al promover el cabello natural en las pasarelas internacionales hace casi una d\u00e9cada. Gracias a su autenticidad y valent\u00eda, impulsaron una visi\u00f3n m\u00e1s inclusiva de la belleza, abriendo camino a futuras generaciones de modelos africanas. \u00c1frica se compone de 54 naciones y sus di\u00e1sporas, unidas por una historia compartida y un presente en constante evoluci\u00f3n, caracterizado por la creatividad y el potencial. Hoy, el continente celebra su diversidad, su talento y su capacidad para influir positivamente en el mundo a trav\u00e9s de la innovaci\u00f3n, el arte, la ciencia y la cultura. Hoy, \u00c1frica celebra su diversidad, su talento y su capacidad para influir positivamente en el mundo desde la innovaci\u00f3n, el arte, la ciencia y la cultura. \u00a1Feliz Dia de Africa !\" \/>\n<meta property=\"og:url\" content=\"https:\/\/coreondu.world\/en\/africa-celebra-25-mayo-mosaico-culturas-ideas-logros\/\" \/>\n<meta property=\"og:site_name\" content=\"Coreon Du\" \/>\n<meta property=\"article:publisher\" content=\"https:\/\/www.facebook.com\/CoreonDuOficial\/\" \/>\n<meta property=\"article:published_time\" content=\"2025-05-25T09:00:00+00:00\" \/>\n<meta property=\"article:modified_time\" content=\"2025-05-28T09:46:09+00:00\" \/>\n<meta property=\"og:image\" content=\"https:\/\/coreondu.world\/wp-content\/uploads\/2025\/05\/Diseno-sin-titulo-19.png\" \/>\n\t<meta property=\"og:image:width\" content=\"500\" \/>\n\t<meta property=\"og:image:height\" content=\"500\" \/>\n\t<meta property=\"og:image:type\" content=\"image\/png\" \/>\n<meta name=\"author\" content=\"migracion\" \/>\n<meta name=\"twitter:card\" content=\"summary_large_image\" \/>\n<meta name=\"twitter:label1\" content=\"Written by\" \/>\n\t<meta name=\"twitter:data1\" content=\"migracion\" \/>\n\t<meta name=\"twitter:label2\" content=\"Estimated reading time\" \/>\n\t<meta name=\"twitter:data2\" content=\"4 minutes\" \/>\n<script type=\"application\/ld+json\" class=\"yoast-schema-graph\">{\"@context\":\"https:\/\/schema.org\",\"@graph\":[{\"@type\":\"Article\",\"@id\":\"https:\/\/coreondu.world\/africa-celebra-25-mayo-mosaico-culturas-ideas-logros\/#article\",\"isPartOf\":{\"@id\":\"https:\/\/coreondu.world\/africa-celebra-25-mayo-mosaico-culturas-ideas-logros\/\"},\"author\":{\"name\":\"migracion\",\"@id\":\"https:\/\/coreondu.world\/#\/schema\/person\/d8a560761df497646fe0e605ac2ad4fa\"},\"headline\":\"\u00c1frica celebra el 25 de mayo: un mosaico de culturas, ideas y logros\",\"datePublished\":\"2025-05-25T09:00:00+00:00\",\"dateModified\":\"2025-05-28T09:46:09+00:00\",\"mainEntityOfPage\":{\"@id\":\"https:\/\/coreondu.world\/africa-celebra-25-mayo-mosaico-culturas-ideas-logros\/\"},\"wordCount\":849,\"commentCount\":0,\"image\":{\"@id\":\"https:\/\/coreondu.world\/africa-celebra-25-mayo-mosaico-culturas-ideas-logros\/#primaryimage\"},\"thumbnailUrl\":\"https:\/\/coreondu.world\/wp-content\/uploads\/2025\/05\/Diseno-sin-titulo-19.png\",\"keywords\":[\"africa\",\"creatividad\",\"economia\",\"innovaci\u00f3n\"],\"articleSection\":[\"i d\u00fa\"],\"inLanguage\":\"en-GB\",\"potentialAction\":[{\"@type\":\"CommentAction\",\"name\":\"Comment\",\"target\":[\"https:\/\/coreondu.world\/africa-celebra-25-mayo-mosaico-culturas-ideas-logros\/#respond\"]}]},{\"@type\":\"WebPage\",\"@id\":\"https:\/\/coreondu.world\/africa-celebra-25-mayo-mosaico-culturas-ideas-logros\/\",\"url\":\"https:\/\/coreondu.world\/africa-celebra-25-mayo-mosaico-culturas-ideas-logros\/\",\"name\":\"\u00c1frica celebra el 25 de mayo: un mosaico de culturas, ideas y logros - Coreon Du\",\"isPartOf\":{\"@id\":\"https:\/\/coreondu.world\/#website\"},\"primaryImageOfPage\":{\"@id\":\"https:\/\/coreondu.world\/africa-celebra-25-mayo-mosaico-culturas-ideas-logros\/#primaryimage\"},\"image\":{\"@id\":\"https:\/\/coreondu.world\/africa-celebra-25-mayo-mosaico-culturas-ideas-logros\/#primaryimage\"},\"thumbnailUrl\":\"https:\/\/coreondu.world\/wp-content\/uploads\/2025\/05\/Diseno-sin-titulo-19.png\",\"datePublished\":\"2025-05-25T09:00:00+00:00\",\"dateModified\":\"2025-05-28T09:46:09+00:00\",\"author\":{\"@id\":\"https:\/\/coreondu.world\/#\/schema\/person\/d8a560761df497646fe0e605ac2ad4fa\"},\"breadcrumb\":{\"@id\":\"https:\/\/coreondu.world\/africa-celebra-25-mayo-mosaico-culturas-ideas-logros\/#breadcrumb\"},\"inLanguage\":\"en-GB\",\"potentialAction\":[{\"@type\":\"ReadAction\",\"target\":[\"https:\/\/coreondu.world\/africa-celebra-25-mayo-mosaico-culturas-ideas-logros\/\"]}]},{\"@type\":\"ImageObject\",\"inLanguage\":\"en-GB\",\"@id\":\"https:\/\/coreondu.world\/africa-celebra-25-mayo-mosaico-culturas-ideas-logros\/#primaryimage\",\"url\":\"https:\/\/coreondu.world\/wp-content\/uploads\/2025\/05\/Diseno-sin-titulo-19.png\",\"contentUrl\":\"https:\/\/coreondu.world\/wp-content\/uploads\/2025\/05\/Diseno-sin-titulo-19.png\",\"width\":500,\"height\":500,\"caption\":\"PALOP, Angola, m\u00fasica, cultura, arte, kizomba, afro-house, identidad, cor\u00e9on d\u00fa\"},{\"@type\":\"BreadcrumbList\",\"@id\":\"https:\/\/coreondu.world\/africa-celebra-25-mayo-mosaico-culturas-ideas-logros\/#breadcrumb\",\"itemListElement\":[{\"@type\":\"ListItem\",\"position\":1,\"name\":\"Portada\",\"item\":\"https:\/\/coreondu.world\/\"},{\"@type\":\"ListItem\",\"position\":2,\"name\":\"\u00c1frica celebra el 25 de mayo: un mosaico de culturas, ideas y logros\"}]},{\"@type\":\"WebSite\",\"@id\":\"https:\/\/coreondu.world\/#website\",\"url\":\"https:\/\/coreondu.world\/\",\"name\":\"Cor\u00e9on D\u00fa\",\"description\":\"\",\"potentialAction\":[{\"@type\":\"SearchAction\",\"target\":{\"@type\":\"EntryPoint\",\"urlTemplate\":\"https:\/\/coreondu.world\/?s={search_term_string}\"},\"query-input\":{\"@type\":\"PropertyValueSpecification\",\"valueRequired\":true,\"valueName\":\"search_term_string\"}}],\"inLanguage\":\"en-GB\"},{\"@type\":\"Person\",\"@id\":\"https:\/\/coreondu.world\/#\/schema\/person\/d8a560761df497646fe0e605ac2ad4fa\",\"name\":\"migracion\",\"image\":{\"@type\":\"ImageObject\",\"inLanguage\":\"en-GB\",\"@id\":\"https:\/\/coreondu.world\/#\/schema\/person\/image\/\",\"url\":\"https:\/\/secure.gravatar.com\/avatar\/7748b659d7bf7331a213b118c72a1305f9e6c61e76b2999647f0f6b5d422402e?s=96&d=mm&r=g\",\"contentUrl\":\"https:\/\/secure.gravatar.com\/avatar\/7748b659d7bf7331a213b118c72a1305f9e6c61e76b2999647f0f6b5d422402e?s=96&d=mm&r=g\",\"caption\":\"migracion\"}}]}<\/script>\n<!-- \/ Yoast SEO plugin. -->","yoast_head_json":{"title":"\u00c1frica celebra el 25 de mayo: un mosaico de culturas, ideas y logros - Coreon Du","robots":{"index":"index","follow":"follow","max-snippet":"max-snippet:-1","max-image-preview":"max-image-preview:large","max-video-preview":"max-video-preview:-1"},"canonical":"https:\/\/coreondu.world\/en\/africa-celebra-25-mayo-mosaico-culturas-ideas-logros\/","og_locale":"en_GB","og_type":"article","og_title":"\u00c1frica celebra el 25 de mayo: un mosaico de culturas, ideas y logros - Coreon Du","og_description":"El 25 de mayo se celebra el D\u00eda de \u00c1frica, una fecha reconocida por la Uni\u00f3n Africana y respaldada por la ONU como un momento para destacar la riqueza cultural, el ingenio y la visi\u00f3n de futuro del continente. M\u00e1s all\u00e1 de las conmemoraciones tradicionales, es una oportunidad para celebrar los aportes diversos de \u00c1frica al mundo contempor\u00e1neo, desde la tecnolog\u00eda hasta las artes. Un continente que innova y transforma \u00c1frica ha sido cuna de soluciones que han redefinido industrias enteras. El Mobile Banking, desarrollado inicialmente en \u00c1frica Oriental, transform\u00f3 la inclusi\u00f3n financiera para millones. Cient\u00edficos del continente han contribuido a tecnolog\u00edas m\u00e9dicas clave como la tomograf\u00eda axial computarizada (TAC), y fue en Sud\u00e1frica donde se realiz\u00f3 el primer trasplante de coraz\u00f3n humano en 1967. Las mujeres africanas, reconocidas por su liderazgo y resiliencia empresarial, son una fuerza econ\u00f3mica fundamental. El continente alberga algunas de las tasas m\u00e1s altas de emprendimiento femenino del mundo, impulsando cambios sostenibles en sus comunidades. Artes africanas: creatividad con impacto global La proyecci\u00f3n internacional del arte africano contin\u00faa creciendo de manera sostenida. Las obras de artistas del continente han superado los 100 millones de d\u00f3lares en ventas globales, mientras que la m\u00fasica africana ha ganado un protagonismo sin precedentes, con un aumento de m\u00e1s del 22% en su presencia dentro de la industria global. Se espera que esta cifra supere los 300 millones de d\u00f3lares en ingresos para 2026. Asimismo, las industrias audiovisuales africanas \u2014de Nigeria a Sud\u00e1frica, de Marruecos a Kenia\u2014 est\u00e1n dejando una huella firme en los festivales m\u00e1s importantes del mundo, como Cannes, Berlinale y Toronto, y han logrado posicionarse incluso en los premios Oscar, consolidando la narrativa africana como parte esencial del panorama audiovisual global. Angola, PALOP y m\u00e1s all\u00e1: una celebraci\u00f3n pan-africana Los cinco Pa\u00edses Africanos de Lengua Oficial Portuguesa (PALOP), como Angola, constituyen una minor\u00eda en el contexto general, dado que el enfoque de las conversaciones m\u00e1s medi\u00e1ticas, tanto a nivel regional como internacional, suele centrarse en los pa\u00edses de lengua oficial inglesa, francesa, \u00e1rabe o suajili. Sin embargo, Angola, Cabo Verde, Guinea-Bis\u00e1u, Mozambique y Santo Tom\u00e9 y Pr\u00edncipe representan a m\u00e1s de 77 millones de personas en \u00c1frica, lo que equivale al 30 % de la poblaci\u00f3n mundial lusoparlante. Estos pa\u00edses aportan contribuciones de alto impacto regional e internacional, incluyendo fen\u00f3menos virales que unen a la humanidad a trav\u00e9s de la m\u00fasica y el baile, como ocurri\u00f3 con la coreograf\u00eda del colectivo angole\u00f1o Fen\u00f3menos do Semba al ritmo de la canci\u00f3n sudafricana \u201cJerusalema\u201d del DJ Master KG y la vocalista Nomcebo. El impacto global en la industria musical incluye g\u00e9neros como la morna caboverdiana, ya reconocida como considerado Patrimonio Cultural de la Humanidad y destacada en pel\u00edculas galardonadas con el \u00d3scar. Tambi\u00e9n se reconoce al semba de Angola, considerado la ra\u00edz del samba brasile\u00f1o, as\u00ed como a g\u00e9neros m\u00e1s recientes como la kizomba&nbsp;&nbsp; y el kuduro, originados en Angola e influyentes en estrellas internacionales como Rihanna, Maluma, Anitta, JBalvin e incluso Madonna. Asimismo, el afro-house, desarrollado por DJs de Angola, Mozambique y Sud\u00e1frica, contin\u00faa ganando reconocimiento mundial con sus ritmos y coreograf\u00edas, inspirando a artistas como Beyonc\u00e9 y Pedro Sampaio, entre muchos otros. M\u00e1s all\u00e1 del pop internacional, la m\u00fasica electr\u00f3nica y los ritmos urbanos mainstream, los creadores de los PALOP traspasan fronteras y promueven una representaci\u00f3n africana hol\u00edstica dentro y fuera del continente. De hecho, el primer Pabell\u00f3n Africano en la Bienal de Venecia en 2007, comisariado por Simon Njami &nbsp;(Camer\u00fan) y Fernando Alvim (Angola) fue resultado de una iniciativa impulsada por colecciones de arte privadas angole\u00f1as. Estas colecciones albergaban, en ese momento, uno de los mayores fondos de arte panafricano de propiedad africana con sede en el continente. En las industrias de la moda y la belleza, destaca el papel de una nueva generaci\u00f3n de modelos como Maria Borges (Angola), Al\u00e9cia Morais (Cabo Verde) y Amilna Estev\u00e3o (Angola), quienes se atrevieron a desafiar los c\u00e1nones establecidos al promover el cabello natural en las pasarelas internacionales hace casi una d\u00e9cada. Gracias a su autenticidad y valent\u00eda, impulsaron una visi\u00f3n m\u00e1s inclusiva de la belleza, abriendo camino a futuras generaciones de modelos africanas. \u00c1frica se compone de 54 naciones y sus di\u00e1sporas, unidas por una historia compartida y un presente en constante evoluci\u00f3n, caracterizado por la creatividad y el potencial. Hoy, el continente celebra su diversidad, su talento y su capacidad para influir positivamente en el mundo a trav\u00e9s de la innovaci\u00f3n, el arte, la ciencia y la cultura. Hoy, \u00c1frica celebra su diversidad, su talento y su capacidad para influir positivamente en el mundo desde la innovaci\u00f3n, el arte, la ciencia y la cultura. \u00a1Feliz Dia de Africa !","og_url":"https:\/\/coreondu.world\/en\/africa-celebra-25-mayo-mosaico-culturas-ideas-logros\/","og_site_name":"Coreon Du","article_publisher":"https:\/\/www.facebook.com\/CoreonDuOficial\/","article_published_time":"2025-05-25T09:00:00+00:00","article_modified_time":"2025-05-28T09:46:09+00:00","og_image":[{"width":500,"height":500,"url":"https:\/\/coreondu.world\/wp-content\/uploads\/2025\/05\/Diseno-sin-titulo-19.png","type":"image\/png"}],"author":"migracion","twitter_card":"summary_large_image","twitter_misc":{"Written by":"migracion","Estimated reading time":"4 minutes"},"schema":{"@context":"https:\/\/schema.org","@graph":[{"@type":"Article","@id":"https:\/\/coreondu.world\/africa-celebra-25-mayo-mosaico-culturas-ideas-logros\/#article","isPartOf":{"@id":"https:\/\/coreondu.world\/africa-celebra-25-mayo-mosaico-culturas-ideas-logros\/"},"author":{"name":"migracion","@id":"https:\/\/coreondu.world\/#\/schema\/person\/d8a560761df497646fe0e605ac2ad4fa"},"headline":"\u00c1frica celebra el 25 de mayo: un mosaico de culturas, ideas y logros","datePublished":"2025-05-25T09:00:00+00:00","dateModified":"2025-05-28T09:46:09+00:00","mainEntityOfPage":{"@id":"https:\/\/coreondu.world\/africa-celebra-25-mayo-mosaico-culturas-ideas-logros\/"},"wordCount":849,"commentCount":0,"image":{"@id":"https:\/\/coreondu.world\/africa-celebra-25-mayo-mosaico-culturas-ideas-logros\/#primaryimage"},"thumbnailUrl":"https:\/\/coreondu.world\/wp-content\/uploads\/2025\/05\/Diseno-sin-titulo-19.png","keywords":["africa","creatividad","economia","innovaci\u00f3n"],"articleSection":["i d\u00fa"],"inLanguage":"en-GB","potentialAction":[{"@type":"CommentAction","name":"Comment","target":["https:\/\/coreondu.world\/africa-celebra-25-mayo-mosaico-culturas-ideas-logros\/#respond"]}]},{"@type":"WebPage","@id":"https:\/\/coreondu.world\/africa-celebra-25-mayo-mosaico-culturas-ideas-logros\/","url":"https:\/\/coreondu.world\/africa-celebra-25-mayo-mosaico-culturas-ideas-logros\/","name":"\u00c1frica celebra el 25 de mayo: un mosaico de culturas, ideas y logros - Coreon Du","isPartOf":{"@id":"https:\/\/coreondu.world\/#website"},"primaryImageOfPage":{"@id":"https:\/\/coreondu.world\/africa-celebra-25-mayo-mosaico-culturas-ideas-logros\/#primaryimage"},"image":{"@id":"https:\/\/coreondu.world\/africa-celebra-25-mayo-mosaico-culturas-ideas-logros\/#primaryimage"},"thumbnailUrl":"https:\/\/coreondu.world\/wp-content\/uploads\/2025\/05\/Diseno-sin-titulo-19.png","datePublished":"2025-05-25T09:00:00+00:00","dateModified":"2025-05-28T09:46:09+00:00","author":{"@id":"https:\/\/coreondu.world\/#\/schema\/person\/d8a560761df497646fe0e605ac2ad4fa"},"breadcrumb":{"@id":"https:\/\/coreondu.world\/africa-celebra-25-mayo-mosaico-culturas-ideas-logros\/#breadcrumb"},"inLanguage":"en-GB","potentialAction":[{"@type":"ReadAction","target":["https:\/\/coreondu.world\/africa-celebra-25-mayo-mosaico-culturas-ideas-logros\/"]}]},{"@type":"ImageObject","inLanguage":"en-GB","@id":"https:\/\/coreondu.world\/africa-celebra-25-mayo-mosaico-culturas-ideas-logros\/#primaryimage","url":"https:\/\/coreondu.world\/wp-content\/uploads\/2025\/05\/Diseno-sin-titulo-19.png","contentUrl":"https:\/\/coreondu.world\/wp-content\/uploads\/2025\/05\/Diseno-sin-titulo-19.png","width":500,"height":500,"caption":"PALOP, Angola, m\u00fasica, cultura, arte, kizomba, afro-house, identidad, cor\u00e9on d\u00fa"},{"@type":"BreadcrumbList","@id":"https:\/\/coreondu.world\/africa-celebra-25-mayo-mosaico-culturas-ideas-logros\/#breadcrumb","itemListElement":[{"@type":"ListItem","position":1,"name":"Portada","item":"https:\/\/coreondu.world\/"},{"@type":"ListItem","position":2,"name":"\u00c1frica celebra el 25 de mayo: un mosaico de culturas, ideas y logros"}]},{"@type":"WebSite","@id":"https:\/\/coreondu.world\/#website","url":"https:\/\/coreondu.world\/","name":"Cor\u00e9on D\u00fa","description":"","potentialAction":[{"@type":"SearchAction","target":{"@type":"EntryPoint","urlTemplate":"https:\/\/coreondu.world\/?s={search_term_string}"},"query-input":{"@type":"PropertyValueSpecification","valueRequired":true,"valueName":"search_term_string"}}],"inLanguage":"en-GB"},{"@type":"Person","@id":"https:\/\/coreondu.world\/#\/schema\/person\/d8a560761df497646fe0e605ac2ad4fa","name":"migracion","image":{"@type":"ImageObject","inLanguage":"en-GB","@id":"https:\/\/coreondu.world\/#\/schema\/person\/image\/","url":"https:\/\/secure.gravatar.com\/avatar\/7748b659d7bf7331a213b118c72a1305f9e6c61e76b2999647f0f6b5d422402e?s=96&d=mm&r=g","contentUrl":"https:\/\/secure.gravatar.com\/avatar\/7748b659d7bf7331a213b118c72a1305f9e6c61e76b2999647f0f6b5d422402e?s=96&d=mm&r=g","caption":"migracion"}}]}},"_links":{"self":[{"href":"https:\/\/coreondu.world\/en\/wp-json\/wp\/v2\/posts\/1361","targetHints":{"allow":["GET"]}}],"collection":[{"href":"https:\/\/coreondu.world\/en\/wp-json\/wp\/v2\/posts"}],"about":[{"href":"https:\/\/coreondu.world\/en\/wp-json\/wp\/v2\/types\/post"}],"author":[{"embeddable":true,"href":"https:\/\/coreondu.world\/en\/wp-json\/wp\/v2\/users\/2"}],"replies":[{"embeddable":true,"href":"https:\/\/coreondu.world\/en\/wp-json\/wp\/v2\/comments?post=1361"}],"version-history":[{"count":3,"href":"https:\/\/coreondu.world\/en\/wp-json\/wp\/v2\/posts\/1361\/revisions"}],"predecessor-version":[{"id":1366,"href":"https:\/\/coreondu.world\/en\/wp-json\/wp\/v2\/posts\/1361\/revisions\/1366"}],"wp:featuredmedia":[{"embeddable":true,"href":"https:\/\/coreondu.world\/en\/wp-json\/wp\/v2\/media\/1363"}],"wp:attachment":[{"href":"https:\/\/coreondu.world\/en\/wp-json\/wp\/v2\/media?parent=1361"}],"wp:term":[{"taxonomy":"category","embeddable":true,"href":"https:\/\/coreondu.world\/en\/wp-json\/wp\/v2\/categories?post=1361"},{"taxonomy":"post_tag","embeddable":true,"href":"https:\/\/coreondu.world\/en\/wp-json\/wp\/v2\/tags?post=1361"}],"curies":[{"name":"wp","href":"https:\/\/api.w.org\/{rel}","templated":true}]}}