{"id":1313,"date":"2025-04-15T16:35:26","date_gmt":"2025-04-15T14:35:26","guid":{"rendered":"https:\/\/coreondu.world\/?p=1313"},"modified":"2025-04-15T16:35:27","modified_gmt":"2025-04-15T14:35:27","slug":"coreon-du-moda-celebridades","status":"publish","type":"post","link":"https:\/\/coreondu.world\/en\/coreon-du-moda-celebridades\/","title":{"rendered":"Fashion as a musical expression and its expansion into design"},"content":{"rendered":"<p>The relationship between fashion and music has always been a way of cultural and identity expression. Throughout history, musical genres have influenced clothing trends, and vice versa, establishing a deep connection between sound art and textiles. But today, this synergy has transcended fashion to also impact interior design and object design, reflecting a global phenomenon that defines lifestyles in their entirety.<\/p>\n\n\n\n<h2 class=\"wp-block-heading\"><strong>Fashion and music: a creative and historical relationship<\/strong><\/h2>\n\n\n\n<p>From the golden years of rock to the contemporary urban scene, music has been a driving force in fashion. Iconic bands like The Beatles, The Rolling Stones and punk artists like the Sex Pistols have left their mark through signature styles that became benchmarks of their era. In the 1980s, David Bowie's glam rock and Madonna's pop set trends that influenced entire generations.<\/p>\n\n\n\n<p>In addition to being a musician and icon of clothing aesthetics, Lenny Kravitz has a renowned interior architecture firm, <a href=\"https:\/\/www.nytimes.com\/2017\/02\/24\/realestate\/lenny-kravitz-is-the-interior-designer-for-a-nolita-building.html\">Kravitz Design,<\/a> who has worked on prestigious projects such as luxury suites for hotels and exclusive residences.<\/p>\n\n\n\n<p>Today, fashion and music continue to merge, with artists such as Pharrell Williams, Rihanna, BLACKPINK, Bad Bunny, Beyonc\u00e9 and the iconic David Bowie setting trends through their clothing and collaborations with major brands. A recent example is Beyonc\u00e9, whose music not only impacts pop culture, but also fashion; her latest release had a direct effect on the brand. <a href=\"https:\/\/es.rollingstone.com\/levis-lanza-una-nueva-campana-mundial-protagonizada-por-beyonce\/\">Levi's<\/a>which boosted the company's sales expectations. This influence is reflected in the way new generations adopt styles inspired by their favourite musicians, consolidating an aesthetic that is unique to each sound movement.<\/p>\n\n\n\n<p>The fashion industry has also strengthened its link with music through strategic partnerships with global artists. A case in point is Jin, a member of <a href=\"https:\/\/wwd.com\/fashion-news\/designer-luxury\/gucci-bts-jin-global-brand-ambassador-1236531946\/\">BTS<\/a>who was recently appointed global ambassador for Gucci, further cementing the influence of music in the luxury industry. This phenomenon, in which musicians become the faces of major brands, reflects the evolution of fashion marketing and the cultural impact of music stars on consumption and trends.<\/p>\n\n\n\n<p>In this global landscape, the growing visibility of African and Afro-diasporic artists in the fashion industry is also noteworthy. Burna Boy, for example, has collaborated with brands such as <a href=\"https:\/\/www.pulse.ng\/articles\/lifestyle\/fashion\/burna-boys-top-5-international-fashion-collaborations-2024092616591091867\">Burberry<\/a> and G-Star Raw, which has established him as a global style icon. Rising South African pop star Tyla has worked with GAP and Nike, while Malian-born French singer Aya Nakamura has been chosen as a Lanc\u00f4me ambassador. These <a href=\"https:\/\/www.voguebusiness.com\/story\/fashion\/international-luxury-brands-wake-up-to-the-african-music-boom\">partnerships<\/a> not only reinforce the presence of new voices on the fashion circuit, but also reflect how African music is redefining the aesthetic and cultural map of major international houses.<\/p>\n\n\n\n<h2 class=\"wp-block-heading\"><strong>Expansion into interior design and architecture<\/strong><\/h2>\n\n\n<div class=\"wp-block-image\">\n<figure class=\"aligncenter size-full is-resized\"><img fetchpriority=\"high\" decoding=\"async\" width=\"480\" height=\"728\" src=\"https:\/\/coreondu.world\/wp-content\/uploads\/2025\/04\/coreon-du.-2.jpg\" alt=\"\" class=\"wp-image-1315\" style=\"width:319px;height:auto\" srcset=\"https:\/\/coreondu.world\/wp-content\/uploads\/2025\/04\/coreon-du.-2.jpg 480w, https:\/\/coreondu.world\/wp-content\/uploads\/2025\/04\/coreon-du.-2-198x300.jpg 198w\" sizes=\"(max-width: 480px) 100vw, 480px\" \/><\/figure><\/div>\n\n\n<p>The influence of fashion is not limited to clothing. Nowadays, the textile and chromatic trends that dominate the catwalks are also having an impact on the design of spaces. Minimalism and maximalism, two opposing trends that coexist today, have found their expression in fashion as well as in interior decoration and architecture. The post-pandemic economic crisis has generated a polarisation in trends: on the one hand, a sober and functional minimalism; on the other, a nostalgic and overloaded maximalism.<\/p>\n\n\n\n<p>The concepts and stylistic elements seen in fashion are carried over into interior design. From the colour palette to the choice of materials, emerging aesthetics reflect a desire for personal expression that goes beyond clothing, where they are integrated into the composition of spaces and objects.<\/p>\n\n\n\n<h2 class=\"wp-block-heading\"><strong>Economic indicators in fashion and design<\/strong><\/h2>\n\n\n\n<p>Interestingly, the relationship between fashion and economics has also been studied through indicators such as the \"Fashion and Economy\" index.<a href=\"https:\/\/oaklandpostonline.com\/47204\/politics\/when-fashion-meets-finance-the-hemline-index\/\">Hemline Index<\/a>\"and the \"<a href=\"https:\/\/www.washingtonpost.com\/wp-dyn\/content\/article\/2009\/08\/30\/AR2009083002761.html\">Men's Underwear Index<\/a>\". These concepts suggest that fashion trends can reflect global economic changes, something that has also been reflected in interior design.<\/p>\n\n\n\n<p>Fashion as a musical expression has been, and will continue to be, a key form of cultural identity. However, its influence has grown beyond costume, permeating the design of spaces and objects. In a world where the arts are increasingly converging, understanding this interconnectedness allows us to appreciate how a generation's aesthetic manifests itself in different aspects of everyday life. As trends evolve, we are likely to continue to see this expansion into new forms of artistic expression and design.<\/p>\n\n\n\n<p><\/p>","protected":false},"excerpt":{"rendered":"<p>The relationship between fashion and music has always been a way of cultural and identity expression. Throughout history, musical genres have influenced clothing trends, and vice versa, establishing a deep connection between sound art and textiles. But today, this synergy has transcended fashion to also impact interior design and object design, reflecting a global phenomenon that defines lifestyles in their entirety. Fashion and music: a creative and historical relationship From the golden years of rock to the contemporary urban scene, music has been a driving force in fashion. Iconic bands such as The Beatles, The Rolling Stones and punk artists like the Sex Pistols have left their mark through signature styles that became benchmarks of their era. In the 1980s, David Bowie's glam rock and Madonna's pop set trends that influenced entire generations. In addition to being a musician and icon of clothing aesthetics, Lenny Kravitz has a renowned interior architecture firm, Kravitz Design, which has worked on prestigious projects such as luxury suites for hotels and exclusive residences. Today, fashion and music continue to merge, with artists such as Pharrell Williams, Rihanna, BLACKPINK, Bad Bunny, Beyonc\u00e9 and the iconic David Bowie setting trends through their clothing and collaborations with major brands. A recent example is Beyonc\u00e9, whose music not only impacts pop culture, but also fashion; her latest release had a direct effect on the Levi's brand, boosting the company's sales expectations. This influence is reflected in the way new generations adopt styles inspired by their favourite musicians, consolidating an aesthetic that is unique to each sound movement. The fashion industry has also strengthened its link with music through strategic partnerships with global artists. A case in point is Jin, a member of BTS, who was recently appointed as a global ambassador for Gucci, further consolidating the influence of music in the luxury industry. This phenomenon of musicians becoming the faces of major brands reflects the evolution of fashion marketing and the cultural impact of music stars on consumption and trends. In this global landscape, the growing visibility of African and Afro-diasporic artists in the fashion industry also stands out. Burna Boy, for example, has collaborated with brands such as Burberry and G-Star Raw, establishing him as a global style icon. Rising South African pop star Tyla has worked with GAP and Nike, while Malian-born French singer Aya Nakamura has been chosen as an ambassador for Lanc\u00f4me. These collaborations not only reinforce the presence of new voices on the fashion circuit, but also reflect how African music is redefining the aesthetic and cultural map of major international houses. Expansion into interior design and architecture The influence of fashion is not limited to clothing. Today, the textile and colour trends that dominate the catwalks are also impacting the design of spaces. Minimalism and maximalism, two opposing trends that coexist today, have found their expression in fashion as well as in interior design and architecture. The post-pandemic economic crisis has generated a polarisation in trends: on the one hand, a sober and functional minimalism; on the other, a nostalgic and overloaded maximalism. The concepts and stylistic elements seen in fashion are carried over into interior design. From the colour palette to the choice of materials, emerging aesthetics reflect a desire for personal expression that goes beyond clothing, where they are integrated into the composition of spaces and objects. Economic indicators in fashion and design Interestingly, the relationship between fashion and economics has also been studied through indicators such as the Hemline Index and the Men's Underwear Index. These concepts suggest that fashion trends can reflect global economic changes, something that has also been reflected in interior design. Fashion as a musical expression has been, and will continue to be, a key form of cultural identity. However, its influence has grown beyond costume, permeating the design of spaces and objects. In a world where the arts are increasingly converging, understanding this interconnectedness allows us to appreciate how a generation's aesthetic manifests itself in different aspects of everyday life. As trends evolve, we are likely to continue to see this expansion into new forms of artistic expression and design.<\/p>","protected":false},"author":2,"featured_media":1316,"comment_status":"open","ping_status":"open","sticky":false,"template":"","format":"standard","meta":{"footnotes":""},"categories":[11],"tags":[],"class_list":["post-1313","post","type-post","status-publish","format-standard","has-post-thumbnail","hentry","category-we-du"],"yoast_head":"<!-- This site is optimized with the Yoast SEO plugin v27.1.1 - https:\/\/yoast.com\/product\/yoast-seo-wordpress\/ -->\n<title>La moda como expresi\u00f3n musical y su expansi\u00f3n hacia el dise\u00f1o - Coreon Du<\/title>\n<meta name=\"robots\" content=\"index, follow, max-snippet:-1, max-image-preview:large, max-video-preview:-1\" \/>\n<link rel=\"canonical\" href=\"https:\/\/coreondu.world\/en\/coreon-du-moda-celebridades\/\" \/>\n<meta property=\"og:locale\" content=\"en_GB\" \/>\n<meta property=\"og:type\" content=\"article\" \/>\n<meta property=\"og:title\" content=\"La moda como expresi\u00f3n musical y su expansi\u00f3n hacia el dise\u00f1o - Coreon Du\" \/>\n<meta property=\"og:description\" content=\"La relaci\u00f3n entre la moda y la m\u00fasica ha sido siempre una v\u00eda de expresi\u00f3n cultural e identitaria. A lo largo de la historia, los g\u00e9neros musicales han influenciado tendencias de vestimenta, y viceversa, estableciendo una conexi\u00f3n profunda entre el arte sonoro y el textil. Pero en la actualidad, esta sinergia ha trascendido la moda para impactar tambi\u00e9n el dise\u00f1o de interiores y el object design, reflejando un fen\u00f3meno global que define estilos de vida en su totalidad. Moda y m\u00fasica: una relaci\u00f3n creativa e hist\u00f3rica Desde los a\u00f1os dorados del rock hasta la escena urbana contempor\u00e1nea, la m\u00fasica ha sido una fuerza motriz en la moda. Bandas ic\u00f3nicas como The Beatles, The Rolling Stones y artistas de punk como los Sex Pistols han dejado su huella a trav\u00e9s de estilos caracter\u00edsticos que se convirtieron en referentes de su \u00e9poca. En los 80, el glam rock de David Bowie y el pop de Madonna marcaron tendencias que influyeron en generaciones enteras. Adem\u00e1s de m\u00fasico e \u00edcono de est\u00e9tica vestimentaria, Lenny Kravitz tiene una firma de arquitectura de interiores reconocida, Kravitz Design, que ha trabajado en proyectos de gran prestigio, como suites de lujo para hoteles y residencias exclusivas. Hoy en d\u00eda, la moda y la m\u00fasica contin\u00faan fusion\u00e1ndose, con artistas como Pharrell Williams, Rihanna, BLACKPINK, Bad Bunny, Beyonc\u00e9 o el ic\u00f3nico David Bowie, que marcan tendencia a trav\u00e9s de su vestimenta y colaboraciones con grandes marcas. Un ejemplo reciente es Beyonc\u00e9, cuya m\u00fasica no solo impacta en la cultura pop, sino tambi\u00e9n en la moda; su \u00faltimo lanzamiento tuvo un efecto directo en la marca Levi\u2019s, lo que impuls\u00f3 las expectativas de ventas de la compa\u00f1\u00eda. Esta influencia se refleja en la forma en que las nuevas generaciones adoptan estilos inspirados en sus m\u00fasicos favoritos, consolidando una est\u00e9tica propia de cada movimiento sonoro. Asimismo, la industria de la moda ha reforzado su v\u00ednculo con la m\u00fasica a trav\u00e9s de asociaciones estrat\u00e9gicas con artistas globales. Un caso destacado es Jin, miembro de BTS, quien recientemente fue nombrado embajador global de Gucci, lo que ha consolidado a\u00fan m\u00e1s la influencia de la m\u00fasica en la industria del lujo. Este fen\u00f3meno, en el que m\u00fasicos se convierten en rostros de grandes marcas, refleja la evoluci\u00f3n del marketing de moda y el impacto cultural de las estrellas musicales en el consumo y las tendencias. En este panorama global, tambi\u00e9n se destaca la creciente visibilidad de artistas africanos y afrodiasp\u00f3ricos en la industria de la moda. Burna Boy, por ejemplo, ha colaborado con marcas como Burberry y G-Star Raw, lo que le ha consolidado como un \u00edcono de estilo a nivel mundial. Tyla, estrella emergente del pop sudafricano, ha trabajado con GAP y Nike, mientras que la cantante francesa de origen maliense Aya Nakamura ha sido elegida como embajadora de Lanc\u00f4me. Estas colaboraciones no solo refuerzan la presencia de nuevas voces en el circuito de la moda, sino que tambi\u00e9n reflejan c\u00f3mo la m\u00fasica africana est\u00e1 redefiniendo el mapa est\u00e9tico y cultural de las grandes casas internacionales. Expansi\u00f3n hacia el dise\u00f1o y la arquitectura de interiores La influencia de la moda no se limita a la vestimenta. En la actualidad, las tendencias textiles y crom\u00e1ticas que dominan las pasarelas est\u00e1n impactando tambi\u00e9n el dise\u00f1o de espacios. El minimalismo y el maximalismo, dos corrientes opuestas que coexisten hoy en d\u00eda, han encontrado su expresi\u00f3n tanto en la moda como en la decoraci\u00f3n y arquitectura de interiores. La crisis econ\u00f3mica postpandemia ha generado una polarizaci\u00f3n en las tendencias: por un lado, un minimalismo sobrio y funcional; por otro, un maximalismo nost\u00e1lgico y recargado. Los conceptos y elementos estil\u00edsticos que se ven en la moda se trasladan al dise\u00f1o de interiores. Desde la paleta de colores hasta la selecci\u00f3n de materiales, las est\u00e9ticas emergentes reflejan un deseo de expresi\u00f3n personal que va m\u00e1s all\u00e1 de la ropa, donde se integran en la composici\u00f3n de espacios y objetos. Indicadores econ\u00f3micos en la moda y el dise\u00f1o Curiosamente, la relaci\u00f3n entre moda y econom\u00eda tambi\u00e9n ha sido estudiada a trav\u00e9s de indicadores como el \u00abHemline Index\u00bb y el \u00abMen\u2019s Underwear Index\u00ab. Estos conceptos sugieren que las tendencias de moda pueden reflejar cambios econ\u00f3micos globales, algo que se ha visto reflejado tambi\u00e9n en el dise\u00f1o de interiores. La moda como expresi\u00f3n musical ha sido, y seguir\u00e1 siendo, una forma clave de identidad cultural. Sin embargo, su influencia ha crecido m\u00e1s all\u00e1 del vestuario, permeando el dise\u00f1o de espacios y objetos. En un mundo donde las artes convergen cada vez m\u00e1s, comprender esta interconexi\u00f3n nos permite apreciar c\u00f3mo la est\u00e9tica de una generaci\u00f3n se manifiesta en distintos aspectos de la vida cotidiana. A medida que las tendencias evolucionan, es probable que sigamos viendo esta expansi\u00f3n en nuevas formas de expresi\u00f3n art\u00edstica y dise\u00f1o.\" \/>\n<meta property=\"og:url\" content=\"https:\/\/coreondu.world\/en\/coreon-du-moda-celebridades\/\" \/>\n<meta property=\"og:site_name\" content=\"Coreon Du\" \/>\n<meta property=\"article:publisher\" content=\"https:\/\/www.facebook.com\/CoreonDuOficial\/\" \/>\n<meta property=\"article:published_time\" content=\"2025-04-15T14:35:26+00:00\" \/>\n<meta property=\"article:modified_time\" content=\"2025-04-15T14:35:27+00:00\" \/>\n<meta property=\"og:image\" content=\"https:\/\/coreondu.world\/wp-content\/uploads\/2025\/04\/coreon-du.-1.jpg\" \/>\n\t<meta property=\"og:image:width\" content=\"500\" \/>\n\t<meta property=\"og:image:height\" content=\"500\" \/>\n\t<meta property=\"og:image:type\" content=\"image\/jpeg\" \/>\n<meta name=\"author\" content=\"migracion\" \/>\n<meta name=\"twitter:card\" content=\"summary_large_image\" \/>\n<meta name=\"twitter:label1\" content=\"Written by\" \/>\n\t<meta name=\"twitter:data1\" content=\"migracion\" \/>\n\t<meta name=\"twitter:label2\" content=\"Estimated reading time\" \/>\n\t<meta name=\"twitter:data2\" content=\"5 minutes\" \/>\n<script type=\"application\/ld+json\" class=\"yoast-schema-graph\">{\"@context\":\"https:\/\/schema.org\",\"@graph\":[{\"@type\":\"Article\",\"@id\":\"https:\/\/coreondu.world\/coreon-du-moda-celebridades\/#article\",\"isPartOf\":{\"@id\":\"https:\/\/coreondu.world\/coreon-du-moda-celebridades\/\"},\"author\":{\"name\":\"migracion\",\"@id\":\"https:\/\/coreondu.world\/#\/schema\/person\/d8a560761df497646fe0e605ac2ad4fa\"},\"headline\":\"La moda como expresi\u00f3n musical y su expansi\u00f3n hacia el dise\u00f1o\",\"datePublished\":\"2025-04-15T14:35:26+00:00\",\"dateModified\":\"2025-04-15T14:35:27+00:00\",\"mainEntityOfPage\":{\"@id\":\"https:\/\/coreondu.world\/coreon-du-moda-celebridades\/\"},\"wordCount\":895,\"commentCount\":0,\"image\":{\"@id\":\"https:\/\/coreondu.world\/coreon-du-moda-celebridades\/#primaryimage\"},\"thumbnailUrl\":\"https:\/\/coreondu.world\/wp-content\/uploads\/2025\/04\/coreon-du.-1.jpg\",\"articleSection\":[\"we d\u00fa\"],\"inLanguage\":\"en-GB\",\"potentialAction\":[{\"@type\":\"CommentAction\",\"name\":\"Comment\",\"target\":[\"https:\/\/coreondu.world\/coreon-du-moda-celebridades\/#respond\"]}]},{\"@type\":\"WebPage\",\"@id\":\"https:\/\/coreondu.world\/coreon-du-moda-celebridades\/\",\"url\":\"https:\/\/coreondu.world\/coreon-du-moda-celebridades\/\",\"name\":\"La moda como expresi\u00f3n musical y su expansi\u00f3n hacia el dise\u00f1o - Coreon Du\",\"isPartOf\":{\"@id\":\"https:\/\/coreondu.world\/#website\"},\"primaryImageOfPage\":{\"@id\":\"https:\/\/coreondu.world\/coreon-du-moda-celebridades\/#primaryimage\"},\"image\":{\"@id\":\"https:\/\/coreondu.world\/coreon-du-moda-celebridades\/#primaryimage\"},\"thumbnailUrl\":\"https:\/\/coreondu.world\/wp-content\/uploads\/2025\/04\/coreon-du.-1.jpg\",\"datePublished\":\"2025-04-15T14:35:26+00:00\",\"dateModified\":\"2025-04-15T14:35:27+00:00\",\"author\":{\"@id\":\"https:\/\/coreondu.world\/#\/schema\/person\/d8a560761df497646fe0e605ac2ad4fa\"},\"breadcrumb\":{\"@id\":\"https:\/\/coreondu.world\/coreon-du-moda-celebridades\/#breadcrumb\"},\"inLanguage\":\"en-GB\",\"potentialAction\":[{\"@type\":\"ReadAction\",\"target\":[\"https:\/\/coreondu.world\/coreon-du-moda-celebridades\/\"]}]},{\"@type\":\"ImageObject\",\"inLanguage\":\"en-GB\",\"@id\":\"https:\/\/coreondu.world\/coreon-du-moda-celebridades\/#primaryimage\",\"url\":\"https:\/\/coreondu.world\/wp-content\/uploads\/2025\/04\/coreon-du.-1.jpg\",\"contentUrl\":\"https:\/\/coreondu.world\/wp-content\/uploads\/2025\/04\/coreon-du.-1.jpg\",\"width\":500,\"height\":500,\"caption\":\"coreon du, moda, fashion, famosos\"},{\"@type\":\"BreadcrumbList\",\"@id\":\"https:\/\/coreondu.world\/coreon-du-moda-celebridades\/#breadcrumb\",\"itemListElement\":[{\"@type\":\"ListItem\",\"position\":1,\"name\":\"Portada\",\"item\":\"https:\/\/coreondu.world\/\"},{\"@type\":\"ListItem\",\"position\":2,\"name\":\"La moda como expresi\u00f3n musical y su expansi\u00f3n hacia el dise\u00f1o\"}]},{\"@type\":\"WebSite\",\"@id\":\"https:\/\/coreondu.world\/#website\",\"url\":\"https:\/\/coreondu.world\/\",\"name\":\"Cor\u00e9on D\u00fa\",\"description\":\"\",\"potentialAction\":[{\"@type\":\"SearchAction\",\"target\":{\"@type\":\"EntryPoint\",\"urlTemplate\":\"https:\/\/coreondu.world\/?s={search_term_string}\"},\"query-input\":{\"@type\":\"PropertyValueSpecification\",\"valueRequired\":true,\"valueName\":\"search_term_string\"}}],\"inLanguage\":\"en-GB\"},{\"@type\":\"Person\",\"@id\":\"https:\/\/coreondu.world\/#\/schema\/person\/d8a560761df497646fe0e605ac2ad4fa\",\"name\":\"migracion\",\"image\":{\"@type\":\"ImageObject\",\"inLanguage\":\"en-GB\",\"@id\":\"https:\/\/coreondu.world\/#\/schema\/person\/image\/\",\"url\":\"https:\/\/secure.gravatar.com\/avatar\/7748b659d7bf7331a213b118c72a1305f9e6c61e76b2999647f0f6b5d422402e?s=96&d=mm&r=g\",\"contentUrl\":\"https:\/\/secure.gravatar.com\/avatar\/7748b659d7bf7331a213b118c72a1305f9e6c61e76b2999647f0f6b5d422402e?s=96&d=mm&r=g\",\"caption\":\"migracion\"}}]}<\/script>\n<!-- \/ Yoast SEO plugin. -->","yoast_head_json":{"title":"La moda como expresi\u00f3n musical y su expansi\u00f3n hacia el dise\u00f1o - Coreon Du","robots":{"index":"index","follow":"follow","max-snippet":"max-snippet:-1","max-image-preview":"max-image-preview:large","max-video-preview":"max-video-preview:-1"},"canonical":"https:\/\/coreondu.world\/en\/coreon-du-moda-celebridades\/","og_locale":"en_GB","og_type":"article","og_title":"La moda como expresi\u00f3n musical y su expansi\u00f3n hacia el dise\u00f1o - Coreon Du","og_description":"La relaci\u00f3n entre la moda y la m\u00fasica ha sido siempre una v\u00eda de expresi\u00f3n cultural e identitaria. A lo largo de la historia, los g\u00e9neros musicales han influenciado tendencias de vestimenta, y viceversa, estableciendo una conexi\u00f3n profunda entre el arte sonoro y el textil. Pero en la actualidad, esta sinergia ha trascendido la moda para impactar tambi\u00e9n el dise\u00f1o de interiores y el object design, reflejando un fen\u00f3meno global que define estilos de vida en su totalidad. Moda y m\u00fasica: una relaci\u00f3n creativa e hist\u00f3rica Desde los a\u00f1os dorados del rock hasta la escena urbana contempor\u00e1nea, la m\u00fasica ha sido una fuerza motriz en la moda. Bandas ic\u00f3nicas como The Beatles, The Rolling Stones y artistas de punk como los Sex Pistols han dejado su huella a trav\u00e9s de estilos caracter\u00edsticos que se convirtieron en referentes de su \u00e9poca. En los 80, el glam rock de David Bowie y el pop de Madonna marcaron tendencias que influyeron en generaciones enteras. Adem\u00e1s de m\u00fasico e \u00edcono de est\u00e9tica vestimentaria, Lenny Kravitz tiene una firma de arquitectura de interiores reconocida, Kravitz Design, que ha trabajado en proyectos de gran prestigio, como suites de lujo para hoteles y residencias exclusivas. Hoy en d\u00eda, la moda y la m\u00fasica contin\u00faan fusion\u00e1ndose, con artistas como Pharrell Williams, Rihanna, BLACKPINK, Bad Bunny, Beyonc\u00e9 o el ic\u00f3nico David Bowie, que marcan tendencia a trav\u00e9s de su vestimenta y colaboraciones con grandes marcas. Un ejemplo reciente es Beyonc\u00e9, cuya m\u00fasica no solo impacta en la cultura pop, sino tambi\u00e9n en la moda; su \u00faltimo lanzamiento tuvo un efecto directo en la marca Levi\u2019s, lo que impuls\u00f3 las expectativas de ventas de la compa\u00f1\u00eda. Esta influencia se refleja en la forma en que las nuevas generaciones adoptan estilos inspirados en sus m\u00fasicos favoritos, consolidando una est\u00e9tica propia de cada movimiento sonoro. Asimismo, la industria de la moda ha reforzado su v\u00ednculo con la m\u00fasica a trav\u00e9s de asociaciones estrat\u00e9gicas con artistas globales. Un caso destacado es Jin, miembro de BTS, quien recientemente fue nombrado embajador global de Gucci, lo que ha consolidado a\u00fan m\u00e1s la influencia de la m\u00fasica en la industria del lujo. Este fen\u00f3meno, en el que m\u00fasicos se convierten en rostros de grandes marcas, refleja la evoluci\u00f3n del marketing de moda y el impacto cultural de las estrellas musicales en el consumo y las tendencias. En este panorama global, tambi\u00e9n se destaca la creciente visibilidad de artistas africanos y afrodiasp\u00f3ricos en la industria de la moda. Burna Boy, por ejemplo, ha colaborado con marcas como Burberry y G-Star Raw, lo que le ha consolidado como un \u00edcono de estilo a nivel mundial. Tyla, estrella emergente del pop sudafricano, ha trabajado con GAP y Nike, mientras que la cantante francesa de origen maliense Aya Nakamura ha sido elegida como embajadora de Lanc\u00f4me. Estas colaboraciones no solo refuerzan la presencia de nuevas voces en el circuito de la moda, sino que tambi\u00e9n reflejan c\u00f3mo la m\u00fasica africana est\u00e1 redefiniendo el mapa est\u00e9tico y cultural de las grandes casas internacionales. Expansi\u00f3n hacia el dise\u00f1o y la arquitectura de interiores La influencia de la moda no se limita a la vestimenta. En la actualidad, las tendencias textiles y crom\u00e1ticas que dominan las pasarelas est\u00e1n impactando tambi\u00e9n el dise\u00f1o de espacios. El minimalismo y el maximalismo, dos corrientes opuestas que coexisten hoy en d\u00eda, han encontrado su expresi\u00f3n tanto en la moda como en la decoraci\u00f3n y arquitectura de interiores. La crisis econ\u00f3mica postpandemia ha generado una polarizaci\u00f3n en las tendencias: por un lado, un minimalismo sobrio y funcional; por otro, un maximalismo nost\u00e1lgico y recargado. Los conceptos y elementos estil\u00edsticos que se ven en la moda se trasladan al dise\u00f1o de interiores. Desde la paleta de colores hasta la selecci\u00f3n de materiales, las est\u00e9ticas emergentes reflejan un deseo de expresi\u00f3n personal que va m\u00e1s all\u00e1 de la ropa, donde se integran en la composici\u00f3n de espacios y objetos. Indicadores econ\u00f3micos en la moda y el dise\u00f1o Curiosamente, la relaci\u00f3n entre moda y econom\u00eda tambi\u00e9n ha sido estudiada a trav\u00e9s de indicadores como el \u00abHemline Index\u00bb y el \u00abMen\u2019s Underwear Index\u00ab. Estos conceptos sugieren que las tendencias de moda pueden reflejar cambios econ\u00f3micos globales, algo que se ha visto reflejado tambi\u00e9n en el dise\u00f1o de interiores. La moda como expresi\u00f3n musical ha sido, y seguir\u00e1 siendo, una forma clave de identidad cultural. Sin embargo, su influencia ha crecido m\u00e1s all\u00e1 del vestuario, permeando el dise\u00f1o de espacios y objetos. En un mundo donde las artes convergen cada vez m\u00e1s, comprender esta interconexi\u00f3n nos permite apreciar c\u00f3mo la est\u00e9tica de una generaci\u00f3n se manifiesta en distintos aspectos de la vida cotidiana. A medida que las tendencias evolucionan, es probable que sigamos viendo esta expansi\u00f3n en nuevas formas de expresi\u00f3n art\u00edstica y dise\u00f1o.","og_url":"https:\/\/coreondu.world\/en\/coreon-du-moda-celebridades\/","og_site_name":"Coreon Du","article_publisher":"https:\/\/www.facebook.com\/CoreonDuOficial\/","article_published_time":"2025-04-15T14:35:26+00:00","article_modified_time":"2025-04-15T14:35:27+00:00","og_image":[{"width":500,"height":500,"url":"https:\/\/coreondu.world\/wp-content\/uploads\/2025\/04\/coreon-du.-1.jpg","type":"image\/jpeg"}],"author":"migracion","twitter_card":"summary_large_image","twitter_misc":{"Written by":"migracion","Estimated reading time":"5 minutes"},"schema":{"@context":"https:\/\/schema.org","@graph":[{"@type":"Article","@id":"https:\/\/coreondu.world\/coreon-du-moda-celebridades\/#article","isPartOf":{"@id":"https:\/\/coreondu.world\/coreon-du-moda-celebridades\/"},"author":{"name":"migracion","@id":"https:\/\/coreondu.world\/#\/schema\/person\/d8a560761df497646fe0e605ac2ad4fa"},"headline":"La moda como expresi\u00f3n musical y su expansi\u00f3n hacia el dise\u00f1o","datePublished":"2025-04-15T14:35:26+00:00","dateModified":"2025-04-15T14:35:27+00:00","mainEntityOfPage":{"@id":"https:\/\/coreondu.world\/coreon-du-moda-celebridades\/"},"wordCount":895,"commentCount":0,"image":{"@id":"https:\/\/coreondu.world\/coreon-du-moda-celebridades\/#primaryimage"},"thumbnailUrl":"https:\/\/coreondu.world\/wp-content\/uploads\/2025\/04\/coreon-du.-1.jpg","articleSection":["we d\u00fa"],"inLanguage":"en-GB","potentialAction":[{"@type":"CommentAction","name":"Comment","target":["https:\/\/coreondu.world\/coreon-du-moda-celebridades\/#respond"]}]},{"@type":"WebPage","@id":"https:\/\/coreondu.world\/coreon-du-moda-celebridades\/","url":"https:\/\/coreondu.world\/coreon-du-moda-celebridades\/","name":"La moda como expresi\u00f3n musical y su expansi\u00f3n hacia el dise\u00f1o - Coreon Du","isPartOf":{"@id":"https:\/\/coreondu.world\/#website"},"primaryImageOfPage":{"@id":"https:\/\/coreondu.world\/coreon-du-moda-celebridades\/#primaryimage"},"image":{"@id":"https:\/\/coreondu.world\/coreon-du-moda-celebridades\/#primaryimage"},"thumbnailUrl":"https:\/\/coreondu.world\/wp-content\/uploads\/2025\/04\/coreon-du.-1.jpg","datePublished":"2025-04-15T14:35:26+00:00","dateModified":"2025-04-15T14:35:27+00:00","author":{"@id":"https:\/\/coreondu.world\/#\/schema\/person\/d8a560761df497646fe0e605ac2ad4fa"},"breadcrumb":{"@id":"https:\/\/coreondu.world\/coreon-du-moda-celebridades\/#breadcrumb"},"inLanguage":"en-GB","potentialAction":[{"@type":"ReadAction","target":["https:\/\/coreondu.world\/coreon-du-moda-celebridades\/"]}]},{"@type":"ImageObject","inLanguage":"en-GB","@id":"https:\/\/coreondu.world\/coreon-du-moda-celebridades\/#primaryimage","url":"https:\/\/coreondu.world\/wp-content\/uploads\/2025\/04\/coreon-du.-1.jpg","contentUrl":"https:\/\/coreondu.world\/wp-content\/uploads\/2025\/04\/coreon-du.-1.jpg","width":500,"height":500,"caption":"coreon du, moda, fashion, famosos"},{"@type":"BreadcrumbList","@id":"https:\/\/coreondu.world\/coreon-du-moda-celebridades\/#breadcrumb","itemListElement":[{"@type":"ListItem","position":1,"name":"Portada","item":"https:\/\/coreondu.world\/"},{"@type":"ListItem","position":2,"name":"La moda como expresi\u00f3n musical y su expansi\u00f3n hacia el dise\u00f1o"}]},{"@type":"WebSite","@id":"https:\/\/coreondu.world\/#website","url":"https:\/\/coreondu.world\/","name":"Cor\u00e9on D\u00fa","description":"","potentialAction":[{"@type":"SearchAction","target":{"@type":"EntryPoint","urlTemplate":"https:\/\/coreondu.world\/?s={search_term_string}"},"query-input":{"@type":"PropertyValueSpecification","valueRequired":true,"valueName":"search_term_string"}}],"inLanguage":"en-GB"},{"@type":"Person","@id":"https:\/\/coreondu.world\/#\/schema\/person\/d8a560761df497646fe0e605ac2ad4fa","name":"migracion","image":{"@type":"ImageObject","inLanguage":"en-GB","@id":"https:\/\/coreondu.world\/#\/schema\/person\/image\/","url":"https:\/\/secure.gravatar.com\/avatar\/7748b659d7bf7331a213b118c72a1305f9e6c61e76b2999647f0f6b5d422402e?s=96&d=mm&r=g","contentUrl":"https:\/\/secure.gravatar.com\/avatar\/7748b659d7bf7331a213b118c72a1305f9e6c61e76b2999647f0f6b5d422402e?s=96&d=mm&r=g","caption":"migracion"}}]}},"_links":{"self":[{"href":"https:\/\/coreondu.world\/en\/wp-json\/wp\/v2\/posts\/1313","targetHints":{"allow":["GET"]}}],"collection":[{"href":"https:\/\/coreondu.world\/en\/wp-json\/wp\/v2\/posts"}],"about":[{"href":"https:\/\/coreondu.world\/en\/wp-json\/wp\/v2\/types\/post"}],"author":[{"embeddable":true,"href":"https:\/\/coreondu.world\/en\/wp-json\/wp\/v2\/users\/2"}],"replies":[{"embeddable":true,"href":"https:\/\/coreondu.world\/en\/wp-json\/wp\/v2\/comments?post=1313"}],"version-history":[{"count":0,"href":"https:\/\/coreondu.world\/en\/wp-json\/wp\/v2\/posts\/1313\/revisions"}],"wp:featuredmedia":[{"embeddable":true,"href":"https:\/\/coreondu.world\/en\/wp-json\/wp\/v2\/media\/1316"}],"wp:attachment":[{"href":"https:\/\/coreondu.world\/en\/wp-json\/wp\/v2\/media?parent=1313"}],"wp:term":[{"taxonomy":"category","embeddable":true,"href":"https:\/\/coreondu.world\/en\/wp-json\/wp\/v2\/categories?post=1313"},{"taxonomy":"post_tag","embeddable":true,"href":"https:\/\/coreondu.world\/en\/wp-json\/wp\/v2\/tags?post=1313"}],"curies":[{"name":"wp","href":"https:\/\/api.w.org\/{rel}","templated":true}]}}