{"id":1301,"date":"2025-03-31T17:03:56","date_gmt":"2025-03-31T15:03:56","guid":{"rendered":"https:\/\/coreondu.world\/?p=1301"},"modified":"2025-03-31T17:03:57","modified_gmt":"2025-03-31T15:03:57","slug":"telhados-de-vidro-colaboracion-album-de-forca-suprema","status":"publish","type":"post","link":"https:\/\/coreondu.world\/en\/telhados-de-vidro-colaboracion-album-de-forca-suprema\/","title":{"rendered":"Telhados de Vidro: my collaboration on For\u00e7a Suprema's album \"Baseado em Factos Reais\"."},"content":{"rendered":"<p>Plato said that \"music is to the soul what gymnastics is to the body\". I am a firm believer in this idea, for music not only entertains us, it strengthens us, gives us balance and helps us to express ourselves in ways that words sometimes cannot reach.<\/p>\n\n\n\n<p>Music has always been a bridge that unites different voices, styles, cultures and realities. When For\u00e7a Suprema invited me to be part of their new album Baseado em Factos Reais, I didn't hesitate to accept. It is an honour to share my art with a group that has left a mark on Lusophone hip hop and continues to promote the musical culture of our region.<\/p>\n\n\n\n<p><strong>My experience in \"Telhados de Vidro\".<\/strong><\/p>\n\n\n\n<p>My participation in the song <a href=\"https:\/\/www.youtube.com\/watch?v=cNWsxBM74BU\">\"Telhados de Vidro<\/a> with Hot Blaze was an enriching experience. The song is a reflection of many realities that we can relate to, addressing issues of transparency, challenge and resilience in a world where people often judge without knowing the full story. From the moment I heard the production, I knew I wanted to bring my voice and energy to this project.<\/p>\n\n\n\n<p>The release of Baseado em Factos Reais on 14 February 2025 has been a resounding success, and I couldn't be happier for my brothers in For\u00e7a Suprema. Surpassing one million streams on Spotify in its first week is a testament to the impact this work has had on the audience. This achievement is more than deserved, and I can only congratulate NGA, Prod\u00edgio, Don G and Masta for continuing to build a legacy with each release.<\/p>\n\n\n\n<p><strong>Find out more about Core\u00f3n D\u00fa<\/strong><\/p>\n\n\n\n<p>Music connects us, lifts us up and gives us new perspectives. If you enjoyed this collaboration, I invite you to discover more of my universe. My music is a journey through rhythms, emotions and cultures, always with a story to tell. Find it here: <a href=\"https:\/\/open.spotify.com\/playlist\/37i9dQZF1DZ06evO2ARBHr\">My Playlist on Spotify<\/a> and let yourself be carried away by the sounds that unite us.<\/p>","protected":false},"excerpt":{"rendered":"<p>Plato said that \"music is to the soul what gymnastics is to the body\". I am a firm believer in this idea, because music not only entertains us, it strengthens us, gives us balance and helps us to express ourselves in ways that words sometimes cannot reach. Music has always been a bridge that unites different voices, styles, cultures and realities. When For\u00e7a Suprema invited me to be part of their new album Baseado em Factos Reais, I didn't hesitate to accept. It is an honour to share my art with a group that has left a mark on Lusophone hip hop and continues to promote the musical culture of our region. My experience in \"Telhados de Vidro\" My participation in the song \"Telhados de Vidro\" with Hot Blaze was an enriching experience. The song is a reflection of many realities that we can identify with, addressing issues of transparency, challenges and resilience in a world where we often judge without knowing the whole story. From the moment I heard the production, I knew I wanted to bring my voice and energy to this project. The release of Baseado em Factos Reais on 14 February 2025 has been a resounding success, and I couldn't be happier for my brothers in For\u00e7a Suprema. Surpassing one million streams on Spotify in its first week is a testament to the impact this work has had on the audience. This achievement is more than deserved, and I can only congratulate NGA, Prod\u00edgio, Don G and Masta for continuing to build a legacy with each release. Discover more from Core\u00f3n D\u00fa Music connects us, uplifts us and gives us new perspectives. If you enjoyed this collaboration, I invite you to discover more of my universe. My music is a journey through rhythms, emotions and cultures, always with a story to tell. Find it here: My Playlist on Spotify and let yourself be carried away by the sounds that unite us.<\/p>","protected":false},"author":2,"featured_media":1302,"comment_status":"open","ping_status":"open","sticky":false,"template":"","format":"standard","meta":{"footnotes":""},"categories":[9],"tags":[],"class_list":["post-1301","post","type-post","status-publish","format-standard","has-post-thumbnail","hentry","category-i-du"],"yoast_head":"<!-- This site is optimized with the Yoast SEO plugin v27.1.1 - https:\/\/yoast.com\/product\/yoast-seo-wordpress\/ -->\n<title>Telhados de Vidro: mi colaboraci\u00f3n en el \u00e1lbum &quot;Baseado em Factos Reais&quot; de For\u00e7a Suprema - Coreon Du<\/title>\n<meta name=\"robots\" content=\"index, follow, max-snippet:-1, max-image-preview:large, max-video-preview:-1\" \/>\n<link rel=\"canonical\" href=\"https:\/\/coreondu.world\/en\/telhados-de-vidro-colaboracion-album-de-forca-suprema\/\" \/>\n<meta property=\"og:locale\" content=\"en_GB\" \/>\n<meta property=\"og:type\" content=\"article\" \/>\n<meta property=\"og:title\" content=\"Telhados de Vidro: mi colaboraci\u00f3n en el \u00e1lbum &quot;Baseado em Factos Reais&quot; de For\u00e7a Suprema - Coreon Du\" \/>\n<meta property=\"og:description\" content=\"Plat\u00f3n dec\u00eda que \u00abla m\u00fasica es para el alma lo que la gimnasia para el cuerpo\u00bb. Creo firmemente en esta idea, pues la m\u00fasica no solo nos entretiene, sino que nos fortalece, nos da equilibrio y nos ayuda a expresarnos de maneras que a veces las palabras no pueden alcanzar. La m\u00fasica siempre ha sido un puente que une diferentes voces, estilos, culturas y realidades. Cuando For\u00e7a Suprema me invit\u00f3 a formar parte de su nuevo \u00e1lbum Baseado em Factos Reais, no dud\u00e9 en aceptar. Es un honor compartir mi arte con un grupo que ha dejado una huella en el hip hop lus\u00f3fono y que contin\u00faa promoviendo la cultura musical de nuestra regi\u00f3n. Mi experiencia en \u201cTelhados de Vidro\u201d Mi participaci\u00f3n en la canci\u00f3n \u00abTelhados de Vidro\u00bb junto a Hot Blaze fue una experiencia enriquecedora. La canci\u00f3n es un reflejo de muchas realidades con las que nos podemos identificar, y que abordan temas de transparencia, desaf\u00edos y resiliencia en un mundo donde muchas veces se juzga sin conocer la historia completa. Desde el momento en que escuch\u00e9 la producci\u00f3n, supe que quer\u00eda aportar mi voz y energ\u00eda a este proyecto. El lanzamiento de Baseado em Factos Reais el 14 de febrero de 2025 ha sido un \u00e9xito rotundo, y no podr\u00eda estar m\u00e1s feliz por mis hermanos de For\u00e7a Suprema. Superar el mill\u00f3n de streams en Spotify en su primera semana es una prueba del impacto que este trabajo ha tenido en la audiencia. Este logro es m\u00e1s que merecido, y solo puedo felicitar a NGA, Prod\u00edgio, Don G y Masta por seguir construyendo un legado con cada lanzamiento. Descubre m\u00e1s de Core\u00f3n D\u00fa La m\u00fasica nos conecta, nos eleva y nos da nuevas perspectivas. Si te ha gustado esta colaboraci\u00f3n, te invito a descubrir m\u00e1s de mi universo. Mi m\u00fasica es un viaje a trav\u00e9s de ritmos, emociones y culturas, siempre con una historia que contar. Encu\u00e9ntrala aqu\u00ed: Mi Playlist en Spotify y d\u00e9jate llevar por los sonidos que nos unen.\" \/>\n<meta property=\"og:url\" content=\"https:\/\/coreondu.world\/en\/telhados-de-vidro-colaboracion-album-de-forca-suprema\/\" \/>\n<meta property=\"og:site_name\" content=\"Coreon Du\" \/>\n<meta property=\"article:publisher\" content=\"https:\/\/www.facebook.com\/CoreonDuOficial\/\" \/>\n<meta property=\"article:published_time\" content=\"2025-03-31T15:03:56+00:00\" \/>\n<meta property=\"article:modified_time\" content=\"2025-03-31T15:03:57+00:00\" \/>\n<meta property=\"og:image\" content=\"https:\/\/coreondu.world\/wp-content\/uploads\/2025\/03\/Diseno-sin-titulo-2.png\" \/>\n\t<meta property=\"og:image:width\" content=\"500\" \/>\n\t<meta property=\"og:image:height\" content=\"500\" \/>\n\t<meta property=\"og:image:type\" content=\"image\/png\" \/>\n<meta name=\"author\" content=\"migracion\" \/>\n<meta name=\"twitter:card\" content=\"summary_large_image\" \/>\n<meta name=\"twitter:label1\" content=\"Written by\" \/>\n\t<meta name=\"twitter:data1\" content=\"migracion\" \/>\n\t<meta name=\"twitter:label2\" content=\"Estimated reading time\" \/>\n\t<meta name=\"twitter:data2\" content=\"2 minutes\" \/>\n<script type=\"application\/ld+json\" class=\"yoast-schema-graph\">{\"@context\":\"https:\/\/schema.org\",\"@graph\":[{\"@type\":\"Article\",\"@id\":\"https:\/\/coreondu.world\/telhados-de-vidro-colaboracion-album-de-forca-suprema\/#article\",\"isPartOf\":{\"@id\":\"https:\/\/coreondu.world\/telhados-de-vidro-colaboracion-album-de-forca-suprema\/\"},\"author\":{\"name\":\"migracion\",\"@id\":\"https:\/\/coreondu.world\/#\/schema\/person\/d8a560761df497646fe0e605ac2ad4fa\"},\"headline\":\"Telhados de Vidro: mi colaboraci\u00f3n en el \u00e1lbum \u00abBaseado em Factos Reais\u00bb de For\u00e7a Suprema\",\"datePublished\":\"2025-03-31T15:03:56+00:00\",\"dateModified\":\"2025-03-31T15:03:57+00:00\",\"mainEntityOfPage\":{\"@id\":\"https:\/\/coreondu.world\/telhados-de-vidro-colaboracion-album-de-forca-suprema\/\"},\"wordCount\":379,\"commentCount\":0,\"image\":{\"@id\":\"https:\/\/coreondu.world\/telhados-de-vidro-colaboracion-album-de-forca-suprema\/#primaryimage\"},\"thumbnailUrl\":\"https:\/\/coreondu.world\/wp-content\/uploads\/2025\/03\/Diseno-sin-titulo-2.png\",\"articleSection\":[\"i d\u00fa\"],\"inLanguage\":\"en-GB\",\"potentialAction\":[{\"@type\":\"CommentAction\",\"name\":\"Comment\",\"target\":[\"https:\/\/coreondu.world\/telhados-de-vidro-colaboracion-album-de-forca-suprema\/#respond\"]}]},{\"@type\":\"WebPage\",\"@id\":\"https:\/\/coreondu.world\/telhados-de-vidro-colaboracion-album-de-forca-suprema\/\",\"url\":\"https:\/\/coreondu.world\/telhados-de-vidro-colaboracion-album-de-forca-suprema\/\",\"name\":\"Telhados de Vidro: mi colaboraci\u00f3n en el \u00e1lbum \\\"Baseado em Factos Reais\\\" de For\u00e7a Suprema - Coreon Du\",\"isPartOf\":{\"@id\":\"https:\/\/coreondu.world\/#website\"},\"primaryImageOfPage\":{\"@id\":\"https:\/\/coreondu.world\/telhados-de-vidro-colaboracion-album-de-forca-suprema\/#primaryimage\"},\"image\":{\"@id\":\"https:\/\/coreondu.world\/telhados-de-vidro-colaboracion-album-de-forca-suprema\/#primaryimage\"},\"thumbnailUrl\":\"https:\/\/coreondu.world\/wp-content\/uploads\/2025\/03\/Diseno-sin-titulo-2.png\",\"datePublished\":\"2025-03-31T15:03:56+00:00\",\"dateModified\":\"2025-03-31T15:03:57+00:00\",\"author\":{\"@id\":\"https:\/\/coreondu.world\/#\/schema\/person\/d8a560761df497646fe0e605ac2ad4fa\"},\"breadcrumb\":{\"@id\":\"https:\/\/coreondu.world\/telhados-de-vidro-colaboracion-album-de-forca-suprema\/#breadcrumb\"},\"inLanguage\":\"en-GB\",\"potentialAction\":[{\"@type\":\"ReadAction\",\"target\":[\"https:\/\/coreondu.world\/telhados-de-vidro-colaboracion-album-de-forca-suprema\/\"]}]},{\"@type\":\"ImageObject\",\"inLanguage\":\"en-GB\",\"@id\":\"https:\/\/coreondu.world\/telhados-de-vidro-colaboracion-album-de-forca-suprema\/#primaryimage\",\"url\":\"https:\/\/coreondu.world\/wp-content\/uploads\/2025\/03\/Diseno-sin-titulo-2.png\",\"contentUrl\":\"https:\/\/coreondu.world\/wp-content\/uploads\/2025\/03\/Diseno-sin-titulo-2.png\",\"width\":500,\"height\":500},{\"@type\":\"BreadcrumbList\",\"@id\":\"https:\/\/coreondu.world\/telhados-de-vidro-colaboracion-album-de-forca-suprema\/#breadcrumb\",\"itemListElement\":[{\"@type\":\"ListItem\",\"position\":1,\"name\":\"Portada\",\"item\":\"https:\/\/coreondu.world\/\"},{\"@type\":\"ListItem\",\"position\":2,\"name\":\"Telhados de Vidro: mi colaboraci\u00f3n en el \u00e1lbum \u00abBaseado em Factos Reais\u00bb de For\u00e7a Suprema\"}]},{\"@type\":\"WebSite\",\"@id\":\"https:\/\/coreondu.world\/#website\",\"url\":\"https:\/\/coreondu.world\/\",\"name\":\"Cor\u00e9on D\u00fa\",\"description\":\"\",\"potentialAction\":[{\"@type\":\"SearchAction\",\"target\":{\"@type\":\"EntryPoint\",\"urlTemplate\":\"https:\/\/coreondu.world\/?s={search_term_string}\"},\"query-input\":{\"@type\":\"PropertyValueSpecification\",\"valueRequired\":true,\"valueName\":\"search_term_string\"}}],\"inLanguage\":\"en-GB\"},{\"@type\":\"Person\",\"@id\":\"https:\/\/coreondu.world\/#\/schema\/person\/d8a560761df497646fe0e605ac2ad4fa\",\"name\":\"migracion\",\"image\":{\"@type\":\"ImageObject\",\"inLanguage\":\"en-GB\",\"@id\":\"https:\/\/coreondu.world\/#\/schema\/person\/image\/\",\"url\":\"https:\/\/secure.gravatar.com\/avatar\/7748b659d7bf7331a213b118c72a1305f9e6c61e76b2999647f0f6b5d422402e?s=96&d=mm&r=g\",\"contentUrl\":\"https:\/\/secure.gravatar.com\/avatar\/7748b659d7bf7331a213b118c72a1305f9e6c61e76b2999647f0f6b5d422402e?s=96&d=mm&r=g\",\"caption\":\"migracion\"}}]}<\/script>\n<!-- \/ Yoast SEO plugin. -->","yoast_head_json":{"title":"Telhados de Vidro: mi colaboraci\u00f3n en el \u00e1lbum \"Baseado em Factos Reais\" de For\u00e7a Suprema - Coreon Du","robots":{"index":"index","follow":"follow","max-snippet":"max-snippet:-1","max-image-preview":"max-image-preview:large","max-video-preview":"max-video-preview:-1"},"canonical":"https:\/\/coreondu.world\/en\/telhados-de-vidro-colaboracion-album-de-forca-suprema\/","og_locale":"en_GB","og_type":"article","og_title":"Telhados de Vidro: mi colaboraci\u00f3n en el \u00e1lbum \"Baseado em Factos Reais\" de For\u00e7a Suprema - Coreon Du","og_description":"Plat\u00f3n dec\u00eda que \u00abla m\u00fasica es para el alma lo que la gimnasia para el cuerpo\u00bb. Creo firmemente en esta idea, pues la m\u00fasica no solo nos entretiene, sino que nos fortalece, nos da equilibrio y nos ayuda a expresarnos de maneras que a veces las palabras no pueden alcanzar. La m\u00fasica siempre ha sido un puente que une diferentes voces, estilos, culturas y realidades. Cuando For\u00e7a Suprema me invit\u00f3 a formar parte de su nuevo \u00e1lbum Baseado em Factos Reais, no dud\u00e9 en aceptar. Es un honor compartir mi arte con un grupo que ha dejado una huella en el hip hop lus\u00f3fono y que contin\u00faa promoviendo la cultura musical de nuestra regi\u00f3n. Mi experiencia en \u201cTelhados de Vidro\u201d Mi participaci\u00f3n en la canci\u00f3n \u00abTelhados de Vidro\u00bb junto a Hot Blaze fue una experiencia enriquecedora. La canci\u00f3n es un reflejo de muchas realidades con las que nos podemos identificar, y que abordan temas de transparencia, desaf\u00edos y resiliencia en un mundo donde muchas veces se juzga sin conocer la historia completa. Desde el momento en que escuch\u00e9 la producci\u00f3n, supe que quer\u00eda aportar mi voz y energ\u00eda a este proyecto. El lanzamiento de Baseado em Factos Reais el 14 de febrero de 2025 ha sido un \u00e9xito rotundo, y no podr\u00eda estar m\u00e1s feliz por mis hermanos de For\u00e7a Suprema. Superar el mill\u00f3n de streams en Spotify en su primera semana es una prueba del impacto que este trabajo ha tenido en la audiencia. Este logro es m\u00e1s que merecido, y solo puedo felicitar a NGA, Prod\u00edgio, Don G y Masta por seguir construyendo un legado con cada lanzamiento. Descubre m\u00e1s de Core\u00f3n D\u00fa La m\u00fasica nos conecta, nos eleva y nos da nuevas perspectivas. Si te ha gustado esta colaboraci\u00f3n, te invito a descubrir m\u00e1s de mi universo. Mi m\u00fasica es un viaje a trav\u00e9s de ritmos, emociones y culturas, siempre con una historia que contar. Encu\u00e9ntrala aqu\u00ed: Mi Playlist en Spotify y d\u00e9jate llevar por los sonidos que nos unen.","og_url":"https:\/\/coreondu.world\/en\/telhados-de-vidro-colaboracion-album-de-forca-suprema\/","og_site_name":"Coreon Du","article_publisher":"https:\/\/www.facebook.com\/CoreonDuOficial\/","article_published_time":"2025-03-31T15:03:56+00:00","article_modified_time":"2025-03-31T15:03:57+00:00","og_image":[{"width":500,"height":500,"url":"https:\/\/coreondu.world\/wp-content\/uploads\/2025\/03\/Diseno-sin-titulo-2.png","type":"image\/png"}],"author":"migracion","twitter_card":"summary_large_image","twitter_misc":{"Written by":"migracion","Estimated reading time":"2 minutes"},"schema":{"@context":"https:\/\/schema.org","@graph":[{"@type":"Article","@id":"https:\/\/coreondu.world\/telhados-de-vidro-colaboracion-album-de-forca-suprema\/#article","isPartOf":{"@id":"https:\/\/coreondu.world\/telhados-de-vidro-colaboracion-album-de-forca-suprema\/"},"author":{"name":"migracion","@id":"https:\/\/coreondu.world\/#\/schema\/person\/d8a560761df497646fe0e605ac2ad4fa"},"headline":"Telhados de Vidro: mi colaboraci\u00f3n en el \u00e1lbum \u00abBaseado em Factos Reais\u00bb de For\u00e7a Suprema","datePublished":"2025-03-31T15:03:56+00:00","dateModified":"2025-03-31T15:03:57+00:00","mainEntityOfPage":{"@id":"https:\/\/coreondu.world\/telhados-de-vidro-colaboracion-album-de-forca-suprema\/"},"wordCount":379,"commentCount":0,"image":{"@id":"https:\/\/coreondu.world\/telhados-de-vidro-colaboracion-album-de-forca-suprema\/#primaryimage"},"thumbnailUrl":"https:\/\/coreondu.world\/wp-content\/uploads\/2025\/03\/Diseno-sin-titulo-2.png","articleSection":["i d\u00fa"],"inLanguage":"en-GB","potentialAction":[{"@type":"CommentAction","name":"Comment","target":["https:\/\/coreondu.world\/telhados-de-vidro-colaboracion-album-de-forca-suprema\/#respond"]}]},{"@type":"WebPage","@id":"https:\/\/coreondu.world\/telhados-de-vidro-colaboracion-album-de-forca-suprema\/","url":"https:\/\/coreondu.world\/telhados-de-vidro-colaboracion-album-de-forca-suprema\/","name":"Telhados de Vidro: mi colaboraci\u00f3n en el \u00e1lbum \"Baseado em Factos Reais\" de For\u00e7a Suprema - Coreon Du","isPartOf":{"@id":"https:\/\/coreondu.world\/#website"},"primaryImageOfPage":{"@id":"https:\/\/coreondu.world\/telhados-de-vidro-colaboracion-album-de-forca-suprema\/#primaryimage"},"image":{"@id":"https:\/\/coreondu.world\/telhados-de-vidro-colaboracion-album-de-forca-suprema\/#primaryimage"},"thumbnailUrl":"https:\/\/coreondu.world\/wp-content\/uploads\/2025\/03\/Diseno-sin-titulo-2.png","datePublished":"2025-03-31T15:03:56+00:00","dateModified":"2025-03-31T15:03:57+00:00","author":{"@id":"https:\/\/coreondu.world\/#\/schema\/person\/d8a560761df497646fe0e605ac2ad4fa"},"breadcrumb":{"@id":"https:\/\/coreondu.world\/telhados-de-vidro-colaboracion-album-de-forca-suprema\/#breadcrumb"},"inLanguage":"en-GB","potentialAction":[{"@type":"ReadAction","target":["https:\/\/coreondu.world\/telhados-de-vidro-colaboracion-album-de-forca-suprema\/"]}]},{"@type":"ImageObject","inLanguage":"en-GB","@id":"https:\/\/coreondu.world\/telhados-de-vidro-colaboracion-album-de-forca-suprema\/#primaryimage","url":"https:\/\/coreondu.world\/wp-content\/uploads\/2025\/03\/Diseno-sin-titulo-2.png","contentUrl":"https:\/\/coreondu.world\/wp-content\/uploads\/2025\/03\/Diseno-sin-titulo-2.png","width":500,"height":500},{"@type":"BreadcrumbList","@id":"https:\/\/coreondu.world\/telhados-de-vidro-colaboracion-album-de-forca-suprema\/#breadcrumb","itemListElement":[{"@type":"ListItem","position":1,"name":"Portada","item":"https:\/\/coreondu.world\/"},{"@type":"ListItem","position":2,"name":"Telhados de Vidro: mi colaboraci\u00f3n en el \u00e1lbum \u00abBaseado em Factos Reais\u00bb de For\u00e7a Suprema"}]},{"@type":"WebSite","@id":"https:\/\/coreondu.world\/#website","url":"https:\/\/coreondu.world\/","name":"Cor\u00e9on D\u00fa","description":"","potentialAction":[{"@type":"SearchAction","target":{"@type":"EntryPoint","urlTemplate":"https:\/\/coreondu.world\/?s={search_term_string}"},"query-input":{"@type":"PropertyValueSpecification","valueRequired":true,"valueName":"search_term_string"}}],"inLanguage":"en-GB"},{"@type":"Person","@id":"https:\/\/coreondu.world\/#\/schema\/person\/d8a560761df497646fe0e605ac2ad4fa","name":"migracion","image":{"@type":"ImageObject","inLanguage":"en-GB","@id":"https:\/\/coreondu.world\/#\/schema\/person\/image\/","url":"https:\/\/secure.gravatar.com\/avatar\/7748b659d7bf7331a213b118c72a1305f9e6c61e76b2999647f0f6b5d422402e?s=96&d=mm&r=g","contentUrl":"https:\/\/secure.gravatar.com\/avatar\/7748b659d7bf7331a213b118c72a1305f9e6c61e76b2999647f0f6b5d422402e?s=96&d=mm&r=g","caption":"migracion"}}]}},"_links":{"self":[{"href":"https:\/\/coreondu.world\/en\/wp-json\/wp\/v2\/posts\/1301","targetHints":{"allow":["GET"]}}],"collection":[{"href":"https:\/\/coreondu.world\/en\/wp-json\/wp\/v2\/posts"}],"about":[{"href":"https:\/\/coreondu.world\/en\/wp-json\/wp\/v2\/types\/post"}],"author":[{"embeddable":true,"href":"https:\/\/coreondu.world\/en\/wp-json\/wp\/v2\/users\/2"}],"replies":[{"embeddable":true,"href":"https:\/\/coreondu.world\/en\/wp-json\/wp\/v2\/comments?post=1301"}],"version-history":[{"count":0,"href":"https:\/\/coreondu.world\/en\/wp-json\/wp\/v2\/posts\/1301\/revisions"}],"wp:featuredmedia":[{"embeddable":true,"href":"https:\/\/coreondu.world\/en\/wp-json\/wp\/v2\/media\/1302"}],"wp:attachment":[{"href":"https:\/\/coreondu.world\/en\/wp-json\/wp\/v2\/media?parent=1301"}],"wp:term":[{"taxonomy":"category","embeddable":true,"href":"https:\/\/coreondu.world\/en\/wp-json\/wp\/v2\/categories?post=1301"},{"taxonomy":"post_tag","embeddable":true,"href":"https:\/\/coreondu.world\/en\/wp-json\/wp\/v2\/tags?post=1301"}],"curies":[{"name":"wp","href":"https:\/\/api.w.org\/{rel}","templated":true}]}}