{"id":1293,"date":"2025-03-24T11:56:22","date_gmt":"2025-03-24T10:56:22","guid":{"rendered":"https:\/\/coreondu.world\/?p=1293"},"modified":"2025-03-31T17:16:55","modified_gmt":"2025-03-31T15:16:55","slug":"neurodiversidad-trabajo","status":"publish","type":"post","link":"https:\/\/coreondu.world\/en\/neurodiversidad-trabajo\/","title":{"rendered":"Neurodiversity at work: from inclusion to competitive advantage"},"content":{"rendered":"<p>The conversation about diversity in the workplace has evolved in recent years, but there is still a long way to go when it comes to the <a href=\"https:\/\/www.businessleader.co.uk\/power-neurodiverse-talent\/\">neurodiversity<\/a>. Companies like Microsoft and Deloitte have shown that hiring neurodivergent talent is not only an act of inclusion, but a competitive advantage that drives innovation and productivity. However, many organisations are not yet ready to tap into this potential.<\/p>\n\n\n\n<h2 class=\"wp-block-heading\"><strong>Why is neurodiversity a strength in the workplace?<\/strong><\/h2>\n\n\n\n<p>Neurodivergent people, such as those with ADHD, dyslexia or who are on the autistic spectrum, we provide <strong><a href=\"https:\/\/www.additudemag.com\/slideshows\/jobs-for-people-with-adhd\/\">unique skills<\/a>:<\/strong> <strong>lateral thinking, creativity and an ability to concentrate intensely on topics of interest.<\/strong><\/p>\n\n\n\n<p>These characteristics are particularly valuable in areas such as technology, data analysis, design and complex problem solving. I also identify myself as a neurodivergent and am proud of it, recognising that this cognitive diversity is a strength that enriches both my personal and professional life.<\/p>\n\n\n\n<p><strong>Companies such as Microsoft, Deloitte, SAP and EY are offering <a href=\"https:\/\/www.yahoo.com\/news\/richard-branson-champions-dyslexic-education-193658769.html?guccounter=1\">specific programmes<\/a><\/strong> that recognise and enhance the unique abilities of people with ADHD, dyslexia or autism. These organisations have implemented tailored recruitment strategies, specialised training and flexible work environments that encourage creativity and deep analysis.<\/p>\n\n\n\n<ul class=\"wp-block-list\">\n<li><strong>At Microsoft<\/strong> talent in technical roles is recognised through programmes focused on the recruitment of people with autism.<\/li>\n\n\n\n<li><strong>At <a href=\"https:\/\/www2.deloitte.com\/us\/en\/insights\/topics\/value-of-diversity-and-inclusion\/unleashing-innovation-with-neuroinclusion.html\">Deloitte<\/a><\/strong> Inclusive processes are established that increase productivity and problem-solving capacity.<\/li>\n\n\n\n<li><strong>In SAP<\/strong> creates an environment conducive to innovation with its Autism at Work initiative.<\/li>\n<\/ul>\n\n\n\n<p>The experience of these companies shows that neurodiversity not only fosters inclusion, but also becomes a clear competitive advantage.<\/p>\n\n\n\n<h2 class=\"wp-block-heading\"><strong>How to improve workplace inclusion of neurodiversity?<\/strong><\/h2>\n\n\n\n<p>Although some companies have made progress, there are still barriers that hinder the integration of this talent. Here are some actions that can help to improve inclusion:<\/p>\n\n\n\n<ul class=\"wp-block-list\">\n<li><strong>Adapting selection processes<\/strong>Avoid standardised tests that penalise cognitive differences and offer more accessible structured interviews.<\/li>\n\n\n\n<li><strong>Making workspaces more flexible<\/strong>Quiet spaces, adjustable lighting and adapted working tools can make all the difference.<\/li>\n\n\n\n<li><strong>Training the teams<\/strong>: Training managers and colleagues in neurodiversity helps to reduce stigma and improve collaboration.<\/li>\n\n\n\n<li><strong>Leveraging technology and tools<\/strong>Applications such as Notion, Toggl and visual management platforms can facilitate productivity for people with ADHD or dyslexia.<\/li>\n<\/ul>\n\n\n\n<p>If you want to continue exploring this topic, share experiences or learn more strategies to foster inclusion and innovation in companies, I invite you to join the conversation on my instagram. Follow me and let's talk more about how neurodiversity can become a real competitive advantage. I'll be waiting for you!<\/p>","protected":false},"excerpt":{"rendered":"<p>La conversaci\u00f3n sobre diversidad en el trabajo ha evolucionado en los \u00faltimos a\u00f1os, pero a\u00fan queda un camino por recorrer cuando se trata de la neurodiversidad. Empresas como Microsoft y Deloitte han demostrado que contratar talento neurodivergente no solo es un acto de inclusi\u00f3n, sino una ventaja competitiva que impulsa la innovaci\u00f3n y la productividad. Sin embargo, muchas organizaciones a\u00fan no est\u00e1n preparadas para aprovechar este potencial. \u00bfPor qu\u00e9 la neurodiversidad es una fortaleza en el entorno laboral? Las personas neurodivergentes, como aquellas con TDAH, dislexia o que se encuentran en el espectro autista, aportamos habilidades \u00fanicas: pensamiento lateral, creatividad y una capacidad de concentraci\u00f3n intensa en temas de inter\u00e9s. Estas caracter\u00edsticas resultan especialmente valiosas en \u00e1reas como la tecnolog\u00eda, el an\u00e1lisis de datos, el dise\u00f1o y la resoluci\u00f3n de problemas complejos. Yo tambi\u00e9n me identifico como una persona neurodivergente y me siento orgulloso de ello, pues reconozco que esta diversidad cognitiva constituye una fortaleza que enriquece tanto mi vida personal como profesional. Empresas como Microsoft, Deloitte, SAP y EY ofrecen programas espec\u00edficos que reconocen y potencian las habilidades \u00fanicas de personas con TDAH, dislexia o autismo. Estas organizaciones han implementado estrategias de selecci\u00f3n adaptadas, capacitaciones especializadas y entornos laborales flexibles que favorecen la creatividad y el an\u00e1lisis profundo. La experiencia de estas empresas demuestra que la neurodiversidad no solo fomenta la inclusi\u00f3n, sino que se transforma en una clara ventaja competitiva. \u00bfC\u00f3mo mejorar la inclusi\u00f3n laboral de la neurodiversidad? Si bien algunas empresas han avanzado, a\u00fan hay barreras que dificultan la integraci\u00f3n de este talento. Aqu\u00ed os dejo algunas acciones que pueden ayudar a mejorar la inclusi\u00f3n: Si quieres seguir explorando este tema, compartir experiencias o conocer m\u00e1s estrategias para fomentar la inclusi\u00f3n y la innovaci\u00f3n en las empresas, te invito a unirte a la conversaci\u00f3n en mi instagram. S\u00edgueme y hablemos m\u00e1s sobre c\u00f3mo la neurodiversidad puede convertirse en una verdadera ventaja competitiva. \u00a1Te espero!<\/p>","protected":false},"author":2,"featured_media":1306,"comment_status":"open","ping_status":"open","sticky":false,"template":"","format":"standard","meta":{"footnotes":""},"categories":[11],"tags":[],"class_list":["post-1293","post","type-post","status-publish","format-standard","has-post-thumbnail","hentry","category-we-du"],"yoast_head":"<!-- This site is optimized with the Yoast SEO plugin v27.1.1 - https:\/\/yoast.com\/product\/yoast-seo-wordpress\/ -->\n<title>Neurodiversidad en el trabajo - Cor\u00e9on D\u00fa<\/title>\n<meta name=\"robots\" content=\"index, follow, max-snippet:-1, max-image-preview:large, max-video-preview:-1\" \/>\n<link rel=\"canonical\" href=\"https:\/\/coreondu.world\/en\/neurodiversidad-trabajo\/\" \/>\n<meta property=\"og:locale\" content=\"en_GB\" \/>\n<meta property=\"og:type\" content=\"article\" \/>\n<meta property=\"og:title\" content=\"Neurodiversidad en el trabajo - Cor\u00e9on D\u00fa\" \/>\n<meta property=\"og:description\" content=\"La conversaci\u00f3n sobre diversidad en el trabajo ha evolucionado en los \u00faltimos a\u00f1os, pero a\u00fan queda un camino por recorrer cuando se trata de la neurodiversidad. Empresas como Microsoft y Deloitte han demostrado que contratar talento neurodivergente no solo es un acto de inclusi\u00f3n, sino una ventaja competitiva que impulsa la innovaci\u00f3n y la productividad. Sin embargo, muchas organizaciones a\u00fan no est\u00e1n preparadas para aprovechar este potencial. \u00bfPor qu\u00e9 la neurodiversidad es una fortaleza en el entorno laboral? Las personas neurodivergentes, como aquellas con TDAH, dislexia o que se encuentran en el espectro autista, aportamos habilidades \u00fanicas: pensamiento lateral, creatividad y una capacidad de concentraci\u00f3n intensa en temas de inter\u00e9s. Estas caracter\u00edsticas resultan especialmente valiosas en \u00e1reas como la tecnolog\u00eda, el an\u00e1lisis de datos, el dise\u00f1o y la resoluci\u00f3n de problemas complejos. Yo tambi\u00e9n me identifico como una persona neurodivergente y me siento orgulloso de ello, pues reconozco que esta diversidad cognitiva constituye una fortaleza que enriquece tanto mi vida personal como profesional. Empresas como Microsoft, Deloitte, SAP y EY ofrecen programas espec\u00edficos que reconocen y potencian las habilidades \u00fanicas de personas con TDAH, dislexia o autismo. Estas organizaciones han implementado estrategias de selecci\u00f3n adaptadas, capacitaciones especializadas y entornos laborales flexibles que favorecen la creatividad y el an\u00e1lisis profundo. La experiencia de estas empresas demuestra que la neurodiversidad no solo fomenta la inclusi\u00f3n, sino que se transforma en una clara ventaja competitiva. \u00bfC\u00f3mo mejorar la inclusi\u00f3n laboral de la neurodiversidad? Si bien algunas empresas han avanzado, a\u00fan hay barreras que dificultan la integraci\u00f3n de este talento. Aqu\u00ed os dejo algunas acciones que pueden ayudar a mejorar la inclusi\u00f3n: Si quieres seguir explorando este tema, compartir experiencias o conocer m\u00e1s estrategias para fomentar la inclusi\u00f3n y la innovaci\u00f3n en las empresas, te invito a unirte a la conversaci\u00f3n en mi instagram. S\u00edgueme y hablemos m\u00e1s sobre c\u00f3mo la neurodiversidad puede convertirse en una verdadera ventaja competitiva. \u00a1Te espero!\" \/>\n<meta property=\"og:url\" content=\"https:\/\/coreondu.world\/en\/neurodiversidad-trabajo\/\" \/>\n<meta property=\"og:site_name\" content=\"Coreon Du\" \/>\n<meta property=\"article:publisher\" content=\"https:\/\/www.facebook.com\/CoreonDuOficial\/\" \/>\n<meta property=\"article:published_time\" content=\"2025-03-24T10:56:22+00:00\" \/>\n<meta property=\"article:modified_time\" content=\"2025-03-31T15:16:55+00:00\" \/>\n<meta property=\"og:image\" content=\"https:\/\/coreondu.world\/wp-content\/uploads\/2025\/03\/Diseno-sin-titulo-4.png\" \/>\n\t<meta property=\"og:image:width\" content=\"500\" \/>\n\t<meta property=\"og:image:height\" content=\"500\" \/>\n\t<meta property=\"og:image:type\" content=\"image\/png\" \/>\n<meta name=\"author\" content=\"migracion\" \/>\n<meta name=\"twitter:card\" content=\"summary_large_image\" \/>\n<meta name=\"twitter:label1\" content=\"Written by\" \/>\n\t<meta name=\"twitter:data1\" content=\"migracion\" \/>\n\t<meta name=\"twitter:label2\" content=\"Estimated reading time\" \/>\n\t<meta name=\"twitter:data2\" content=\"3 minutes\" \/>\n<script type=\"application\/ld+json\" class=\"yoast-schema-graph\">{\"@context\":\"https:\/\/schema.org\",\"@graph\":[{\"@type\":\"Article\",\"@id\":\"https:\/\/coreondu.world\/neurodiversidad-trabajo\/#article\",\"isPartOf\":{\"@id\":\"https:\/\/coreondu.world\/neurodiversidad-trabajo\/\"},\"author\":{\"name\":\"migracion\",\"@id\":\"https:\/\/coreondu.world\/#\/schema\/person\/d8a560761df497646fe0e605ac2ad4fa\"},\"headline\":\"Neurodiversidad en el trabajo: de la inclusi\u00f3n a la ventaja competitiva\",\"datePublished\":\"2025-03-24T10:56:22+00:00\",\"dateModified\":\"2025-03-31T15:16:55+00:00\",\"mainEntityOfPage\":{\"@id\":\"https:\/\/coreondu.world\/neurodiversidad-trabajo\/\"},\"wordCount\":507,\"commentCount\":0,\"image\":{\"@id\":\"https:\/\/coreondu.world\/neurodiversidad-trabajo\/#primaryimage\"},\"thumbnailUrl\":\"https:\/\/coreondu.world\/wp-content\/uploads\/2025\/03\/Diseno-sin-titulo-4.png\",\"articleSection\":[\"we d\u00fa\"],\"inLanguage\":\"en-GB\",\"potentialAction\":[{\"@type\":\"CommentAction\",\"name\":\"Comment\",\"target\":[\"https:\/\/coreondu.world\/neurodiversidad-trabajo\/#respond\"]}]},{\"@type\":\"WebPage\",\"@id\":\"https:\/\/coreondu.world\/neurodiversidad-trabajo\/\",\"url\":\"https:\/\/coreondu.world\/neurodiversidad-trabajo\/\",\"name\":\"Neurodiversidad en el trabajo - Cor\u00e9on D\u00fa\",\"isPartOf\":{\"@id\":\"https:\/\/coreondu.world\/#website\"},\"primaryImageOfPage\":{\"@id\":\"https:\/\/coreondu.world\/neurodiversidad-trabajo\/#primaryimage\"},\"image\":{\"@id\":\"https:\/\/coreondu.world\/neurodiversidad-trabajo\/#primaryimage\"},\"thumbnailUrl\":\"https:\/\/coreondu.world\/wp-content\/uploads\/2025\/03\/Diseno-sin-titulo-4.png\",\"datePublished\":\"2025-03-24T10:56:22+00:00\",\"dateModified\":\"2025-03-31T15:16:55+00:00\",\"author\":{\"@id\":\"https:\/\/coreondu.world\/#\/schema\/person\/d8a560761df497646fe0e605ac2ad4fa\"},\"breadcrumb\":{\"@id\":\"https:\/\/coreondu.world\/neurodiversidad-trabajo\/#breadcrumb\"},\"inLanguage\":\"en-GB\",\"potentialAction\":[{\"@type\":\"ReadAction\",\"target\":[\"https:\/\/coreondu.world\/neurodiversidad-trabajo\/\"]}]},{\"@type\":\"ImageObject\",\"inLanguage\":\"en-GB\",\"@id\":\"https:\/\/coreondu.world\/neurodiversidad-trabajo\/#primaryimage\",\"url\":\"https:\/\/coreondu.world\/wp-content\/uploads\/2025\/03\/Diseno-sin-titulo-4.png\",\"contentUrl\":\"https:\/\/coreondu.world\/wp-content\/uploads\/2025\/03\/Diseno-sin-titulo-4.png\",\"width\":500,\"height\":500},{\"@type\":\"BreadcrumbList\",\"@id\":\"https:\/\/coreondu.world\/neurodiversidad-trabajo\/#breadcrumb\",\"itemListElement\":[{\"@type\":\"ListItem\",\"position\":1,\"name\":\"Portada\",\"item\":\"https:\/\/coreondu.world\/\"},{\"@type\":\"ListItem\",\"position\":2,\"name\":\"Neurodiversidad en el trabajo: de la inclusi\u00f3n a la ventaja competitiva\"}]},{\"@type\":\"WebSite\",\"@id\":\"https:\/\/coreondu.world\/#website\",\"url\":\"https:\/\/coreondu.world\/\",\"name\":\"Cor\u00e9on D\u00fa\",\"description\":\"\",\"potentialAction\":[{\"@type\":\"SearchAction\",\"target\":{\"@type\":\"EntryPoint\",\"urlTemplate\":\"https:\/\/coreondu.world\/?s={search_term_string}\"},\"query-input\":{\"@type\":\"PropertyValueSpecification\",\"valueRequired\":true,\"valueName\":\"search_term_string\"}}],\"inLanguage\":\"en-GB\"},{\"@type\":\"Person\",\"@id\":\"https:\/\/coreondu.world\/#\/schema\/person\/d8a560761df497646fe0e605ac2ad4fa\",\"name\":\"migracion\",\"image\":{\"@type\":\"ImageObject\",\"inLanguage\":\"en-GB\",\"@id\":\"https:\/\/coreondu.world\/#\/schema\/person\/image\/\",\"url\":\"https:\/\/secure.gravatar.com\/avatar\/7748b659d7bf7331a213b118c72a1305f9e6c61e76b2999647f0f6b5d422402e?s=96&d=mm&r=g\",\"contentUrl\":\"https:\/\/secure.gravatar.com\/avatar\/7748b659d7bf7331a213b118c72a1305f9e6c61e76b2999647f0f6b5d422402e?s=96&d=mm&r=g\",\"caption\":\"migracion\"}}]}<\/script>\n<!-- \/ Yoast SEO plugin. -->","yoast_head_json":{"title":"Neurodiversidad en el trabajo - Cor\u00e9on D\u00fa","robots":{"index":"index","follow":"follow","max-snippet":"max-snippet:-1","max-image-preview":"max-image-preview:large","max-video-preview":"max-video-preview:-1"},"canonical":"https:\/\/coreondu.world\/en\/neurodiversidad-trabajo\/","og_locale":"en_GB","og_type":"article","og_title":"Neurodiversidad en el trabajo - Cor\u00e9on D\u00fa","og_description":"La conversaci\u00f3n sobre diversidad en el trabajo ha evolucionado en los \u00faltimos a\u00f1os, pero a\u00fan queda un camino por recorrer cuando se trata de la neurodiversidad. Empresas como Microsoft y Deloitte han demostrado que contratar talento neurodivergente no solo es un acto de inclusi\u00f3n, sino una ventaja competitiva que impulsa la innovaci\u00f3n y la productividad. Sin embargo, muchas organizaciones a\u00fan no est\u00e1n preparadas para aprovechar este potencial. \u00bfPor qu\u00e9 la neurodiversidad es una fortaleza en el entorno laboral? Las personas neurodivergentes, como aquellas con TDAH, dislexia o que se encuentran en el espectro autista, aportamos habilidades \u00fanicas: pensamiento lateral, creatividad y una capacidad de concentraci\u00f3n intensa en temas de inter\u00e9s. Estas caracter\u00edsticas resultan especialmente valiosas en \u00e1reas como la tecnolog\u00eda, el an\u00e1lisis de datos, el dise\u00f1o y la resoluci\u00f3n de problemas complejos. Yo tambi\u00e9n me identifico como una persona neurodivergente y me siento orgulloso de ello, pues reconozco que esta diversidad cognitiva constituye una fortaleza que enriquece tanto mi vida personal como profesional. Empresas como Microsoft, Deloitte, SAP y EY ofrecen programas espec\u00edficos que reconocen y potencian las habilidades \u00fanicas de personas con TDAH, dislexia o autismo. Estas organizaciones han implementado estrategias de selecci\u00f3n adaptadas, capacitaciones especializadas y entornos laborales flexibles que favorecen la creatividad y el an\u00e1lisis profundo. La experiencia de estas empresas demuestra que la neurodiversidad no solo fomenta la inclusi\u00f3n, sino que se transforma en una clara ventaja competitiva. \u00bfC\u00f3mo mejorar la inclusi\u00f3n laboral de la neurodiversidad? Si bien algunas empresas han avanzado, a\u00fan hay barreras que dificultan la integraci\u00f3n de este talento. Aqu\u00ed os dejo algunas acciones que pueden ayudar a mejorar la inclusi\u00f3n: Si quieres seguir explorando este tema, compartir experiencias o conocer m\u00e1s estrategias para fomentar la inclusi\u00f3n y la innovaci\u00f3n en las empresas, te invito a unirte a la conversaci\u00f3n en mi instagram. S\u00edgueme y hablemos m\u00e1s sobre c\u00f3mo la neurodiversidad puede convertirse en una verdadera ventaja competitiva. \u00a1Te espero!","og_url":"https:\/\/coreondu.world\/en\/neurodiversidad-trabajo\/","og_site_name":"Coreon Du","article_publisher":"https:\/\/www.facebook.com\/CoreonDuOficial\/","article_published_time":"2025-03-24T10:56:22+00:00","article_modified_time":"2025-03-31T15:16:55+00:00","og_image":[{"width":500,"height":500,"url":"https:\/\/coreondu.world\/wp-content\/uploads\/2025\/03\/Diseno-sin-titulo-4.png","type":"image\/png"}],"author":"migracion","twitter_card":"summary_large_image","twitter_misc":{"Written by":"migracion","Estimated reading time":"3 minutes"},"schema":{"@context":"https:\/\/schema.org","@graph":[{"@type":"Article","@id":"https:\/\/coreondu.world\/neurodiversidad-trabajo\/#article","isPartOf":{"@id":"https:\/\/coreondu.world\/neurodiversidad-trabajo\/"},"author":{"name":"migracion","@id":"https:\/\/coreondu.world\/#\/schema\/person\/d8a560761df497646fe0e605ac2ad4fa"},"headline":"Neurodiversidad en el trabajo: de la inclusi\u00f3n a la ventaja competitiva","datePublished":"2025-03-24T10:56:22+00:00","dateModified":"2025-03-31T15:16:55+00:00","mainEntityOfPage":{"@id":"https:\/\/coreondu.world\/neurodiversidad-trabajo\/"},"wordCount":507,"commentCount":0,"image":{"@id":"https:\/\/coreondu.world\/neurodiversidad-trabajo\/#primaryimage"},"thumbnailUrl":"https:\/\/coreondu.world\/wp-content\/uploads\/2025\/03\/Diseno-sin-titulo-4.png","articleSection":["we d\u00fa"],"inLanguage":"en-GB","potentialAction":[{"@type":"CommentAction","name":"Comment","target":["https:\/\/coreondu.world\/neurodiversidad-trabajo\/#respond"]}]},{"@type":"WebPage","@id":"https:\/\/coreondu.world\/neurodiversidad-trabajo\/","url":"https:\/\/coreondu.world\/neurodiversidad-trabajo\/","name":"Neurodiversidad en el trabajo - Cor\u00e9on D\u00fa","isPartOf":{"@id":"https:\/\/coreondu.world\/#website"},"primaryImageOfPage":{"@id":"https:\/\/coreondu.world\/neurodiversidad-trabajo\/#primaryimage"},"image":{"@id":"https:\/\/coreondu.world\/neurodiversidad-trabajo\/#primaryimage"},"thumbnailUrl":"https:\/\/coreondu.world\/wp-content\/uploads\/2025\/03\/Diseno-sin-titulo-4.png","datePublished":"2025-03-24T10:56:22+00:00","dateModified":"2025-03-31T15:16:55+00:00","author":{"@id":"https:\/\/coreondu.world\/#\/schema\/person\/d8a560761df497646fe0e605ac2ad4fa"},"breadcrumb":{"@id":"https:\/\/coreondu.world\/neurodiversidad-trabajo\/#breadcrumb"},"inLanguage":"en-GB","potentialAction":[{"@type":"ReadAction","target":["https:\/\/coreondu.world\/neurodiversidad-trabajo\/"]}]},{"@type":"ImageObject","inLanguage":"en-GB","@id":"https:\/\/coreondu.world\/neurodiversidad-trabajo\/#primaryimage","url":"https:\/\/coreondu.world\/wp-content\/uploads\/2025\/03\/Diseno-sin-titulo-4.png","contentUrl":"https:\/\/coreondu.world\/wp-content\/uploads\/2025\/03\/Diseno-sin-titulo-4.png","width":500,"height":500},{"@type":"BreadcrumbList","@id":"https:\/\/coreondu.world\/neurodiversidad-trabajo\/#breadcrumb","itemListElement":[{"@type":"ListItem","position":1,"name":"Portada","item":"https:\/\/coreondu.world\/"},{"@type":"ListItem","position":2,"name":"Neurodiversidad en el trabajo: de la inclusi\u00f3n a la ventaja competitiva"}]},{"@type":"WebSite","@id":"https:\/\/coreondu.world\/#website","url":"https:\/\/coreondu.world\/","name":"Cor\u00e9on D\u00fa","description":"","potentialAction":[{"@type":"SearchAction","target":{"@type":"EntryPoint","urlTemplate":"https:\/\/coreondu.world\/?s={search_term_string}"},"query-input":{"@type":"PropertyValueSpecification","valueRequired":true,"valueName":"search_term_string"}}],"inLanguage":"en-GB"},{"@type":"Person","@id":"https:\/\/coreondu.world\/#\/schema\/person\/d8a560761df497646fe0e605ac2ad4fa","name":"migracion","image":{"@type":"ImageObject","inLanguage":"en-GB","@id":"https:\/\/coreondu.world\/#\/schema\/person\/image\/","url":"https:\/\/secure.gravatar.com\/avatar\/7748b659d7bf7331a213b118c72a1305f9e6c61e76b2999647f0f6b5d422402e?s=96&d=mm&r=g","contentUrl":"https:\/\/secure.gravatar.com\/avatar\/7748b659d7bf7331a213b118c72a1305f9e6c61e76b2999647f0f6b5d422402e?s=96&d=mm&r=g","caption":"migracion"}}]}},"_links":{"self":[{"href":"https:\/\/coreondu.world\/en\/wp-json\/wp\/v2\/posts\/1293","targetHints":{"allow":["GET"]}}],"collection":[{"href":"https:\/\/coreondu.world\/en\/wp-json\/wp\/v2\/posts"}],"about":[{"href":"https:\/\/coreondu.world\/en\/wp-json\/wp\/v2\/types\/post"}],"author":[{"embeddable":true,"href":"https:\/\/coreondu.world\/en\/wp-json\/wp\/v2\/users\/2"}],"replies":[{"embeddable":true,"href":"https:\/\/coreondu.world\/en\/wp-json\/wp\/v2\/comments?post=1293"}],"version-history":[{"count":1,"href":"https:\/\/coreondu.world\/en\/wp-json\/wp\/v2\/posts\/1293\/revisions"}],"predecessor-version":[{"id":1524,"href":"https:\/\/coreondu.world\/en\/wp-json\/wp\/v2\/posts\/1293\/revisions\/1524"}],"wp:featuredmedia":[{"embeddable":true,"href":"https:\/\/coreondu.world\/en\/wp-json\/wp\/v2\/media\/1306"}],"wp:attachment":[{"href":"https:\/\/coreondu.world\/en\/wp-json\/wp\/v2\/media?parent=1293"}],"wp:term":[{"taxonomy":"category","embeddable":true,"href":"https:\/\/coreondu.world\/en\/wp-json\/wp\/v2\/categories?post=1293"},{"taxonomy":"post_tag","embeddable":true,"href":"https:\/\/coreondu.world\/en\/wp-json\/wp\/v2\/tags?post=1293"}],"curies":[{"name":"wp","href":"https:\/\/api.w.org\/{rel}","templated":true}]}}