{"id":1283,"date":"2025-03-14T11:27:32","date_gmt":"2025-03-14T10:27:32","guid":{"rendered":"https:\/\/coreondu.world\/?p=1283"},"modified":"2025-03-14T11:31:26","modified_gmt":"2025-03-14T10:31:26","slug":"african-beauty-celebracion-belleza-industrias-creativas","status":"publish","type":"post","link":"https:\/\/coreondu.world\/en\/african-beauty-celebracion-belleza-industrias-creativas\/","title":{"rendered":"African Beauty: Let's continue the dialogues and celebration of beauty in the creative industries."},"content":{"rendered":"<p>The festival <a href=\"https:\/\/moritz.feeddog.org\/en\/home\/\">Moritz Feed Dog<\/a> will host, from 19 to 23 March, the premi\u00e8re of <a href=\"https:\/\/www.imdb.com\/es-es\/name\/nm3744564\/\">African Beauty<\/a>a documentary that, after much effort, will finally see the light of day. This project was born with the intention of highlighting the cultural richness and diversity of African beauty, both on the big screen and in the fashion and music industry.<\/p>\n\n\n\n<h2 class=\"wp-block-heading\"><strong>African Beauty: An authentic look at African identity<\/strong><\/h2>\n\n\n\n<p>African Beauty has been met with critical acclaim from international critics thanks to its profound vision and commitment to an authentic representation of African narratives. Film scholars and critics have highlighted its sensitivity and the impact of its message, which challenges stereotypes and offers a genuine vision of African identity. For me, this work is not only a cinematic exercise, but also a statement of principles about diversity and the recognition of beauty in all its forms.<\/p>\n\n\n\n<h2 class=\"wp-block-heading\"><strong>Da Banda Model Management: Breaking ground for African models <\/strong><\/h2>\n\n\n\n<p>Fashion is another of my great passions, a space where I can also channel my art and make African aesthetics visible from an innovative perspective. With this vision I founded <a href=\"https:\/\/www.dabanda.com\/\">Da Banda Model Management<\/a>an agency that has become a projection platform for African models on the international circuits. Its presence on the world's most influential catwalks reinforces my mission to amplify diversity within the African fashion industry. <a href=\"https:\/\/coreondu.world\/en\/consejos-para-aquellos-que-quieren-entrar-en-la-industria-del-modelaje\/\">industry<\/a>.<\/p>\n\n\n\n<p>In the recent Fashion Weeks season, models represented by Da Banda Model Management have shined on the catwalks of New York, Milan and Paris. Amilna Estev\u00e3o walked for Giorgio Armani's Spring 2025 collection in New York and was part of LaQuan Smith's lookbook for the F\/W 2025 season. She was also featured in the shows of Pamella Roland, Christian Siriano and Sergio Hudson. Al\u00e9cia Morais conquered Lapointe's runway, while Rui Huila participated in Boss Black Collection's winter 2024 collection.<\/p>\n\n\n\n<p>African Beauty and my work with Da Banda Model Management are a testament to my commitment to diversity and the celebration of African identity on the global stage.<\/p>","protected":false},"excerpt":{"rendered":"<p>El festival Moritz Feed Dog acoger\u00e1, del 19 al 23 de marzo, el estreno de African Beauty, un documental que, tras mucho esfuerzo, por fin ver\u00e1 la luz. Este proyecto nace con la intenci\u00f3n de resaltar la riqueza cultural y la diversidad de la belleza africana, tanto en la gran pantalla como en la industria de la moda y la m\u00fasica. African Beauty: Una mirada aut\u00e9ntica a la identidad africana African Beauty ha sido recibido con elogios por la cr\u00edtica internacional gracias a su mirada profunda y su compromiso con una representaci\u00f3n aut\u00e9ntica de las narrativas africanas. Especialistas y cr\u00edticos de cine han destacado su sensibilidad y el impacto de su mensaje, que desaf\u00eda estereotipos y ofrece una visi\u00f3n genuina de la identidad africana. Para m\u00ed, esta obra no es solo un ejercicio cinematogr\u00e1fico, sino tambi\u00e9n una declaraci\u00f3n de principios sobre la diversidad y el reconocimiento de la belleza en todas sus formas. Da Banda Model Management: Abriendo caminos para modelos africanos La moda es otra de mis grandes pasiones, un espacio donde tambi\u00e9n puedo canalizar mi arte y visibilizar la est\u00e9tica africana desde una perspectiva innovadora. Con esa visi\u00f3n fund\u00e9 Da Banda Model Management, una agencia que se ha convertido en una plataforma de proyecci\u00f3n para modelos africanos en los circuitos internacionales. Su presencia en las pasarelas m\u00e1s influyentes del mundo refuerza mi misi\u00f3n de amplificar la diversidad dentro de la industria. En la reciente temporada de Fashion Weeks, modelos representados por Da Banda Model Management han brillado en las pasarelas de Nueva York, Mil\u00e1n y Par\u00eds. Amilna Estev\u00e3o desfil\u00f3 para Giorgio Armani en su colecci\u00f3n primavera 2025 en Nueva York y fue parte del lookbook de LaQuan Smith para la temporada F\/W 2025. Su presencia tambi\u00e9n se destac\u00f3 en los desfiles de Pamella Roland, Christian Siriano y Sergio Hudson. Al\u00e9cia Morais conquist\u00f3 la pasarela de Lapointe, mientras que Rui Huila particip\u00f3 en la colecci\u00f3n de invierno 2024 de Boss Black Collection. African Beauty y mi labor con Da Banda Model Management son un testimonio de mi compromiso con la diversidad y la celebraci\u00f3n de la identidad africana en el escenario global.<\/p>","protected":false},"author":2,"featured_media":1284,"comment_status":"open","ping_status":"open","sticky":false,"template":"","format":"standard","meta":{"footnotes":""},"categories":[9],"tags":[18,20],"class_list":["post-1283","post","type-post","status-publish","format-standard","has-post-thumbnail","hentry","category-i-du","tag-moda","tag-modelaje"],"yoast_head":"<!-- This site is optimized with the Yoast SEO plugin v27.1.1 - https:\/\/yoast.com\/product\/yoast-seo-wordpress\/ -->\n<title>African Beauty: La representaci\u00f3n de la belleza africana en cine y moda - Coreon Du<\/title>\n<meta name=\"description\" content=\"Descubre African Beauty, el documental que resalta la riqueza cultural africana en el cine y la moda. Estreno en Moritz Feed Dog.\" \/>\n<meta name=\"robots\" content=\"index, follow, max-snippet:-1, max-image-preview:large, max-video-preview:-1\" \/>\n<link rel=\"canonical\" href=\"https:\/\/coreondu.world\/en\/african-beauty-celebracion-belleza-industrias-creativas\/\" \/>\n<meta property=\"og:locale\" content=\"en_GB\" \/>\n<meta property=\"og:type\" content=\"article\" \/>\n<meta property=\"og:title\" content=\"African Beauty: La representaci\u00f3n de la belleza africana en cine y moda - Coreon Du\" \/>\n<meta property=\"og:description\" content=\"Descubre African Beauty, el documental que resalta la riqueza cultural africana en el cine y la moda. Estreno en Moritz Feed Dog.\" \/>\n<meta property=\"og:url\" content=\"https:\/\/coreondu.world\/en\/african-beauty-celebracion-belleza-industrias-creativas\/\" \/>\n<meta property=\"og:site_name\" content=\"Coreon Du\" \/>\n<meta property=\"article:publisher\" content=\"https:\/\/www.facebook.com\/CoreonDuOficial\/\" \/>\n<meta property=\"article:published_time\" content=\"2025-03-14T10:27:32+00:00\" \/>\n<meta property=\"article:modified_time\" content=\"2025-03-14T10:31:26+00:00\" \/>\n<meta property=\"og:image\" content=\"https:\/\/coreondu.world\/wp-content\/uploads\/2025\/03\/foto-contenido-1.jpg\" \/>\n\t<meta property=\"og:image:width\" content=\"500\" \/>\n\t<meta property=\"og:image:height\" content=\"500\" \/>\n\t<meta property=\"og:image:type\" content=\"image\/jpeg\" \/>\n<meta name=\"author\" content=\"migracion\" \/>\n<meta name=\"twitter:card\" content=\"summary_large_image\" \/>\n<meta name=\"twitter:label1\" content=\"Written by\" \/>\n\t<meta name=\"twitter:data1\" content=\"migracion\" \/>\n\t<meta name=\"twitter:label2\" content=\"Estimated reading time\" \/>\n\t<meta name=\"twitter:data2\" content=\"2 minutes\" \/>\n<script type=\"application\/ld+json\" class=\"yoast-schema-graph\">{\"@context\":\"https:\/\/schema.org\",\"@graph\":[{\"@type\":\"Article\",\"@id\":\"https:\/\/coreondu.world\/african-beauty-celebracion-belleza-industrias-creativas\/#article\",\"isPartOf\":{\"@id\":\"https:\/\/coreondu.world\/african-beauty-celebracion-belleza-industrias-creativas\/\"},\"author\":{\"name\":\"migracion\",\"@id\":\"https:\/\/coreondu.world\/#\/schema\/person\/d8a560761df497646fe0e605ac2ad4fa\"},\"headline\":\"African Beauty: Que continuemos los di\u00e1logos y la celebraci\u00f3n\u00a0de la belleza en las\u00a0industrias creativas\",\"datePublished\":\"2025-03-14T10:27:32+00:00\",\"dateModified\":\"2025-03-14T10:31:26+00:00\",\"mainEntityOfPage\":{\"@id\":\"https:\/\/coreondu.world\/african-beauty-celebracion-belleza-industrias-creativas\/\"},\"wordCount\":393,\"commentCount\":0,\"image\":{\"@id\":\"https:\/\/coreondu.world\/african-beauty-celebracion-belleza-industrias-creativas\/#primaryimage\"},\"thumbnailUrl\":\"https:\/\/coreondu.world\/wp-content\/uploads\/2025\/03\/foto-contenido-1.jpg\",\"keywords\":[\"moda\",\"modelaje\"],\"articleSection\":[\"i d\u00fa\"],\"inLanguage\":\"en-GB\",\"potentialAction\":[{\"@type\":\"CommentAction\",\"name\":\"Comment\",\"target\":[\"https:\/\/coreondu.world\/african-beauty-celebracion-belleza-industrias-creativas\/#respond\"]}]},{\"@type\":\"WebPage\",\"@id\":\"https:\/\/coreondu.world\/african-beauty-celebracion-belleza-industrias-creativas\/\",\"url\":\"https:\/\/coreondu.world\/african-beauty-celebracion-belleza-industrias-creativas\/\",\"name\":\"African Beauty: La representaci\u00f3n de la belleza africana en cine y moda - Coreon Du\",\"isPartOf\":{\"@id\":\"https:\/\/coreondu.world\/#website\"},\"primaryImageOfPage\":{\"@id\":\"https:\/\/coreondu.world\/african-beauty-celebracion-belleza-industrias-creativas\/#primaryimage\"},\"image\":{\"@id\":\"https:\/\/coreondu.world\/african-beauty-celebracion-belleza-industrias-creativas\/#primaryimage\"},\"thumbnailUrl\":\"https:\/\/coreondu.world\/wp-content\/uploads\/2025\/03\/foto-contenido-1.jpg\",\"datePublished\":\"2025-03-14T10:27:32+00:00\",\"dateModified\":\"2025-03-14T10:31:26+00:00\",\"author\":{\"@id\":\"https:\/\/coreondu.world\/#\/schema\/person\/d8a560761df497646fe0e605ac2ad4fa\"},\"description\":\"Descubre African Beauty, el documental que resalta la riqueza cultural africana en el cine y la moda. Estreno en Moritz Feed Dog.\",\"breadcrumb\":{\"@id\":\"https:\/\/coreondu.world\/african-beauty-celebracion-belleza-industrias-creativas\/#breadcrumb\"},\"inLanguage\":\"en-GB\",\"potentialAction\":[{\"@type\":\"ReadAction\",\"target\":[\"https:\/\/coreondu.world\/african-beauty-celebracion-belleza-industrias-creativas\/\"]}]},{\"@type\":\"ImageObject\",\"inLanguage\":\"en-GB\",\"@id\":\"https:\/\/coreondu.world\/african-beauty-celebracion-belleza-industrias-creativas\/#primaryimage\",\"url\":\"https:\/\/coreondu.world\/wp-content\/uploads\/2025\/03\/foto-contenido-1.jpg\",\"contentUrl\":\"https:\/\/coreondu.world\/wp-content\/uploads\/2025\/03\/foto-contenido-1.jpg\",\"width\":500,\"height\":500},{\"@type\":\"BreadcrumbList\",\"@id\":\"https:\/\/coreondu.world\/african-beauty-celebracion-belleza-industrias-creativas\/#breadcrumb\",\"itemListElement\":[{\"@type\":\"ListItem\",\"position\":1,\"name\":\"Portada\",\"item\":\"https:\/\/coreondu.world\/\"},{\"@type\":\"ListItem\",\"position\":2,\"name\":\"African Beauty: Que continuemos los di\u00e1logos y la celebraci\u00f3n\u00a0de la belleza en las\u00a0industrias creativas\"}]},{\"@type\":\"WebSite\",\"@id\":\"https:\/\/coreondu.world\/#website\",\"url\":\"https:\/\/coreondu.world\/\",\"name\":\"Cor\u00e9on D\u00fa\",\"description\":\"\",\"potentialAction\":[{\"@type\":\"SearchAction\",\"target\":{\"@type\":\"EntryPoint\",\"urlTemplate\":\"https:\/\/coreondu.world\/?s={search_term_string}\"},\"query-input\":{\"@type\":\"PropertyValueSpecification\",\"valueRequired\":true,\"valueName\":\"search_term_string\"}}],\"inLanguage\":\"en-GB\"},{\"@type\":\"Person\",\"@id\":\"https:\/\/coreondu.world\/#\/schema\/person\/d8a560761df497646fe0e605ac2ad4fa\",\"name\":\"migracion\",\"image\":{\"@type\":\"ImageObject\",\"inLanguage\":\"en-GB\",\"@id\":\"https:\/\/coreondu.world\/#\/schema\/person\/image\/\",\"url\":\"https:\/\/secure.gravatar.com\/avatar\/7748b659d7bf7331a213b118c72a1305f9e6c61e76b2999647f0f6b5d422402e?s=96&d=mm&r=g\",\"contentUrl\":\"https:\/\/secure.gravatar.com\/avatar\/7748b659d7bf7331a213b118c72a1305f9e6c61e76b2999647f0f6b5d422402e?s=96&d=mm&r=g\",\"caption\":\"migracion\"}}]}<\/script>\n<!-- \/ Yoast SEO plugin. -->","yoast_head_json":{"title":"African Beauty: La representaci\u00f3n de la belleza africana en cine y moda - Coreon Du","description":"Descubre African Beauty, el documental que resalta la riqueza cultural africana en el cine y la moda. Estreno en Moritz Feed Dog.","robots":{"index":"index","follow":"follow","max-snippet":"max-snippet:-1","max-image-preview":"max-image-preview:large","max-video-preview":"max-video-preview:-1"},"canonical":"https:\/\/coreondu.world\/en\/african-beauty-celebracion-belleza-industrias-creativas\/","og_locale":"en_GB","og_type":"article","og_title":"African Beauty: La representaci\u00f3n de la belleza africana en cine y moda - Coreon Du","og_description":"Descubre African Beauty, el documental que resalta la riqueza cultural africana en el cine y la moda. Estreno en Moritz Feed Dog.","og_url":"https:\/\/coreondu.world\/en\/african-beauty-celebracion-belleza-industrias-creativas\/","og_site_name":"Coreon Du","article_publisher":"https:\/\/www.facebook.com\/CoreonDuOficial\/","article_published_time":"2025-03-14T10:27:32+00:00","article_modified_time":"2025-03-14T10:31:26+00:00","og_image":[{"width":500,"height":500,"url":"https:\/\/coreondu.world\/wp-content\/uploads\/2025\/03\/foto-contenido-1.jpg","type":"image\/jpeg"}],"author":"migracion","twitter_card":"summary_large_image","twitter_misc":{"Written by":"migracion","Estimated reading time":"2 minutes"},"schema":{"@context":"https:\/\/schema.org","@graph":[{"@type":"Article","@id":"https:\/\/coreondu.world\/african-beauty-celebracion-belleza-industrias-creativas\/#article","isPartOf":{"@id":"https:\/\/coreondu.world\/african-beauty-celebracion-belleza-industrias-creativas\/"},"author":{"name":"migracion","@id":"https:\/\/coreondu.world\/#\/schema\/person\/d8a560761df497646fe0e605ac2ad4fa"},"headline":"African Beauty: Que continuemos los di\u00e1logos y la celebraci\u00f3n\u00a0de la belleza en las\u00a0industrias creativas","datePublished":"2025-03-14T10:27:32+00:00","dateModified":"2025-03-14T10:31:26+00:00","mainEntityOfPage":{"@id":"https:\/\/coreondu.world\/african-beauty-celebracion-belleza-industrias-creativas\/"},"wordCount":393,"commentCount":0,"image":{"@id":"https:\/\/coreondu.world\/african-beauty-celebracion-belleza-industrias-creativas\/#primaryimage"},"thumbnailUrl":"https:\/\/coreondu.world\/wp-content\/uploads\/2025\/03\/foto-contenido-1.jpg","keywords":["moda","modelaje"],"articleSection":["i d\u00fa"],"inLanguage":"en-GB","potentialAction":[{"@type":"CommentAction","name":"Comment","target":["https:\/\/coreondu.world\/african-beauty-celebracion-belleza-industrias-creativas\/#respond"]}]},{"@type":"WebPage","@id":"https:\/\/coreondu.world\/african-beauty-celebracion-belleza-industrias-creativas\/","url":"https:\/\/coreondu.world\/african-beauty-celebracion-belleza-industrias-creativas\/","name":"African Beauty: La representaci\u00f3n de la belleza africana en cine y moda - Coreon Du","isPartOf":{"@id":"https:\/\/coreondu.world\/#website"},"primaryImageOfPage":{"@id":"https:\/\/coreondu.world\/african-beauty-celebracion-belleza-industrias-creativas\/#primaryimage"},"image":{"@id":"https:\/\/coreondu.world\/african-beauty-celebracion-belleza-industrias-creativas\/#primaryimage"},"thumbnailUrl":"https:\/\/coreondu.world\/wp-content\/uploads\/2025\/03\/foto-contenido-1.jpg","datePublished":"2025-03-14T10:27:32+00:00","dateModified":"2025-03-14T10:31:26+00:00","author":{"@id":"https:\/\/coreondu.world\/#\/schema\/person\/d8a560761df497646fe0e605ac2ad4fa"},"description":"Descubre African Beauty, el documental que resalta la riqueza cultural africana en el cine y la moda. Estreno en Moritz Feed Dog.","breadcrumb":{"@id":"https:\/\/coreondu.world\/african-beauty-celebracion-belleza-industrias-creativas\/#breadcrumb"},"inLanguage":"en-GB","potentialAction":[{"@type":"ReadAction","target":["https:\/\/coreondu.world\/african-beauty-celebracion-belleza-industrias-creativas\/"]}]},{"@type":"ImageObject","inLanguage":"en-GB","@id":"https:\/\/coreondu.world\/african-beauty-celebracion-belleza-industrias-creativas\/#primaryimage","url":"https:\/\/coreondu.world\/wp-content\/uploads\/2025\/03\/foto-contenido-1.jpg","contentUrl":"https:\/\/coreondu.world\/wp-content\/uploads\/2025\/03\/foto-contenido-1.jpg","width":500,"height":500},{"@type":"BreadcrumbList","@id":"https:\/\/coreondu.world\/african-beauty-celebracion-belleza-industrias-creativas\/#breadcrumb","itemListElement":[{"@type":"ListItem","position":1,"name":"Portada","item":"https:\/\/coreondu.world\/"},{"@type":"ListItem","position":2,"name":"African Beauty: Que continuemos los di\u00e1logos y la celebraci\u00f3n\u00a0de la belleza en las\u00a0industrias creativas"}]},{"@type":"WebSite","@id":"https:\/\/coreondu.world\/#website","url":"https:\/\/coreondu.world\/","name":"Cor\u00e9on D\u00fa","description":"","potentialAction":[{"@type":"SearchAction","target":{"@type":"EntryPoint","urlTemplate":"https:\/\/coreondu.world\/?s={search_term_string}"},"query-input":{"@type":"PropertyValueSpecification","valueRequired":true,"valueName":"search_term_string"}}],"inLanguage":"en-GB"},{"@type":"Person","@id":"https:\/\/coreondu.world\/#\/schema\/person\/d8a560761df497646fe0e605ac2ad4fa","name":"migracion","image":{"@type":"ImageObject","inLanguage":"en-GB","@id":"https:\/\/coreondu.world\/#\/schema\/person\/image\/","url":"https:\/\/secure.gravatar.com\/avatar\/7748b659d7bf7331a213b118c72a1305f9e6c61e76b2999647f0f6b5d422402e?s=96&d=mm&r=g","contentUrl":"https:\/\/secure.gravatar.com\/avatar\/7748b659d7bf7331a213b118c72a1305f9e6c61e76b2999647f0f6b5d422402e?s=96&d=mm&r=g","caption":"migracion"}}]}},"_links":{"self":[{"href":"https:\/\/coreondu.world\/en\/wp-json\/wp\/v2\/posts\/1283","targetHints":{"allow":["GET"]}}],"collection":[{"href":"https:\/\/coreondu.world\/en\/wp-json\/wp\/v2\/posts"}],"about":[{"href":"https:\/\/coreondu.world\/en\/wp-json\/wp\/v2\/types\/post"}],"author":[{"embeddable":true,"href":"https:\/\/coreondu.world\/en\/wp-json\/wp\/v2\/users\/2"}],"replies":[{"embeddable":true,"href":"https:\/\/coreondu.world\/en\/wp-json\/wp\/v2\/comments?post=1283"}],"version-history":[{"count":0,"href":"https:\/\/coreondu.world\/en\/wp-json\/wp\/v2\/posts\/1283\/revisions"}],"wp:featuredmedia":[{"embeddable":true,"href":"https:\/\/coreondu.world\/en\/wp-json\/wp\/v2\/media\/1284"}],"wp:attachment":[{"href":"https:\/\/coreondu.world\/en\/wp-json\/wp\/v2\/media?parent=1283"}],"wp:term":[{"taxonomy":"category","embeddable":true,"href":"https:\/\/coreondu.world\/en\/wp-json\/wp\/v2\/categories?post=1283"},{"taxonomy":"post_tag","embeddable":true,"href":"https:\/\/coreondu.world\/en\/wp-json\/wp\/v2\/tags?post=1283"}],"curies":[{"name":"wp","href":"https:\/\/api.w.org\/{rel}","templated":true}]}}