{"id":1160,"date":"2024-03-22T12:10:37","date_gmt":"2024-03-22T11:10:37","guid":{"rendered":"https:\/\/coreondu.world\/?p=1160"},"modified":"2024-03-22T14:12:52","modified_gmt":"2024-03-22T13:12:52","slug":"te-acuerdas-de-windeck-la-precuela-de-la-telenovela-de-rtp-ya-se-ha-estrenado","status":"publish","type":"post","link":"https:\/\/coreondu.world\/en\/te-acuerdas-de-windeck-la-precuela-de-la-telenovela-de-rtp-ya-se-ha-estrenado\/","title":{"rendered":"Remember \"Windeck\"? The prequel to the RTP soap opera has already been released."},"content":{"rendered":"<p class=\"has-luminous-vivid-orange-color has-text-color has-medium-font-size\"><strong>It is entitled \"The Origin of Ambition\" and came on Angolan television this year to reveal the dark past of the Voss family.<\/strong><\/p>\n\n\n\n<p>The soap opera \"Windeck\" was an independent production that premiered in Angola more than ten years ago, in 2012. The following year, it was broadcast on RTP1. In between, it became a huge phenomenon in other parts of the world, such as Brazil and France. Here, it captivated hundreds of thousands of Portuguese, who followed closely what people are able to do to get rich quickly and easily.<\/p>\n\n\n\n<p>More than a decade later, a new film inspired by that universe has finally arrived. It is a prequel, the first episode of which premiered on 22 January in Angola on South African broadcaster DSTV's Kwenda Magic channel.<\/p>\n\n\n\n<p>This comeback makes perfect sense.  After all, it has been broadcast countless times on various international channels \"and has taken on a life of its own on social media,\" Cor\u00e9on D\u00fa, producer, director and creator of the concept, explains to NiT. She adds: \"Lovers of the telenovela have been asking for the project to return in some form for several years. The idea of a prequel comes precisely because it opens up an interesting narrative opportunity by telling the backstory of some of the original version's favourite characters.\"<\/p>\n\n\n\n<p>So the fans were largely responsible for this return. That's also why the screenwriters decided to write a story that takes place before the original narrative, contrary to what many viewers might have expected. \"The inspiration came from the sense of nostalgia that the fans showed when they asked for it to come back,\" says the 39-year-old filmmaker.<\/p>\n\n\n\n<p><strong>Interestingly, the narrative begins right where the original ended: with the villainous Rosa Bettencourt in prison. Over the years, this character has become enigmatic, arousing more and more interest. In \"Windeck: The Origins of Ambition\" we will delve into the secrets of the past of the Voss family, who ran major media companies in the town where it all takes place. We will also get to know \"all the drama and toxicity of the relationship between the Vosses and Rosa\".<\/strong><strong><\/strong><\/p>\n\n\n\n<p>When the original episodes were written and produced between 2012 and 2013, Cor\u00e9on believed that the story was over, as it followed the classic format of beginning, middle and end. \"However, art takes on a life of its own when it starts to burn out. The big surprise was that we received positive feedback for a decade and thanks to social media we realised how much people of different nationalities, cultures and ages wanted a new telenovela.\"<\/p>\n\n\n\n<figure class=\"wp-block-embed is-type-video is-provider-youtube wp-block-embed-youtube wp-embed-aspect-16-9 wp-has-aspect-ratio\"><div class=\"wp-block-embed__wrapper\">\n<iframe title=\"Windeck - A Origem da Ambi\u00e7\u00e3o&quot; the new novel by Kwenda Magic.\" width=\"960\" height=\"540\" src=\"https:\/\/www.youtube.com\/embed\/9iAwS1G9F5A?feature=oembed\" frameborder=\"0\" allow=\"accelerometer; autoplay; clipboard-write; encrypted-media; gyroscope; picture-in-picture; web-share\" allowfullscreen><\/iframe>\n<\/div><\/figure>\n\n\n\n<p>In fact, the play went viral on TikTok during the Covid-19 pandemic. With most of the population locked indoors, different videos of key moments of the phenomenon began to be shared. \"It's a very pleasant surprise when a creation acquires this kind of longevity so unexpectedly\".<\/p>\n\n\n\n<p>This new part of the story will have 170 episodes. Filming began early last year, but the idea was in the director's head long before that. The road, unfortunately, was not an easy one, and choosing the perfect cast proved to be an arduous task.<\/p>\n\n\n\n<p>\"It was a big challenge, because it was important for us to find young talent that captured the spirit of the original actors,\" he explains. For \"The Origin of Ambition\", Cor\u00e9on D\u00fa chose names of reference in PALOP and Portugal. Grace Mendes, for example, appeared in the soap operas \"Nazar\u00e9\" and \"Amor Amor\".<\/p>\n\n\n\n<p>At the moment, it is not known whether this new adaptation will be broadcast in Portugal, but Cor\u00e9on D\u00fa is hopeful that it will. In Portugal, the Angolan author has already worked on productions of RTP's \"Voo Directo\" and TVI's \"\u00danica Mulher\".<\/p>\n\n\n\n<p>\"I hope there will soon be an opportunity to share 'Windeck: the origin of ambition' in Portugal,\" he confesses.<\/p>\n\n\n\n<p>The future of the soap opera may be dark, but it is already a hit, and not just with the original fans. \"It's been interesting because there are two generations of viewers. Those who know and discover the past of their favourite characters, and those who are seeing them for the first time. Being able to get feedback from viewers on social media has been a very interesting and educational dynamic.\"<\/p>\n\n\n\n<div class=\"wp-block-buttons is-content-justification-center is-layout-flex wp-container-core-buttons-is-layout-16018d1d wp-block-buttons-is-layout-flex\">\n<div class=\"wp-block-button\"><a class=\"wp-block-button__link has-white-color has-luminous-vivid-orange-background-color has-text-color has-background wp-element-button\" href=\"https:\/\/coreondu.world\/en\/proyectos\/.\/\">see more projects<\/a><\/div>\n<\/div>","protected":false},"excerpt":{"rendered":"<p>Se titula \u00abEl origen de la ambici\u00f3n\u00bb y lleg\u00f3 este a\u00f1o a la televisi\u00f3n angole\u00f1a para revelar el oscuro pasado de la familia Voss. La telenovela \u00abWindeck\u00bb fue una producci\u00f3n independiente que se estren\u00f3 en Angola hace m\u00e1s de diez a\u00f1os, en 2012. Al a\u00f1o siguiente, se emiti\u00f3 en RTP1. Entre medias, se convirti\u00f3 en un gran fen\u00f3meno en otras partes del mundo, como Brasil y Francia. Aqu\u00ed, cautiv\u00f3 a cientos de miles de portugueses, que siguieron de cerca lo que la gente es capaz de hacer para conseguir riqueza de forma r\u00e1pida y f\u00e1cil. M\u00e1s de una d\u00e9cada despu\u00e9s, por fin ha llegado una nueva pel\u00edcula inspirada en ese universo. Se trata de una precuela, cuyo primer episodio se estren\u00f3 el 22 de enero en Angola en el canal Kwenda Magic del operador sudafricano DSTV. Este regreso tiene mucho sentido.&nbsp; Despu\u00e9s de todo, se ha emitido innumerables veces en varios canales internacionales \u00aby ha cobrado vida propia en las redes sociales\u00bb, explica a NiT Cor\u00e9on D\u00fa, productora, directora y creadora del concepto. Y a\u00f1ade: \u00abLos amantes de la telenovela llevan varios a\u00f1os pidiendo que el proyecto vuelva de alguna forma. La idea de una precuela surge precisamente porque abre una oportunidad narrativa interesante al contar la historia de fondo de algunos de los personajes favoritos de la versi\u00f3n original.\u00bb As\u00ed que los fans fueron en gran parte responsables de este regreso. Tambi\u00e9n por eso los guionistas decidieron escribir una historia que tiene lugar antes de la narraci\u00f3n original, contrariamente a lo que muchos espectadores podr\u00edan haber esperado. \u00abLa inspiraci\u00f3n vino del sentimiento de nostalgia que mostraron los fans cuando pidieron que volviera\u00bb, dice el cineasta de 39 a\u00f1os. Curiosamente, la narraci\u00f3n comienza justo donde termin\u00f3 la original: con la villana Rosa Bettencourt en prisi\u00f3n. Durante a\u00f1os, este personaje se ha vuelto enigm\u00e1tico, despertando cada vez m\u00e1s inter\u00e9s. En \u00abWindeck: el origen de la ambici\u00f3n\u00bb nos adentraremos en los secretos del pasado de la familia Voss, que dirigi\u00f3 importantes empresas de comunicaci\u00f3n en la ciudad donde se desarrolla todo. Tambi\u00e9n conoceremos \u00abtodo el drama y la toxicidad de la relaci\u00f3n entre los Voss y Rosa\u00bb. Cuando se escribieron y produjeron los episodios originales entre 2012 y 2013, Cor\u00e9on cre\u00eda que la historia hab\u00eda terminado, ya que segu\u00eda el formato cl\u00e1sico de principio, nudo y desenlace. \u00abSin embargo, el arte cobra vida propia cuando empieza a consumirse. La gran sorpresa fue que recibimos comentarios positivos durante una d\u00e9cada y gracias a las redes sociales nos dimos cuenta de lo mucho que personas de diferentes nacionalidades, culturas y edades quer\u00edan una nueva telenovela.\u00bb De hecho, la obra se hizo viral en TikTok durante la pandemia de Covid-19. Con la mayor parte de la poblaci\u00f3n encerrada en casa, se empezaron a compartir diferentes v\u00eddeos de momentos clave del fen\u00f3meno. \u00abEs una sorpresa muy agradable cuando una creaci\u00f3n adquiere este tipo de longevidad de forma tan inesperada\u00bb. Esta nueva parte de la historia tendr\u00e1 170 episodios. La grabaci\u00f3n comenz\u00f3 a principios del a\u00f1o pasado, pero la idea estaba en la cabeza del director mucho antes. El camino, por desgracia, no fue f\u00e1cil, y la elecci\u00f3n del reparto perfecto result\u00f3 ser una ardua tarea. \u00abFue un gran reto, porque para nosotros era importante encontrar j\u00f3venes talentos que captaran el esp\u00edritu de los actores originales\u00bb, explica. Para \u00abEl origen de la ambici\u00f3n\u00bb, Cor\u00e9on D\u00fa eligi\u00f3 nombres de referencia en PALOP y Portugal. Grace Mendes, por ejemplo, apareci\u00f3 en las telenovelas \u00abNazar\u00e9\u00bb y \u00abAmor Amor\u00bb. De momento, se desconoce si esta nueva adaptaci\u00f3n se emitir\u00e1 en Portugal, pero Cor\u00e9on D\u00fa tiene esperanzas de que as\u00ed sea. En Portugal, la autora angole\u00f1a ya ha trabajado en producciones de \u00abVoo Directo\u00bb, de RTP, y \u00ab\u00danica Mulher\u00bb, de TVI. \u00abEspero que pronto haya una oportunidad de compartir &#8216;Windeck: el origen de la ambici\u00f3n&#8217; en Portugal\u00bb, confiesa. El futuro de la telenovela puede ser oscuro, pero ya est\u00e1 siendo un \u00e9xito, y no s\u00f3lo entre los fans originales. \u00abHa sido interesante porque hay dos generaciones de espectadores. Los que conocen y descubren el pasado de sus personajes favoritos, y los que los ven por primera vez. El hecho de poder recibir comentarios de los espectadores en las redes sociales ha sido una din\u00e1mica muy interesante y educativa\u00bb.<\/p>","protected":false},"author":1,"featured_media":1167,"comment_status":"open","ping_status":"open","sticky":false,"template":"","format":"standard","meta":{"footnotes":""},"categories":[11],"tags":[22,21],"class_list":["post-1160","post","type-post","status-publish","format-standard","has-post-thumbnail","hentry","category-we-du","tag-produccion","tag-windeck"],"yoast_head":"<!-- This site is optimized with the Yoast SEO plugin v27.1.1 - https:\/\/yoast.com\/product\/yoast-seo-wordpress\/ -->\n<title>\u00bfTe acuerdas de &quot;Windeck&quot;? La precuela de la telenovela de RTP ya se ha estrenado - Coreon Du<\/title>\n<meta name=\"description\" content=\"La telenovela &quot;Windeck&quot; fue una producci\u00f3n independiente que se estren\u00f3 en Angola hace m\u00e1s de diez a\u00f1os.\" \/>\n<meta name=\"robots\" content=\"index, follow, max-snippet:-1, max-image-preview:large, max-video-preview:-1\" \/>\n<link rel=\"canonical\" href=\"https:\/\/coreondu.world\/en\/te-acuerdas-de-windeck-la-precuela-de-la-telenovela-de-rtp-ya-se-ha-estrenado\/\" \/>\n<meta property=\"og:locale\" content=\"en_GB\" \/>\n<meta property=\"og:type\" content=\"article\" \/>\n<meta property=\"og:title\" content=\"\u00bfTe acuerdas de &quot;Windeck&quot;? La precuela de la telenovela de RTP ya se ha estrenado - Coreon Du\" \/>\n<meta property=\"og:description\" content=\"La telenovela &quot;Windeck&quot; fue una producci\u00f3n independiente que se estren\u00f3 en Angola hace m\u00e1s de diez a\u00f1os.\" \/>\n<meta property=\"og:url\" content=\"https:\/\/coreondu.world\/en\/te-acuerdas-de-windeck-la-precuela-de-la-telenovela-de-rtp-ya-se-ha-estrenado\/\" \/>\n<meta property=\"og:site_name\" content=\"Coreon Du\" \/>\n<meta property=\"article:publisher\" content=\"https:\/\/www.facebook.com\/CoreonDuOficial\/\" \/>\n<meta property=\"article:published_time\" content=\"2024-03-22T11:10:37+00:00\" \/>\n<meta property=\"article:modified_time\" content=\"2024-03-22T13:12:52+00:00\" \/>\n<meta property=\"og:image\" content=\"https:\/\/coreondu.world\/wp-content\/uploads\/2024\/03\/Windeck-1.jpg\" \/>\n\t<meta property=\"og:image:width\" content=\"394\" \/>\n\t<meta property=\"og:image:height\" content=\"394\" \/>\n\t<meta property=\"og:image:type\" content=\"image\/jpeg\" \/>\n<meta name=\"author\" content=\"cdadmin\" \/>\n<meta name=\"twitter:card\" content=\"summary_large_image\" \/>\n<meta name=\"twitter:label1\" content=\"Written by\" \/>\n\t<meta name=\"twitter:data1\" content=\"cdadmin\" \/>\n\t<meta name=\"twitter:label2\" content=\"Estimated reading time\" \/>\n\t<meta name=\"twitter:data2\" content=\"4 minutes\" \/>\n<script type=\"application\/ld+json\" class=\"yoast-schema-graph\">{\"@context\":\"https:\/\/schema.org\",\"@graph\":[{\"@type\":\"Article\",\"@id\":\"https:\/\/coreondu.world\/te-acuerdas-de-windeck-la-precuela-de-la-telenovela-de-rtp-ya-se-ha-estrenado\/#article\",\"isPartOf\":{\"@id\":\"https:\/\/coreondu.world\/te-acuerdas-de-windeck-la-precuela-de-la-telenovela-de-rtp-ya-se-ha-estrenado\/\"},\"author\":{\"name\":\"cdadmin\",\"@id\":\"https:\/\/coreondu.world\/#\/schema\/person\/691e58ff59f3edb49ddce067d4d272f5\"},\"headline\":\"\u00bfTe acuerdas de \u00abWindeck\u00bb? La precuela de la telenovela de RTP ya se ha estrenado\",\"datePublished\":\"2024-03-22T11:10:37+00:00\",\"dateModified\":\"2024-03-22T13:12:52+00:00\",\"mainEntityOfPage\":{\"@id\":\"https:\/\/coreondu.world\/te-acuerdas-de-windeck-la-precuela-de-la-telenovela-de-rtp-ya-se-ha-estrenado\/\"},\"wordCount\":787,\"commentCount\":0,\"image\":{\"@id\":\"https:\/\/coreondu.world\/te-acuerdas-de-windeck-la-precuela-de-la-telenovela-de-rtp-ya-se-ha-estrenado\/#primaryimage\"},\"thumbnailUrl\":\"https:\/\/coreondu.world\/wp-content\/uploads\/2024\/03\/Windeck-1.jpg\",\"keywords\":[\"produccion\",\"windeck\"],\"articleSection\":[\"we d\u00fa\"],\"inLanguage\":\"en-GB\",\"potentialAction\":[{\"@type\":\"CommentAction\",\"name\":\"Comment\",\"target\":[\"https:\/\/coreondu.world\/te-acuerdas-de-windeck-la-precuela-de-la-telenovela-de-rtp-ya-se-ha-estrenado\/#respond\"]}]},{\"@type\":\"WebPage\",\"@id\":\"https:\/\/coreondu.world\/te-acuerdas-de-windeck-la-precuela-de-la-telenovela-de-rtp-ya-se-ha-estrenado\/\",\"url\":\"https:\/\/coreondu.world\/te-acuerdas-de-windeck-la-precuela-de-la-telenovela-de-rtp-ya-se-ha-estrenado\/\",\"name\":\"\u00bfTe acuerdas de \\\"Windeck\\\"? La precuela de la telenovela de RTP ya se ha estrenado - Coreon Du\",\"isPartOf\":{\"@id\":\"https:\/\/coreondu.world\/#website\"},\"primaryImageOfPage\":{\"@id\":\"https:\/\/coreondu.world\/te-acuerdas-de-windeck-la-precuela-de-la-telenovela-de-rtp-ya-se-ha-estrenado\/#primaryimage\"},\"image\":{\"@id\":\"https:\/\/coreondu.world\/te-acuerdas-de-windeck-la-precuela-de-la-telenovela-de-rtp-ya-se-ha-estrenado\/#primaryimage\"},\"thumbnailUrl\":\"https:\/\/coreondu.world\/wp-content\/uploads\/2024\/03\/Windeck-1.jpg\",\"datePublished\":\"2024-03-22T11:10:37+00:00\",\"dateModified\":\"2024-03-22T13:12:52+00:00\",\"author\":{\"@id\":\"https:\/\/coreondu.world\/#\/schema\/person\/691e58ff59f3edb49ddce067d4d272f5\"},\"description\":\"La telenovela \\\"Windeck\\\" fue una producci\u00f3n independiente que se estren\u00f3 en Angola hace m\u00e1s de diez a\u00f1os.\",\"breadcrumb\":{\"@id\":\"https:\/\/coreondu.world\/te-acuerdas-de-windeck-la-precuela-de-la-telenovela-de-rtp-ya-se-ha-estrenado\/#breadcrumb\"},\"inLanguage\":\"en-GB\",\"potentialAction\":[{\"@type\":\"ReadAction\",\"target\":[\"https:\/\/coreondu.world\/te-acuerdas-de-windeck-la-precuela-de-la-telenovela-de-rtp-ya-se-ha-estrenado\/\"]}]},{\"@type\":\"ImageObject\",\"inLanguage\":\"en-GB\",\"@id\":\"https:\/\/coreondu.world\/te-acuerdas-de-windeck-la-precuela-de-la-telenovela-de-rtp-ya-se-ha-estrenado\/#primaryimage\",\"url\":\"https:\/\/coreondu.world\/wp-content\/uploads\/2024\/03\/Windeck-1.jpg\",\"contentUrl\":\"https:\/\/coreondu.world\/wp-content\/uploads\/2024\/03\/Windeck-1.jpg\",\"width\":394,\"height\":394},{\"@type\":\"BreadcrumbList\",\"@id\":\"https:\/\/coreondu.world\/te-acuerdas-de-windeck-la-precuela-de-la-telenovela-de-rtp-ya-se-ha-estrenado\/#breadcrumb\",\"itemListElement\":[{\"@type\":\"ListItem\",\"position\":1,\"name\":\"Portada\",\"item\":\"https:\/\/coreondu.world\/\"},{\"@type\":\"ListItem\",\"position\":2,\"name\":\"\u00bfTe acuerdas de &#8220;Windeck&#8221;? La precuela de la telenovela de RTP ya se ha estrenado\"}]},{\"@type\":\"WebSite\",\"@id\":\"https:\/\/coreondu.world\/#website\",\"url\":\"https:\/\/coreondu.world\/\",\"name\":\"Cor\u00e9on D\u00fa\",\"description\":\"\",\"potentialAction\":[{\"@type\":\"SearchAction\",\"target\":{\"@type\":\"EntryPoint\",\"urlTemplate\":\"https:\/\/coreondu.world\/?s={search_term_string}\"},\"query-input\":{\"@type\":\"PropertyValueSpecification\",\"valueRequired\":true,\"valueName\":\"search_term_string\"}}],\"inLanguage\":\"en-GB\"},{\"@type\":\"Person\",\"@id\":\"https:\/\/coreondu.world\/#\/schema\/person\/691e58ff59f3edb49ddce067d4d272f5\",\"name\":\"cdadmin\",\"image\":{\"@type\":\"ImageObject\",\"inLanguage\":\"en-GB\",\"@id\":\"https:\/\/coreondu.world\/#\/schema\/person\/image\/\",\"url\":\"https:\/\/secure.gravatar.com\/avatar\/d78fbbfcc030af99a10288dbd9023b6010c263d71a385d314c112637d766131c?s=96&d=mm&r=g\",\"contentUrl\":\"https:\/\/secure.gravatar.com\/avatar\/d78fbbfcc030af99a10288dbd9023b6010c263d71a385d314c112637d766131c?s=96&d=mm&r=g\",\"caption\":\"cdadmin\"},\"sameAs\":[\"https:\/\/coreondu.world\"]}]}<\/script>\n<!-- \/ Yoast SEO plugin. -->","yoast_head_json":{"title":"\u00bfTe acuerdas de \"Windeck\"? La precuela de la telenovela de RTP ya se ha estrenado - Coreon Du","description":"La telenovela \"Windeck\" fue una producci\u00f3n independiente que se estren\u00f3 en Angola hace m\u00e1s de diez a\u00f1os.","robots":{"index":"index","follow":"follow","max-snippet":"max-snippet:-1","max-image-preview":"max-image-preview:large","max-video-preview":"max-video-preview:-1"},"canonical":"https:\/\/coreondu.world\/en\/te-acuerdas-de-windeck-la-precuela-de-la-telenovela-de-rtp-ya-se-ha-estrenado\/","og_locale":"en_GB","og_type":"article","og_title":"\u00bfTe acuerdas de \"Windeck\"? La precuela de la telenovela de RTP ya se ha estrenado - Coreon Du","og_description":"La telenovela \"Windeck\" fue una producci\u00f3n independiente que se estren\u00f3 en Angola hace m\u00e1s de diez a\u00f1os.","og_url":"https:\/\/coreondu.world\/en\/te-acuerdas-de-windeck-la-precuela-de-la-telenovela-de-rtp-ya-se-ha-estrenado\/","og_site_name":"Coreon Du","article_publisher":"https:\/\/www.facebook.com\/CoreonDuOficial\/","article_published_time":"2024-03-22T11:10:37+00:00","article_modified_time":"2024-03-22T13:12:52+00:00","og_image":[{"width":394,"height":394,"url":"https:\/\/coreondu.world\/wp-content\/uploads\/2024\/03\/Windeck-1.jpg","type":"image\/jpeg"}],"author":"cdadmin","twitter_card":"summary_large_image","twitter_misc":{"Written by":"cdadmin","Estimated reading time":"4 minutes"},"schema":{"@context":"https:\/\/schema.org","@graph":[{"@type":"Article","@id":"https:\/\/coreondu.world\/te-acuerdas-de-windeck-la-precuela-de-la-telenovela-de-rtp-ya-se-ha-estrenado\/#article","isPartOf":{"@id":"https:\/\/coreondu.world\/te-acuerdas-de-windeck-la-precuela-de-la-telenovela-de-rtp-ya-se-ha-estrenado\/"},"author":{"name":"cdadmin","@id":"https:\/\/coreondu.world\/#\/schema\/person\/691e58ff59f3edb49ddce067d4d272f5"},"headline":"\u00bfTe acuerdas de \u00abWindeck\u00bb? La precuela de la telenovela de RTP ya se ha estrenado","datePublished":"2024-03-22T11:10:37+00:00","dateModified":"2024-03-22T13:12:52+00:00","mainEntityOfPage":{"@id":"https:\/\/coreondu.world\/te-acuerdas-de-windeck-la-precuela-de-la-telenovela-de-rtp-ya-se-ha-estrenado\/"},"wordCount":787,"commentCount":0,"image":{"@id":"https:\/\/coreondu.world\/te-acuerdas-de-windeck-la-precuela-de-la-telenovela-de-rtp-ya-se-ha-estrenado\/#primaryimage"},"thumbnailUrl":"https:\/\/coreondu.world\/wp-content\/uploads\/2024\/03\/Windeck-1.jpg","keywords":["produccion","windeck"],"articleSection":["we d\u00fa"],"inLanguage":"en-GB","potentialAction":[{"@type":"CommentAction","name":"Comment","target":["https:\/\/coreondu.world\/te-acuerdas-de-windeck-la-precuela-de-la-telenovela-de-rtp-ya-se-ha-estrenado\/#respond"]}]},{"@type":"WebPage","@id":"https:\/\/coreondu.world\/te-acuerdas-de-windeck-la-precuela-de-la-telenovela-de-rtp-ya-se-ha-estrenado\/","url":"https:\/\/coreondu.world\/te-acuerdas-de-windeck-la-precuela-de-la-telenovela-de-rtp-ya-se-ha-estrenado\/","name":"\u00bfTe acuerdas de \"Windeck\"? La precuela de la telenovela de RTP ya se ha estrenado - Coreon Du","isPartOf":{"@id":"https:\/\/coreondu.world\/#website"},"primaryImageOfPage":{"@id":"https:\/\/coreondu.world\/te-acuerdas-de-windeck-la-precuela-de-la-telenovela-de-rtp-ya-se-ha-estrenado\/#primaryimage"},"image":{"@id":"https:\/\/coreondu.world\/te-acuerdas-de-windeck-la-precuela-de-la-telenovela-de-rtp-ya-se-ha-estrenado\/#primaryimage"},"thumbnailUrl":"https:\/\/coreondu.world\/wp-content\/uploads\/2024\/03\/Windeck-1.jpg","datePublished":"2024-03-22T11:10:37+00:00","dateModified":"2024-03-22T13:12:52+00:00","author":{"@id":"https:\/\/coreondu.world\/#\/schema\/person\/691e58ff59f3edb49ddce067d4d272f5"},"description":"La telenovela \"Windeck\" fue una producci\u00f3n independiente que se estren\u00f3 en Angola hace m\u00e1s de diez a\u00f1os.","breadcrumb":{"@id":"https:\/\/coreondu.world\/te-acuerdas-de-windeck-la-precuela-de-la-telenovela-de-rtp-ya-se-ha-estrenado\/#breadcrumb"},"inLanguage":"en-GB","potentialAction":[{"@type":"ReadAction","target":["https:\/\/coreondu.world\/te-acuerdas-de-windeck-la-precuela-de-la-telenovela-de-rtp-ya-se-ha-estrenado\/"]}]},{"@type":"ImageObject","inLanguage":"en-GB","@id":"https:\/\/coreondu.world\/te-acuerdas-de-windeck-la-precuela-de-la-telenovela-de-rtp-ya-se-ha-estrenado\/#primaryimage","url":"https:\/\/coreondu.world\/wp-content\/uploads\/2024\/03\/Windeck-1.jpg","contentUrl":"https:\/\/coreondu.world\/wp-content\/uploads\/2024\/03\/Windeck-1.jpg","width":394,"height":394},{"@type":"BreadcrumbList","@id":"https:\/\/coreondu.world\/te-acuerdas-de-windeck-la-precuela-de-la-telenovela-de-rtp-ya-se-ha-estrenado\/#breadcrumb","itemListElement":[{"@type":"ListItem","position":1,"name":"Portada","item":"https:\/\/coreondu.world\/"},{"@type":"ListItem","position":2,"name":"\u00bfTe acuerdas de &#8220;Windeck&#8221;? La precuela de la telenovela de RTP ya se ha estrenado"}]},{"@type":"WebSite","@id":"https:\/\/coreondu.world\/#website","url":"https:\/\/coreondu.world\/","name":"Cor\u00e9on D\u00fa","description":"","potentialAction":[{"@type":"SearchAction","target":{"@type":"EntryPoint","urlTemplate":"https:\/\/coreondu.world\/?s={search_term_string}"},"query-input":{"@type":"PropertyValueSpecification","valueRequired":true,"valueName":"search_term_string"}}],"inLanguage":"en-GB"},{"@type":"Person","@id":"https:\/\/coreondu.world\/#\/schema\/person\/691e58ff59f3edb49ddce067d4d272f5","name":"cdadmin","image":{"@type":"ImageObject","inLanguage":"en-GB","@id":"https:\/\/coreondu.world\/#\/schema\/person\/image\/","url":"https:\/\/secure.gravatar.com\/avatar\/d78fbbfcc030af99a10288dbd9023b6010c263d71a385d314c112637d766131c?s=96&d=mm&r=g","contentUrl":"https:\/\/secure.gravatar.com\/avatar\/d78fbbfcc030af99a10288dbd9023b6010c263d71a385d314c112637d766131c?s=96&d=mm&r=g","caption":"cdadmin"},"sameAs":["https:\/\/coreondu.world"]}]}},"_links":{"self":[{"href":"https:\/\/coreondu.world\/en\/wp-json\/wp\/v2\/posts\/1160","targetHints":{"allow":["GET"]}}],"collection":[{"href":"https:\/\/coreondu.world\/en\/wp-json\/wp\/v2\/posts"}],"about":[{"href":"https:\/\/coreondu.world\/en\/wp-json\/wp\/v2\/types\/post"}],"author":[{"embeddable":true,"href":"https:\/\/coreondu.world\/en\/wp-json\/wp\/v2\/users\/1"}],"replies":[{"embeddable":true,"href":"https:\/\/coreondu.world\/en\/wp-json\/wp\/v2\/comments?post=1160"}],"version-history":[{"count":0,"href":"https:\/\/coreondu.world\/en\/wp-json\/wp\/v2\/posts\/1160\/revisions"}],"wp:featuredmedia":[{"embeddable":true,"href":"https:\/\/coreondu.world\/en\/wp-json\/wp\/v2\/media\/1167"}],"wp:attachment":[{"href":"https:\/\/coreondu.world\/en\/wp-json\/wp\/v2\/media?parent=1160"}],"wp:term":[{"taxonomy":"category","embeddable":true,"href":"https:\/\/coreondu.world\/en\/wp-json\/wp\/v2\/categories?post=1160"},{"taxonomy":"post_tag","embeddable":true,"href":"https:\/\/coreondu.world\/en\/wp-json\/wp\/v2\/tags?post=1160"}],"curies":[{"name":"wp","href":"https:\/\/api.w.org\/{rel}","templated":true}]}}